{"id":91926,"date":"2025-11-16T21:34:08","date_gmt":"2025-11-16T21:34:08","guid":{"rendered":"https:\/\/www.europesays.com\/fi\/91926\/"},"modified":"2025-11-16T21:34:08","modified_gmt":"2025-11-16T21:34:08","slug":"ecuadorilainen-rikollispomo-lavasti-kuolemansa-mutta-loytyi-vuosien-jalkeen-espanjasta-uutisia-lyhyesti","status":"publish","type":"post","link":"https:\/\/www.europesays.com\/fi\/91926\/","title":{"rendered":"Ecuadorilainen rikollispomo lavasti kuolemansa, mutta l\u00f6ytyi vuosien j\u00e4lkeen Espanjasta | Uutisia lyhyesti"},"content":{"rendered":"<p class=\"aw-1gybjub aw-1p7kakr kEtdKx cEmitX yle__article__paragraph\">Yksi Ecuadorin etsityimmist\u00e4 rikollisj\u00e4rjest\u00f6n johtajista otettiin kiinni sunnuntaina Espanjassa. Vuosia aiemmin h\u00e4n oli lavastanut kuolemansa ja muuttanut Espanjaan.<\/p>\n<p class=\"aw-1gybjub aw-1p7kakr kEtdKx cEmitX yle__article__paragraph\">Ecuadorin presidentin <strong class=\"aw-ak79eh KyCXm yle__article__strong\">Daniel Noboan<\/strong> mukaan mies otettiin kiinni sunnuntaina Malagassa.<\/p>\n<p class=\"aw-1gybjub aw-1p7kakr kEtdKx cEmitX yle__article__paragraph\">Miehen ep\u00e4ill\u00e4\u00e4n johtaneen Los Lobos -nimist\u00e4 rikollisj\u00e4rjest\u00f6\u00e4 Ecuadorissa. Los Lobos on syyllistynyt muun muassa huumekauppaan ja poliittisiin salamurhiin. Yhdysvallat luokitteli Los Lobosin terroristij\u00e4rjest\u00f6ksi syyskuussa.<\/p>\n<p class=\"aw-1gybjub aw-1p7kakr kEtdKx cEmitX yle__article__paragraph\">Noboan mukaan vuonna 2021 mies lavasti kuolemansa, hankki itselleen uuden identiteetin ja muutti Espanjaan. Sielt\u00e4 k\u00e4sin h\u00e4n jatkoi huumesalakuljetusten ja salamurhien j\u00e4rjest\u00e4mist\u00e4.<\/p>\n<p class=\"aw-1gybjub aw-1p7kakr kEtdKx cEmitX yle__article__paragraph\">L\u00e4hteet: AP, Reuters<\/p>\n","protected":false},"excerpt":{"rendered":"Yksi Ecuadorin etsityimmist\u00e4 rikollisj\u00e4rjest\u00f6n johtajista otettiin kiinni sunnuntaina Espanjassa. Vuosia aiemmin h\u00e4n oli lavastanut kuolemansa ja muuttanut Espanjaan.&hellip;\n","protected":false},"author":2,"featured_media":74,"comment_status":"","ping_status":"","sticky":false,"template":"","format":"standard","meta":{"footnotes":""},"categories":[14],"tags":[22,23,539,1826,26,27,33,31,30,17,24,25,28,29,15,18,21,581,32,19,20,56,16,59,60,61],"class_list":{"0":"post-91926","1":"post","2":"type-post","3":"status-publish","4":"format-standard","5":"has-post-thumbnail","7":"category-ulkomaat","8":"tag-breaking-news","9":"tag-breakingnews","10":"tag-ecuador","11":"tag-etela-amerikka","12":"tag-featured-news","13":"tag-featurednews","14":"tag-fi","15":"tag-finland","16":"tag-finnish","17":"tag-headlines","18":"tag-latest-news","19":"tag-latestnews","20":"tag-main-news","21":"tag-mainnews","22":"tag-news","23":"tag-otsikot","24":"tag-paauutiset","25":"tag-rikokset","26":"tag-suomi","27":"tag-top-stories","28":"tag-topstories","29":"tag-ulkomaat","30":"tag-uutiset","31":"tag-world","32":"tag-world-news","33":"tag-worldnews"},"share_on_mastodon":{"url":"https:\/\/pubeurope.com\/@fi\/115561527156989747","error":""},"_links":{"self":[{"href":"https:\/\/www.europesays.com\/fi\/wp-json\/wp\/v2\/posts\/91926","targetHints":{"allow":["GET"]}}],"collection":[{"href":"https:\/\/www.europesays.com\/fi\/wp-json\/wp\/v2\/posts"}],"about":[{"href":"https:\/\/www.europesays.com\/fi\/wp-json\/wp\/v2\/types\/post"}],"author":[{"embeddable":true,"href":"https:\/\/www.europesays.com\/fi\/wp-json\/wp\/v2\/users\/2"}],"replies":[{"embeddable":true,"href":"https:\/\/www.europesays.com\/fi\/wp-json\/wp\/v2\/comments?post=91926"}],"version-history":[{"count":0,"href":"https:\/\/www.europesays.com\/fi\/wp-json\/wp\/v2\/posts\/91926\/revisions"}],"wp:featuredmedia":[{"embeddable":true,"href":"https:\/\/www.europesays.com\/fi\/wp-json\/wp\/v2\/media\/74"}],"wp:attachment":[{"href":"https:\/\/www.europesays.com\/fi\/wp-json\/wp\/v2\/media?parent=91926"}],"wp:term":[{"taxonomy":"category","embeddable":true,"href":"https:\/\/www.europesays.com\/fi\/wp-json\/wp\/v2\/categories?post=91926"},{"taxonomy":"post_tag","embeddable":true,"href":"https:\/\/www.europesays.com\/fi\/wp-json\/wp\/v2\/tags?post=91926"}],"curies":[{"name":"wp","href":"https:\/\/api.w.org\/{rel}","templated":true}]}}