{"id":91927,"date":"2025-11-16T21:35:08","date_gmt":"2025-11-16T21:35:08","guid":{"rendered":"https:\/\/www.europesays.com\/fi\/91927\/"},"modified":"2025-11-16T21:35:08","modified_gmt":"2025-11-16T21:35:08","slug":"konkaripoliitikko-jarkyttyi-kotiryhmastaan-heitimme-vauvan-ulos-ikkunasta","status":"publish","type":"post","link":"https:\/\/www.europesays.com\/fi\/91927\/","title":{"rendered":"Konkaripoliitikko j\u00e4rkyttyi kotiryhm\u00e4st\u00e4\u00e4n \u2013 \u201dHeitimme vauvan ulos ikkunasta\u201d"},"content":{"rendered":"<p>Sirpa Pietik\u00e4inen parlamenttiryhm\u00e4 teki historiallista yhteisty\u00f6t\u00e4 laitaoikeiston kanssa.<\/p>\n<p>Lue tiivistelm\u00e4<\/p>\n<p>Tiivistelm\u00e4 on teko\u00e4lyn tekem\u00e4 ja ihmisen tarkistama.<\/p>\n<p class=\"article-body mb-nof-24 px-nof-16 sndp-summary-bullet-point-font\">Europarlamentaarikko Sirpa Pietik\u00e4inen kritisoi ankarasti parlamenttiryhm\u00e4\u00e4ns\u00e4 EPP:t\u00e4, joka tuki yritysvastuulain kevent\u00e4mist\u00e4 yhdess\u00e4 laitaoikeiston kanssa.<\/p>\n<p class=\"article-body mb-nof-24 px-nof-16 sndp-summary-bullet-point-font\">Pietik\u00e4inen sanoo blogikirjoituksessaan, ett\u00e4 muutokset kaventavat raportointivelvollisten yritysten m\u00e4\u00e4r\u00e4n promilleen eurooppalaisista yrityksista.<\/p>\n<p class=\"article-body mb-nof-24 px-nof-16 sndp-summary-bullet-point-font\">H\u00e4n kertoo, ettei voinut \u00e4\u00e4nest\u00e4\u00e4 kotipuolueensa linjan mukaisesti, toisin kuin muut suomalaiset kokoomusmepit Aaltola, Salla ja Toveri.<\/p>\n<p class=\"article-body mb-nof-24 px-nof-16 sndp-summary-bullet-point-font\">Pietik\u00e4inen varoittaa, ett\u00e4 p\u00e4\u00e4t\u00f6s heikent\u00e4\u00e4 yritysten velvollisuutta ehk\u00e4ist\u00e4 ymp\u00e4rist\u00f6- ja ihmisoikeushaittoja kasvavien ilmastoriskien aikana.<\/p>\n<p class=\"article-body mb-nof-24 px-nof-16\">Europarlamentaarikko <a class=\"article-personlink\" href=\"https:\/\/www.is.fi\/haku\/?query=Sirpa%20Pietik%C3%A4inen\" rel=\"nofollow noopener\" target=\"_blank\">Sirpa Pietik\u00e4inen<\/a> (kok) lataa <a class=\"article-genericlink\" href=\"https:\/\/www.sirpapietikainen.net\/isa-anna-heille-anteeksi-silla-he-eivat-tieda-mita-he-tekevat\/\" rel=\"nofollow noopener\" target=\"_blank\">blogissaan<\/a> tyly\u00e4 kritiikki\u00e4 omasta parlamentti\u00adryhm\u00e4st\u00e4\u00e4n.<\/p>\n<p class=\"article-body mb-nof-24 px-nof-16\">Pietik\u00e4isen parlamenttiryhm\u00e4 EPP puolsi laitaoikeiston tavoin heikennyksi\u00e4 yritysvastuulain\u00ads\u00e4\u00e4d\u00e4nt\u00f6\u00f6n. Pietik\u00e4inen kertoo, ett\u00e4 samalla kavennettiin raportointivelvollisten yritysten m\u00e4\u00e4r\u00e4 noin promilleen eurooppalaisista yrityksist\u00e4.<\/p>\n<p class=\"article-body mb-nof-24 px-nof-16\">\u2013 Olen seurannut kauhistuneena ja j\u00e4rkyttyneen\u00e4 t\u00e4t\u00e4 populistista yritysraportointivihaa, jonka pauloihin parlamentin oikeistoenemmist\u00f6 on hullaantunut, Pietik\u00e4inen kirjoittaa.<\/p>\n<p class=\"article-body mb-nof-24 px-nof-16\">Yritysvastuulain ideana on varmistaa, ett\u00e4 suuret yritykset toimivat reilusti ja vastuullisesti. Lains\u00e4\u00e4d\u00e4nt\u00f6 velvoittaa Euroopassa liikevaihtoa tekevi\u00e4 yrityksi\u00e4 huomioimaan ja ehk\u00e4isem\u00e4\u00e4n ymp\u00e4rist\u00f6\u00f6n sek\u00e4 ihmisoikeuksiin kohdistuvaa haittaa.<\/p>\n<p class=\"article-body mb-nof-24 px-nof-16\">Komissio on kuitenkin pyrkinyt yksinkertaistamaan s\u00e4\u00e4ntely\u00e4 ja kevent\u00e4m\u00e4\u00e4n yritysten hallinnollista taakkaa. EPP teki yhteisty\u00f6t\u00e4 poikkeuksellisesti laitaoikeistolaisen Euroopan patriootit -ryhm\u00e4n kanssa saadakseen helpotukset l\u00e4pi.<\/p>\n<p class=\"article-body mb-nof-24 px-nof-16\">Konkaripoliitikko Pietik\u00e4inen kuvailee kehityst\u00e4 \u201dyritysten arvoketjun huolellisuus\u00advelvollisuuden\u201d l\u00e4hes t\u00e4ydelliseksi \u201dvesitt\u00e4miseksi\u201d.<\/p>\n<p class=\"article-body mb-nof-24 px-nof-16\">Pietik\u00e4inen syytt\u00e4\u00e4 lains\u00e4\u00e4d\u00e4nn\u00f6st\u00e4 vastaavia meppej\u00e4 siit\u00e4, ett\u00e4 n\u00e4m\u00e4 kielt\u00e4ytyiv\u00e4t keskustelemasta huolestuneiden yritysten ja rahoitusalan kanssa. H\u00e4n kirjoittaa, ett\u00e4 yritysvastuulains\u00e4\u00e4d\u00e4nt\u00f6\u00e4 ei ole valmisteltu ideologisista syist\u00e4, vaan siksi, ett\u00e4 yrityksi\u00e4 uhkaavat ilmasto- ja luontoriskit kasvavat nopeasti.<\/p>\n<p class=\"article-body mb-nof-24 px-nof-16\">\u2013 Tosiasiallisesti t\u00e4m\u00e4 johti tilan ja \u00e4\u00e4nen antamiseen auringonlaskun yrityksille.<\/p>\n<p class=\"article-body mb-nof-24 px-nof-16\">\u2013 Emme siis heit\u00e4 lasta pois pesuveden mukana, vaan heitimme vauvan ulos ikkunasta ja likavesi j\u00e4i sankoomme.<\/p>\n<p class=\"article-body mb-nof-24 px-nof-16\">Pietik\u00e4inen varoittaa talousj\u00e4rjestelm\u00e4n romahtamisesta kymmenen vuoden p\u00e4\u00e4st\u00e4, kun ilmastoriskit manifestoituvat.<\/p>\n<p class=\"article-body mb-nof-24 px-nof-16\">Muut kokoomuksen suomalaismepit <a class=\"article-personlink\" href=\"https:\/\/www.is.fi\/haku\/?query=Mika%20Aaltola\" rel=\"nofollow noopener\" target=\"_blank\">Mika Aaltola<\/a>, <a class=\"article-personlink\" href=\"https:\/\/www.is.fi\/haku\/?query=Aura%20Salla\" rel=\"nofollow noopener\" target=\"_blank\">Aura Salla<\/a> ja <a class=\"article-personlink\" href=\"https:\/\/www.is.fi\/haku\/?query=Pekka%20Toveri\" rel=\"nofollow noopener\" target=\"_blank\">Pekka Toveri <\/a>puolsivat lievennyksi\u00e4 yritysvastuulakiin. Pietik\u00e4inen sanoo, ettei voinut \u00e4\u00e4nest\u00e4\u00e4 EPP:n linjan mukaisesti.<\/p>\n<p class=\"article-body mb-nof-24 px-nof-16\">\u2013 En voi tukea t\u00e4llaista politiikkaa, joka ei pohjaudu tosiasioihin ja faktoihin.<\/p>\n<p class=\"article-body mb-nof-24 px-nof-16\">\u2013 Mik\u00e4li haluamme keskustaoikeistolaista vakaata yhteiskuntakehityst\u00e4, meid\u00e4n on oltava se j\u00e4rkev\u00e4 keskustaoikeisto, jonka kanssa voi tehd\u00e4 yhteisty\u00f6t\u00e4.<\/p>\n<p class=\"article-body mb-nof-24 px-nof-16\"><a class=\"article-genericlink\" href=\"https:\/\/www.politico.eu\/article\/european-parliament-far-right-conservatives-cordon-sanitaire\/\" rel=\"nofollow noopener\" target=\"_blank\">Politico<\/a> kuvaili, ett\u00e4 Euroopan parlamentissa koettiin torstaina k\u00e4\u00e4nnekohta, kun keskustaoikeistolainen EPP-ryhm\u00e4 \u00e4\u00e4nesti laitaoikeiston kanssa vihreit\u00e4 s\u00e4\u00e4nt\u00f6j\u00e4 kevent\u00e4vien muutosten puolesta.<\/p>\n<p class=\"article-body mb-nof-24 px-nof-16\">Lehden mukaan p\u00e4\u00e4t\u00f6s rikkoi vuosikymmeni\u00e4 vallinneen cordon sanitaire -periaatteen, jossa keskustapuo\u00adlueet ovat pit\u00e4neet \u00e4\u00e4rioikeiston p\u00e4\u00e4t\u00f6ksenteon ulkopuolella.<\/p>\n","protected":false},"excerpt":{"rendered":"Sirpa Pietik\u00e4inen parlamenttiryhm\u00e4 teki historiallista yhteisty\u00f6t\u00e4 laitaoikeiston kanssa. Lue tiivistelm\u00e4 Tiivistelm\u00e4 on teko\u00e4lyn tekem\u00e4 ja ihmisen tarkistama. Europarlamentaarikko&hellip;\n","protected":false},"author":2,"featured_media":91928,"comment_status":"","ping_status":"","sticky":false,"template":"","format":"standard","meta":{"footnotes":""},"categories":[12],"tags":[22,23,26,27,33,31,30,17,34,24,25,28,29,15,18,21,32,19,20,16],"class_list":{"0":"post-91927","1":"post","2":"type-post","3":"status-publish","4":"format-standard","5":"has-post-thumbnail","7":"category-suomi","8":"tag-breaking-news","9":"tag-breakingnews","10":"tag-featured-news","11":"tag-featurednews","12":"tag-fi","13":"tag-finland","14":"tag-finnish","15":"tag-headlines","16":"tag-ilta-sanomat","17":"tag-latest-news","18":"tag-latestnews","19":"tag-main-news","20":"tag-mainnews","21":"tag-news","22":"tag-otsikot","23":"tag-paauutiset","24":"tag-suomi","25":"tag-top-stories","26":"tag-topstories","27":"tag-uutiset"},"share_on_mastodon":{"url":"https:\/\/pubeurope.com\/@fi\/115561530957549068","error":""},"_links":{"self":[{"href":"https:\/\/www.europesays.com\/fi\/wp-json\/wp\/v2\/posts\/91927","targetHints":{"allow":["GET"]}}],"collection":[{"href":"https:\/\/www.europesays.com\/fi\/wp-json\/wp\/v2\/posts"}],"about":[{"href":"https:\/\/www.europesays.com\/fi\/wp-json\/wp\/v2\/types\/post"}],"author":[{"embeddable":true,"href":"https:\/\/www.europesays.com\/fi\/wp-json\/wp\/v2\/users\/2"}],"replies":[{"embeddable":true,"href":"https:\/\/www.europesays.com\/fi\/wp-json\/wp\/v2\/comments?post=91927"}],"version-history":[{"count":0,"href":"https:\/\/www.europesays.com\/fi\/wp-json\/wp\/v2\/posts\/91927\/revisions"}],"wp:featuredmedia":[{"embeddable":true,"href":"https:\/\/www.europesays.com\/fi\/wp-json\/wp\/v2\/media\/91928"}],"wp:attachment":[{"href":"https:\/\/www.europesays.com\/fi\/wp-json\/wp\/v2\/media?parent=91927"}],"wp:term":[{"taxonomy":"category","embeddable":true,"href":"https:\/\/www.europesays.com\/fi\/wp-json\/wp\/v2\/categories?post=91927"},{"taxonomy":"post_tag","embeddable":true,"href":"https:\/\/www.europesays.com\/fi\/wp-json\/wp\/v2\/tags?post=91927"}],"curies":[{"name":"wp","href":"https:\/\/api.w.org\/{rel}","templated":true}]}}