{"id":91931,"date":"2025-11-16T21:48:10","date_gmt":"2025-11-16T21:48:10","guid":{"rendered":"https:\/\/www.europesays.com\/fi\/91931\/"},"modified":"2025-11-16T21:48:10","modified_gmt":"2025-11-16T21:48:10","slug":"vappu-pimian-teemu-puoliso-kertoo-miten-reagoi-lopetuspaatokseen-ei-ei-ei","status":"publish","type":"post","link":"https:\/\/www.europesays.com\/fi\/91931\/","title":{"rendered":"Vappu Pimi\u00e4n Teemu-puoliso kertoo, miten reagoi lopetusp\u00e4\u00e4t\u00f6kseen: \u201dEi, ei, ei\u201d"},"content":{"rendered":"<p>Vappu Pimi\u00e4n Teemu-puoliso saapui kannustamaan vaimoaan sunnuntain Tanssii t\u00e4htien kanssa -l\u00e4hetykseen.<\/p>\n<p><img decoding=\"async\" class=\"image image-show image-preview\" src=\"https:\/\/www.europesays.com\/fi\/wp-content\/uploads\/2025\/11\/a71fbb92c409e2d5ae4547e1684b5f1aa6b2abfadc6087b28b49f65061d234f6.jpg\" alt=\"\"\/><img decoding=\"async\" class=\"image image-show\" src=\"https:\/\/www.europesays.com\/fi\/wp-content\/uploads\/2025\/11\/1763329690_84_a71fbb92c409e2d5ae4547e1684b5f1aa6b2abfadc6087b28b49f65061d234f6.jpg\" alt=\"\"\/><\/p>\n<p>Teemu Huuhtanen on ollut Vappu Pimi\u00e4n kanssa naimisissa vuodesta 2013. Atte Kajova<\/p>\n<p class=\"paragraph\"><strong>Teemu Huuhtanen<\/strong> yll\u00e4tti vaimonsa, juontaja <strong>Vappu Pimi\u00e4n<\/strong> sunnuntain suorassa Tanssii t\u00e4htien kanssa -l\u00e4hetyksess\u00e4. Huuhtanen oli nauhoittanut Pimi\u00e4lle etuk\u00e4teen puheenvuoron, joka esitettiin l\u00e4hetyksess\u00e4. Huuhtanen oli my\u00f6s paikan p\u00e4\u00e4ll\u00e4 studiolla parin kahden lapsen kanssa.<\/p>\n<p class=\"paragraph\">Huuhtanen kertoi l\u00e4hetyksen j\u00e4lkeen Iltalehdelle, miten reagoi, kun Pimi\u00e4 ilmoitti aikovansa lopettaa TTK:n juontajana.<\/p>\n<p class=\"paragraph\">\u2013 Kyll\u00e4 rehellisesti alkuun olin v\u00e4h\u00e4n samalla kannalla kuin <strong>Erkku<\/strong> [<strong>Ernest Lawson<\/strong>], ett\u00e4 ei, ei, ei, koska se oli tullut isoksi osaksi meid\u00e4nkin el\u00e4m\u00e4\u00e4mme, Huuhtanen sanoo.<\/p>\n<p class=\"paragraph\">Pimi\u00e4n juontopari Ernest Lawson kertoi l\u00e4hetyksess\u00e4 n\u00e4hdyss\u00e4 videokoosteessa vastustaneensa voimakkaasti Pimi\u00e4n p\u00e4\u00e4t\u00f6st\u00e4 l\u00e4hte\u00e4 ohjelmasta.<\/p>\n<p class=\"paragraph\">\u2013 Mutta sitten ymm\u00e4rsin kyll\u00e4 aika nopeasti, ett\u00e4 hyvin j\u00e4rkev\u00e4t ja p\u00e4tev\u00e4t syyt h\u00e4nell\u00e4 oli nyt lopettaa, Huuhtanen sanoo.<\/p>\n<p class=\"paragraph\">\u2013 Aika aikansa kutakin.<\/p>\n<p class=\"paragraph\">Huuhtanen sanoo Pimi\u00e4n olleen aina m\u00e4\u00e4r\u00e4tietoinen ihminen.<\/p>\n<p class=\"paragraph\">\u2013 En voi sanoa, ett\u00e4 olisin yll\u00e4ttynyt. Tiesin, ett\u00e4 h\u00e4nell\u00e4 on tiettyj\u00e4 muitakin haaveita, joita kohti h\u00e4n menee nyt. Uusia tavoitteita kohti.<\/p>\n<p>Vappu Pimi\u00e4 kuunteli aviomiehens\u00e4 puhetta kyyneli\u00e4\u00e4n pyyhkien suorassa l\u00e4hetyksess\u00e4. Atte Kajova<\/p>\n<p class=\"paragraph\">L\u00e4hetyksess\u00e4 n\u00e4htiin, ett\u00e4 studioyleis\u00f6 ja tuomaristo nousivat seisomaan ja antoivat aplodit Pimi\u00e4n kunniaksi.<\/p>\n<p class=\"paragraph\">\u2013 Vappu on niin aito. Saat aina saman Vapun ja saman energian. Ehk\u00e4 se n\u00e4kyy l\u00e4pi. Rehellist\u00e4 tekemist\u00e4, Huuhtanen arvioi Pimi\u00e4n menestyksen syyt\u00e4.<\/p>\n<p class=\"paragraph\">Pimi\u00e4 ilmoitti elokuussa j\u00e4tt\u00e4v\u00e4ns\u00e4 TTK:n t\u00e4m\u00e4n syksyn kauden j\u00e4lkeen. <a href=\"https:\/\/www.iltalehti.fi\/tv-ja-leffat\/e48712ae-2bc6-4c94-b9c4-de406ce40ac8\" rel=\"nofollow noopener\" target=\"_blank\">H\u00e4n kertoi MTV:lle tehneens\u00e4 p\u00e4\u00e4t\u00f6ksen jo pari vuotta sitten<\/a>. H\u00e4n kuvaili, ettei juontajan ty\u00f6ss\u00e4 saa \u201dleip\u00e4\u00e4nty\u00e4\u201d, sill\u00e4 se n\u00e4kyy sek\u00e4 itselle ett\u00e4 katsojille.<\/p>\n<p class=\"paragraph\">\u2013 Haluan l\u00e4hte\u00e4 ennen kuin se tapahtuu. Minulla on viel\u00e4 tosi kivaa, mutta t\u00e4m\u00e4 on my\u00f6s ajallisesti aika raskas puristus. T\u00e4m\u00e4 vie k\u00e4yt\u00e4nn\u00f6ss\u00e4 koko syyskauden el\u00e4m\u00e4st\u00e4ni ja perheeni el\u00e4m\u00e4st\u00e4 viikonloput. Haluan viel\u00e4 tehd\u00e4 muitakin asioita, Pimi\u00e4 kuvaili tuolloin MTV:lle.<\/p>\n<p class=\"paragraph\">Tanssii t\u00e4htien kanssa sunnuntaisin MTV3:lla kello 19.30 &amp; Katsomossa. <a href=\"https:\/\/www.iltalehti.fi\/telkku\" rel=\"nofollow noopener\" target=\"_blank\">Katso kaikki TV-ohjelmat ja l\u00e4hetysajat Telkun TV-oppaasta<\/a>.<\/p>\n","protected":false},"excerpt":{"rendered":"Vappu Pimi\u00e4n Teemu-puoliso saapui kannustamaan vaimoaan sunnuntain Tanssii t\u00e4htien kanssa -l\u00e4hetykseen. Teemu Huuhtanen on ollut Vappu Pimi\u00e4n kanssa&hellip;\n","protected":false},"author":2,"featured_media":91932,"comment_status":"","ping_status":"","sticky":false,"template":"","format":"standard","meta":{"footnotes":""},"categories":[136],"tags":[35,407,137,33,31,30,408,979,1999,32,2140,140,139,109],"class_list":{"0":"post-91931","1":"post","2":"type-post","3":"status-publish","4":"format-standard","5":"has-post-thumbnail","7":"category-julkkikset","8":"tag-24h","9":"tag-celebrities","10":"tag-entertainment","11":"tag-fi","12":"tag-finland","13":"tag-finnish","14":"tag-julkkikset","15":"tag-sahkoinen-media","16":"tag-suomalaiset-tv-ohjelmat","17":"tag-suomi","18":"tag-tosi-tv-ohjelmat","19":"tag-tv-ja-elokuvat","20":"tag-tv-ohjelmat","21":"tag-viihde"},"share_on_mastodon":{"url":"https:\/\/pubeurope.com\/@fi\/115561582196000537","error":""},"_links":{"self":[{"href":"https:\/\/www.europesays.com\/fi\/wp-json\/wp\/v2\/posts\/91931","targetHints":{"allow":["GET"]}}],"collection":[{"href":"https:\/\/www.europesays.com\/fi\/wp-json\/wp\/v2\/posts"}],"about":[{"href":"https:\/\/www.europesays.com\/fi\/wp-json\/wp\/v2\/types\/post"}],"author":[{"embeddable":true,"href":"https:\/\/www.europesays.com\/fi\/wp-json\/wp\/v2\/users\/2"}],"replies":[{"embeddable":true,"href":"https:\/\/www.europesays.com\/fi\/wp-json\/wp\/v2\/comments?post=91931"}],"version-history":[{"count":0,"href":"https:\/\/www.europesays.com\/fi\/wp-json\/wp\/v2\/posts\/91931\/revisions"}],"wp:featuredmedia":[{"embeddable":true,"href":"https:\/\/www.europesays.com\/fi\/wp-json\/wp\/v2\/media\/91932"}],"wp:attachment":[{"href":"https:\/\/www.europesays.com\/fi\/wp-json\/wp\/v2\/media?parent=91931"}],"wp:term":[{"taxonomy":"category","embeddable":true,"href":"https:\/\/www.europesays.com\/fi\/wp-json\/wp\/v2\/categories?post=91931"},{"taxonomy":"post_tag","embeddable":true,"href":"https:\/\/www.europesays.com\/fi\/wp-json\/wp\/v2\/tags?post=91931"}],"curies":[{"name":"wp","href":"https:\/\/api.w.org\/{rel}","templated":true}]}}