{"id":91945,"date":"2025-11-16T22:02:09","date_gmt":"2025-11-16T22:02:09","guid":{"rendered":"https:\/\/www.europesays.com\/fi\/91945\/"},"modified":"2025-11-16T22:02:09","modified_gmt":"2025-11-16T22:02:09","slug":"naton-salainen-asiakirja-vuoti-julkisuuteen-venalaismediassa-ilahduttiin","status":"publish","type":"post","link":"https:\/\/www.europesays.com\/fi\/91945\/","title":{"rendered":"Naton salainen asiakirja vuoti julkisuuteen \u2013 Ven\u00e4l\u00e4ismediassa ilahduttiin"},"content":{"rendered":"<p>T\u00e4h\u00e4n artikkeliin on koottu Ukrainan sodan keskeisimm\u00e4t tapahtumat sunnuntailta 16. marraskuuta 2025. Kyseess\u00e4 on sodan 1362. p\u00e4iv\u00e4.<\/p>\n<p><img decoding=\"async\" class=\"image image-show image-preview\" src=\"https:\/\/www.europesays.com\/fi\/wp-content\/uploads\/2025\/11\/de20085dbe3bf67a431a0628f4151a1b35da82d500ae4e1f683adfc58f5610e4.jpg\" alt=\"\"\/><img decoding=\"async\" class=\"image image-show\" src=\"https:\/\/www.europesays.com\/fi\/wp-content\/uploads\/2025\/11\/1763330529_40_de20085dbe3bf67a431a0628f4151a1b35da82d500ae4e1f683adfc58f5610e4.jpg\" alt=\"\"\/><\/p>\n<p>Ven\u00e4j\u00e4n presidentti Vladimir Putin puhui marraskuussa seremoniassa, jossa maan hallitus jakoi palkintoja Burevestnik-risteilyohjusten kehitt\u00e4jille. ZumaWire \/ MVPHOTOS<\/p>\n<ul>\n<li>Saksalaislehti Die Welt sai haltuunsa Naton asiakirjan, joka k\u00e4sittelee Ven\u00e4j\u00e4n kehitt\u00e4m\u00e4\u00e4 Burevestnik-ohjusta.<\/li>\n<li>Ukraina ja Ven\u00e4j\u00e4 ovat solmimassa uutta vankienvaihtoa, joka koskee yli tuhatta ukrainalaista.<\/li>\n<li>Ukrainalainen sissiryhm\u00e4 v\u00e4itt\u00e4\u00e4 tehneens\u00e4 onnistuneen iskun junaraiteille Ven\u00e4j\u00e4n miehitt\u00e4m\u00e4ll\u00e4 alueella Zapori\u017e\u017ejassa.<\/li>\n<\/ul>\n<p class=\"paragraph\">Puolustusliitto Naton asiakirja Ven\u00e4j\u00e4n kehitt\u00e4m\u00e4st\u00e4 Burevestnik-ohjuksesta on vuotanut l\u00e4nsimediaan.<\/p>\n<p class=\"paragraph\">Asiakirjassa asetta kuvaillaan \u201dmerkitt\u00e4v\u00e4ksi uhaksi\u201d Naton puolustukselle, kertovat muun muassa kansainv\u00e4linen televisiokanava <a href=\"https:\/\/www.euronews.com\/2025\/11\/16\/nato-alarmed-as-putins-new-petrel-missile-apparently-ready-for-use\" target=\"_blank\" rel=\"noopener nofollow\">Euronews<\/a> ja saksalaislehti <a href=\"https:\/\/www.bild.de\/politik\/ausland-und-internationales\/nato-geheimpapier-enthuellt-putins-neue-superwaffe-sturmvogel-ist-fertig-69174c5058d2cfb625f5c4d2\" target=\"_blank\" rel=\"noopener nofollow\">Bild<\/a>. Salaisen asiakirjan sis\u00e4ll\u00f6n on julkaissut alun perin saksalaislehti <a href=\"https:\/\/www.welt.de\/politik\/plus6916eb36cc12c94ca4e424a3\/brisantes-internes-papier-nato-analysten-warnen-vor-gefahr-durch-neue-russische-waffen.html\" target=\"_blank\" rel=\"noopener nofollow\">Die Welt<\/a>.<\/p>\n<p class=\"paragraph\">Ohjuksen nimi viittaa merilintuun, jonka uskotaan enteilev\u00e4n myrsky\u00e4. Se toimii ydinvoimalla, mik\u00e4 mahdollistaa ohjuksen noin 14\u00a0000 kilometrin kantaman.<\/p>\n<p class=\"paragraph\">Ohjus voi Bildin mukaan kierrell\u00e4 ilmassa pitki\u00e4kin aikoja ennen kohteeseensa iskeytymist\u00e4. Sit\u00e4 onkin kuvailtu yhdeksi Ven\u00e4j\u00e4n moderneista \u201dsuperaseista\u201d.<\/p>\n<p class=\"paragraph\">Natossa ase tunnetaan nimell\u00e4 SSC-X-9 Skyfall ja se kykenee saavuttamaan jopa 900 kilometrin tuntinopeuden.<\/p>\n<p>Burevestnik-ohjus toimii ydinvoimalla. Kuva ohjuksen laukaisuhetkest\u00e4. Wikimedia Commons, CC BY 4.0, Kuvakaappaus Ven\u00e4j\u00e4n puolustusministeri\u00f6n julkaisemalta videolta<\/p>\n<p class=\"paragraph\">Ven\u00e4j\u00e4n presidentti <a href=\"https:\/\/www.iltalehti.fi\/henkilot\/Vladimir Putin\" class=\"article-link-person-page\" rel=\"nofollow noopener\" target=\"_blank\">Vladimir Putin<\/a> ilmoitti aseen onnistuneesta testist\u00e4 lokakuun lopulla. Euronewsin mukaan ase otetaan k\u00e4ytt\u00f6\u00f6n Ven\u00e4j\u00e4n liittolaismaa Valko-Ven\u00e4j\u00e4ll\u00e4 jo t\u00e4m\u00e4n vuoden joulukuussa.<\/p>\n<p class=\"paragraph\">L\u00e4nsimedioiden otsikot aseen kyvyst\u00e4 kiinnittiv\u00e4t heti huomion my\u00f6s ven\u00e4l\u00e4ismediassa. Die Weltin artikkelista ovat kertoneet muun muassa televisiokanava <a href=\"https:\/\/dzen.ru\/a\/aRoFWZmXjixmpO9u?\" target=\"_blank\" rel=\"noopener nofollow\">RT<\/a>, talousmedia <a href=\"https:\/\/www.rbc.ru\/politics\/16\/11\/2025\/6919d2299a79479ff4bd0204?from=from_main_1\" target=\"_blank\" rel=\"noopener nofollow\">RBK<\/a> sek\u00e4 <a href=\"https:\/\/life.ru\/p\/1810620\" target=\"_blank\" rel=\"noopener nofollow\">Life.ru<\/a>.<\/p>\n<p class=\"paragraph\">Asetta on kutsuttu sen ydink\u00e4ytt\u00f6isyyden ja arvaamattoman lentoreitin takia my\u00f6s \u201dlent\u00e4v\u00e4ksi T\u0161ernobyliksi\u201d. Nimi viittaa nykyisen Ukrainan alueella tapahtuneeseen T\u0161ernobylin ydinvoimalaonnettomuuteen vuonna 1986.<\/p>\n<p class=\"paragraph\">Alue kuului viel\u00e4 tuolloin Neuvostoliittoon osana Ukrainan sosialistista neuvostotasavaltaa.<\/p>\n<p class=\"paragraph\">Ase onkin saanut l\u00e4nsimaissa my\u00f6s kritiikki\u00e4. Oslon yliopiston ydinvoimaprojektin tutkija <strong>Fabian Hoffman<\/strong> <a href=\"https:\/\/x.com\/FRHoffmann1\/status\/1982409465308860826\" target=\"_blank\" rel=\"noopener nofollow\">kuvailikin<\/a> Burevestnikia muun muassa hy\u00f6dytt\u00f6m\u00e4ksi.<\/p>\n<p class=\"paragraph\">\u2013 Juhlin jokaista ruplaa, jonka Ven\u00e4j\u00e4 investoi t\u00e4h\u00e4n hy\u00f6dytt\u00f6m\u00e4\u00e4n ja tarpeettomaan ohjukseen, Hoffman kirjoitti X:ss\u00e4.<\/p>\n<p>Ukraina ja Ven\u00e4j\u00e4 sopimassa uudesta vankienvaihdosta<\/p>\n<p class=\"paragraph\">Ukraina ja ven\u00e4j\u00e4 ovat sopimassa uudesta vankienvaihdosta, <a href=\"https:\/\/t.me\/umerov_rustem\/195\" target=\"_blank\" rel=\"noopener nofollow\">kertoo<\/a> Ukrainan kansallisen turvallisuus- ja puolustusneuvoston (NSDC) sihteeri <a href=\"https:\/\/www.iltalehti.fi\/henkilot\/Rustem Umerov\" class=\"article-link-person-page\" rel=\"nofollow noopener\" target=\"_blank\">Rustem Umerov<\/a> viestisovellus Telegramissa.<\/p>\n<p class=\"paragraph\">Umerovin mukaan h\u00e4n jatkoi neuvotteluja vankienvaihdosta Turkin ja Yhdistyneiden arabiemiraattien v\u00e4lityksell\u00e4.<\/p>\n<p class=\"paragraph\">\u2013 Neuvottelujen tuloksena osapuolet sopivat Istanbulin sopimusten aktivoimisesta. T\u00e4m\u00e4 koskee 1 200 ukrainalaisen vapauttamista, Umerov kirjoittaa.<\/p>\n<p class=\"paragraph\">Umerovin mukaan vankienvaihdon teknisyyksist\u00e4 neuvotellaan viel\u00e4 l\u00e4hitulevaisuudessa.<\/p>\n<p>Umerovin mukaan neuvottelut koskisivat 1\u00a0200:n ukrainalaisvangin vapattamista. Kuva kes\u00e4kuussa tapahtuneesta vankienvaihdosta. <\/p>\n<p>Ukraina iski Ven\u00e4j\u00e4n mystist\u00e4 eliittijoukkoa vastaan<\/p>\n<p class=\"paragraph\">Ukrainan yleisesikunta kertoo maan asevoimien iskeneen Ven\u00e4j\u00e4n droonitoiminnan erikoisyksik\u00f6n Rubiconin varastoon, <a href=\"https:\/\/kyivindependent.com\/ukraine-strikes-rosneft-oil-refinery-in-samara-oblast-and-drone-storage-of-elite-russian-unit\/\" target=\"_blank\" rel=\"noopener nofollow\">kertoo<\/a> The Kyiv Independent.<\/p>\n<p class=\"paragraph\">Iltalehden sota-asiantuntijan Emil Kastehelmen mukaan Rubicon on kes\u00e4ll\u00e4 2024 perustettu kehittyneiden miehitt\u00e4m\u00e4tt\u00f6mien j\u00e4rjestelmien keskus.<\/p>\n<p class=\"paragraph\">\u2013 Sit\u00e4 on k\u00e4sitelty julkisuudessa aika rajallisesti, mutta sen tuloksia n\u00e4ytet\u00e4\u00e4n nyt sosiaalisessa mediassa yh\u00e4 enemm\u00e4n, Kastehelmi <a href=\"https:\/\/www.iltalehti.fi\/ulkomaat\/28096df8-9195-4466-b0a5-1740749b4062\" rel=\"nofollow noopener\" target=\"_blank\">kertoi<\/a> Iltalehden Tilannestudion 141. jaksossa lokakuussa.<\/p>\n<p class=\"paragraph\">Rubicon on kehitys- ja koulutusyksikk\u00f6, jonka osastot taistelevat, tiedustelevat, analysoivat ja kehitt\u00e4v\u00e4t Ven\u00e4j\u00e4n drooniteknologiaa ja taktiikkaa.<\/p>\n<p class=\"paragraph\">Yksikk\u00f6 oli Kastehelmen mukaan osallisena my\u00f6s Ven\u00e4j\u00e4n Kurskin alueen taisteluissa.<\/p>\n<p>Ukrainan asevoimien mukaan sen viimeisimm\u00e4n ilmaiskun kohteena oli Rubicon-yksik\u00f6n k\u00e4ytt\u00e4m\u00e4 varasto. Kuvituskuva. ZumaWire \/ MVPHOTOS<\/p>\n<p class=\"paragraph\">Ukraina iski my\u00f6s Novokuiby\u0161evskissa sijaitsevaan Rosneftin \u00f6ljynjalostamoon. The Kyiv Independentin mukaan kyseess\u00e4 on yksi Ven\u00e4j\u00e4n kymmenest\u00e4 suurimmasta \u00f6ljynjalostamosta.<\/p>\n<p class=\"paragraph\">Laitos kykenee jalostamaan bensiini\u00e4, dieselpolttoainetta tai poltto\u00f6ljy\u00e4 8,8 miljoonaa tonnia vuodessa.<\/p>\n<p>Sissiryhm\u00e4 v\u00e4itt\u00e4\u00e4 tehneens\u00e4 iskun Ven\u00e4j\u00e4n juniin<\/p>\n<p class=\"paragraph\">Ukrainalainen sissiryhm\u00e4 Atesh v\u00e4itt\u00e4\u00e4 tehneens\u00e4 onnistuneen iskun junaraiteille Ven\u00e4j\u00e4n miehitt\u00e4m\u00e4ll\u00e4 alueella Zapori\u017e\u017ejassa lauantaina.<\/p>\n<p class=\"paragraph\">Ateshin tiedotteen mukaan isku pys\u00e4ytti raideliikenteen ja mahdollisti junavaunuihin iskemisen. J\u00e4rjest\u00f6n mukaan isku hidastaa Ven\u00e4j\u00e4n kalustonkuljetusta ja hy\u00f6kk\u00e4yssodan etenemist\u00e4 Ukrainassa.<\/p>\n<p class=\"paragraph\">Asiasta uutisoinut Kyiv Post ei ole voinut varmistaa tapausta riippumattomista l\u00e4hteist\u00e4.<\/p>\n<p class=\"paragraph\">Atesh on ukrainalaisista ja krimintataareista koostuva vuonna 2022 perustettu sissij\u00e4rjest\u00f6, joka tekee sabotaasi-iskuja Ven\u00e4j\u00e4n sotilasinfrastruktuuriin.<\/p>\n<p>Paavilta kannanotto Ukrainan tilanteeseen<\/p>\n<p class=\"paragraph\">Katolisen kirkon paavi <a href=\"https:\/\/www.iltalehti.fi\/henkilot\/Leo XIV\" class=\"article-link-person-page\" rel=\"nofollow noopener\" target=\"_blank\">Leo XIV<\/a> on esitt\u00e4nyt surunvalittelunsa Ven\u00e4j\u00e4n Ukrainassa tekemien ilmaiskujen uhreille.<\/p>\n<p class=\"paragraph\">\u2013 N\u00e4m\u00e4 hy\u00f6kk\u00e4ykset aiheuttavat lasten kuolemia ja loukkaantumisia sek\u00e4 aiheuttavat vakavaa vahinkoa siviili-infrastruktuurille j\u00e4tt\u00e4en perheet kodittomaksi kylmyyden alkaessa, paavin X-tilill\u00e4 tehdyss\u00e4 julkaisussa <a href=\"https:\/\/x.com\/Pontifex\/status\/1990068590201242082\" target=\"_blank\" rel=\"noopener nofollow\">kirjoitetaan<\/a>.<\/p>\n<p class=\"paragraph\">Paavin mukaan ihmiset ei tulisi tottua sotaan ja tuhoon. H\u00e4n my\u00f6s pyysi ihmisi\u00e4 rukoilemaan oikeudenmukaisen ja kest\u00e4v\u00e4n rauhan puolesta Ukrainassa.<\/p>\n<p class=\"paragraph\">Paavin julkaisu huomattiin my\u00f6s Ukrainan hallinnossa. Maan ulkoministeri <a href=\"https:\/\/www.iltalehti.fi\/henkilot\/Andri Sybiha\" class=\"article-link-person-page\" rel=\"nofollow noopener\" target=\"_blank\">Andri Sybiha<\/a> kiitti paavia h\u00e4nen sanoistaan X:ss\u00e4.<\/p>\n","protected":false},"excerpt":{"rendered":"T\u00e4h\u00e4n artikkeliin on koottu Ukrainan sodan keskeisimm\u00e4t tapahtumat sunnuntailta 16. marraskuuta 2025. Kyseess\u00e4 on sodan 1362. p\u00e4iv\u00e4. Ven\u00e4j\u00e4n&hellip;\n","protected":false},"author":2,"featured_media":91946,"comment_status":"","ping_status":"","sticky":false,"template":"","format":"standard","meta":{"footnotes":""},"categories":[5],"tags":[35,802,804,820,22,23,26,27,33,31,30,17,24,25,803,28,29,15,18,21,805,32,19,20,16],"class_list":{"0":"post-91945","1":"post","2":"type-post","3":"status-publish","4":"format-standard","5":"has-post-thumbnail","7":"category-otsikot","8":"tag-24h","9":"tag-armeijat-ja-aseelliset-joukot","10":"tag-aseelliset-konfliktit","11":"tag-aseet","12":"tag-breaking-news","13":"tag-breakingnews","14":"tag-featured-news","15":"tag-featurednews","16":"tag-fi","17":"tag-finland","18":"tag-finnish","19":"tag-headlines","20":"tag-latest-news","21":"tag-latestnews","22":"tag-levottomuudet-ja-sodat","23":"tag-main-news","24":"tag-mainnews","25":"tag-news","26":"tag-otsikot","27":"tag-paauutiset","28":"tag-sota","29":"tag-suomi","30":"tag-top-stories","31":"tag-topstories","32":"tag-uutiset"},"share_on_mastodon":{"url":"https:\/\/pubeurope.com\/@fi\/115561637037901153","error":""},"_links":{"self":[{"href":"https:\/\/www.europesays.com\/fi\/wp-json\/wp\/v2\/posts\/91945","targetHints":{"allow":["GET"]}}],"collection":[{"href":"https:\/\/www.europesays.com\/fi\/wp-json\/wp\/v2\/posts"}],"about":[{"href":"https:\/\/www.europesays.com\/fi\/wp-json\/wp\/v2\/types\/post"}],"author":[{"embeddable":true,"href":"https:\/\/www.europesays.com\/fi\/wp-json\/wp\/v2\/users\/2"}],"replies":[{"embeddable":true,"href":"https:\/\/www.europesays.com\/fi\/wp-json\/wp\/v2\/comments?post=91945"}],"version-history":[{"count":0,"href":"https:\/\/www.europesays.com\/fi\/wp-json\/wp\/v2\/posts\/91945\/revisions"}],"wp:featuredmedia":[{"embeddable":true,"href":"https:\/\/www.europesays.com\/fi\/wp-json\/wp\/v2\/media\/91946"}],"wp:attachment":[{"href":"https:\/\/www.europesays.com\/fi\/wp-json\/wp\/v2\/media?parent=91945"}],"wp:term":[{"taxonomy":"category","embeddable":true,"href":"https:\/\/www.europesays.com\/fi\/wp-json\/wp\/v2\/categories?post=91945"},{"taxonomy":"post_tag","embeddable":true,"href":"https:\/\/www.europesays.com\/fi\/wp-json\/wp\/v2\/tags?post=91945"}],"curies":[{"name":"wp","href":"https:\/\/api.w.org\/{rel}","templated":true}]}}