{"id":91947,"date":"2025-11-16T22:21:09","date_gmt":"2025-11-16T22:21:09","guid":{"rendered":"https:\/\/www.europesays.com\/fi\/91947\/"},"modified":"2025-11-16T22:21:09","modified_gmt":"2025-11-16T22:21:09","slug":"jannik-sinner-voitti-ja-hali-sen-jalkeen-lailan-kanssa","status":"publish","type":"post","link":"https:\/\/www.europesays.com\/fi\/91947\/","title":{"rendered":"Jannik Sinner voitti ja hali sen j\u00e4lkeen Lailan kanssa"},"content":{"rendered":"<p>Tenniksen valtiaat kohtasivat Torinossa.<\/p>\n<p>16.11. 23:19<\/p>\n<p class=\"article-body mb-nof-24 px-nof-16\">Tenniksen miesten kaksinpelin t\u00e4m\u00e4n hetken valtiaat <a class=\"article-personlink\" href=\"https:\/\/www.is.fi\/haku\/?query=Jannik%20Sinner\" rel=\"nofollow noopener\" target=\"_blank\">Jannik Sinner<\/a> ja <a class=\"article-personlink\" href=\"https:\/\/www.is.fi\/haku\/?query=Carlos%20Alcaraz\" rel=\"nofollow noopener\" target=\"_blank\">Carlos Alcaraz<\/a> p\u00e4\u00e4ttiv\u00e4t kauden viel\u00e4 yhteen kohtaamiseen, kun he ratkaisivat ATP-kiertueen finaaliturnauksen voiton sunnuntaina Torinossa.<\/p>\n<p class=\"article-body mb-nof-24 px-nof-16\">Italialaisyleis\u00f6n riemuksi Sinner vei &#8221;Sincaraz&#8221;-nimell\u00e4 tunnetun taiston t\u00e4m\u00e4nkertaisen osan, kun espanjalainen Alcaraz kaatui luvuin 7\u20136 (7\u20134), 7\u20135.<\/p>\n<p class=\"article-body mb-nof-24 px-nof-16\">Ottelu oli vuoden kuudes miesten v\u00e4lill\u00e4, ja kaikki niist\u00e4 tulivat turnausfinaaleissa. Sinner voitti kaksi, sunnuntaina Torinossa sek\u00e4 kes\u00e4ll\u00e4 grand slam -turnaus Wimbledonissa. Alcaraz vei nelj\u00e4 muuta, muun muassa Ranskan ja Yhdysvaltain avointen finaalit.<\/p>\n<p class=\"article-body mb-nof-24 px-nof-16\">Alcaraz johtaa kaksikon kaikkien aikojen kohtaamisia nyt voitoin 10\u20136.<\/p>\n<p><img decoding=\"async\" src=\"https:\/\/www.europesays.com\/fi\/wp-content\/uploads\/2025\/11\/1763331669_774_468.jpg\" alt=\"Jannik Sinner syleili my\u00f6s mielitietty\u00e4\u00e4n, Laila Hasanovicia.\" class=\"_Img_1rerz_1\" style=\"aspect-ratio:1.411764705882353\" loading=\"eager\"\/><\/p>\n<p class=\"article-picture-caption\">Jannik Sinner syleili my\u00f6s mielitietty\u00e4\u00e4n, Laila Hasanovicia. Kuva:\u00a0Felice Calabro \/ ZUMA<\/p>\n","protected":false},"excerpt":{"rendered":"Tenniksen valtiaat kohtasivat Torinossa. 16.11. 23:19 Tenniksen miesten kaksinpelin t\u00e4m\u00e4n hetken valtiaat Jannik Sinner ja Carlos Alcaraz p\u00e4\u00e4ttiv\u00e4t&hellip;\n","protected":false},"author":2,"featured_media":91948,"comment_status":"","ping_status":"","sticky":false,"template":"","format":"standard","meta":{"footnotes":""},"categories":[158],"tags":[33,31,30,34,159,32,160],"class_list":{"0":"post-91947","1":"post","2":"type-post","3":"status-publish","4":"format-standard","5":"has-post-thumbnail","7":"category-urheilu","8":"tag-fi","9":"tag-finland","10":"tag-finnish","11":"tag-ilta-sanomat","12":"tag-sports","13":"tag-suomi","14":"tag-urheilu"},"share_on_mastodon":{"url":"https:\/\/pubeurope.com\/@fi\/115561711918930784","error":""},"_links":{"self":[{"href":"https:\/\/www.europesays.com\/fi\/wp-json\/wp\/v2\/posts\/91947","targetHints":{"allow":["GET"]}}],"collection":[{"href":"https:\/\/www.europesays.com\/fi\/wp-json\/wp\/v2\/posts"}],"about":[{"href":"https:\/\/www.europesays.com\/fi\/wp-json\/wp\/v2\/types\/post"}],"author":[{"embeddable":true,"href":"https:\/\/www.europesays.com\/fi\/wp-json\/wp\/v2\/users\/2"}],"replies":[{"embeddable":true,"href":"https:\/\/www.europesays.com\/fi\/wp-json\/wp\/v2\/comments?post=91947"}],"version-history":[{"count":0,"href":"https:\/\/www.europesays.com\/fi\/wp-json\/wp\/v2\/posts\/91947\/revisions"}],"wp:featuredmedia":[{"embeddable":true,"href":"https:\/\/www.europesays.com\/fi\/wp-json\/wp\/v2\/media\/91948"}],"wp:attachment":[{"href":"https:\/\/www.europesays.com\/fi\/wp-json\/wp\/v2\/media?parent=91947"}],"wp:term":[{"taxonomy":"category","embeddable":true,"href":"https:\/\/www.europesays.com\/fi\/wp-json\/wp\/v2\/categories?post=91947"},{"taxonomy":"post_tag","embeddable":true,"href":"https:\/\/www.europesays.com\/fi\/wp-json\/wp\/v2\/tags?post=91947"}],"curies":[{"name":"wp","href":"https:\/\/api.w.org\/{rel}","templated":true}]}}