{"id":91951,"date":"2025-11-16T22:25:09","date_gmt":"2025-11-16T22:25:09","guid":{"rendered":"https:\/\/www.europesays.com\/fi\/91951\/"},"modified":"2025-11-16T22:25:09","modified_gmt":"2025-11-16T22:25:09","slug":"gigantti-paljasti-naista-tuotteista-tulossa-black-friday-tarjous-osan-myynti-alkaa-jo-maanantaina-keskiyolla","status":"publish","type":"post","link":"https:\/\/www.europesays.com\/fi\/91951\/","title":{"rendered":"Gigantti paljasti: n\u00e4ist\u00e4 tuotteista tulossa Black Friday -tarjous \u2013 osan myynti alkaa jo maanantaina keskiy\u00f6ll\u00e4"},"content":{"rendered":"<p><a href=\"https:\/\/www.europesays.com\/fi\/wp-content\/uploads\/2025\/11\/gigantti_blackf_friday_lisaa.jpg\" data-lightbox=\"image\"><img fetchpriority=\"high\" decoding=\"async\" aria-describedby=\"caption-attachment-268786\" class=\"size-full wp-image-268786\" src=\"data:image\/svg+xml,%3Csvg%20xmlns=\" http:=\"\" alt=\"Gigantti kertoi tulevista lis\u00e4yksist\u00e4 Black Friday -kampanjaansa.\" width=\"700\" height=\"500\" data-lazy- data-lazy- data-lazy-src=\"https:\/\/www.europesays.com\/fi\/wp-content\/uploads\/2025\/11\/gigantti_blackf_friday_lisaa.jpg\"\/><\/a><\/p>\n<p id=\"caption-attachment-268786\" class=\"wp-caption-text\">Gigantti kertoi tulevista lis\u00e4yksist\u00e4 Black Friday -kampanjaansa.<\/p>\n<p>Gigantti aloitti Black Friday -kampanjatarjoustensa myynnin keskiy\u00f6ll\u00e4 perjantaina 14. marraskuuta, aluksi Gigantti-klubilaisille ja rekister\u00f6ityneille yritysasiakkaille.<\/p>\n<p>Maanantaista 17. marraskuuta alkaen Black Friday -tarjoukset ovat kaikkien saatavilla my\u00f6s ilman klubij\u00e4senyytt\u00e4. Samalla Gigantin Black Friday -tarjoukset laajenevat lukuisilla uusilla tarjouksilla.<\/p>\n<p>Gigantti on nyt ennakkoon paljastanut 17. marraskuuta alkavat uuet tarjoukset sek\u00e4 lis\u00e4ksi my\u00f6hempin\u00e4 ajankohtina Black Friday -kampanjaan lis\u00e4tt\u00e4vi\u00e4 tuotteita. My\u00f6hemmin kampanjaan liittyvien tuotteiden osalta tarjoushintoja Gigantti ei viel\u00e4 paljastanut.<\/p>\n<p style=\"width: 98%; text-align: center; font-size:13px; border-bottom: 1px solid #C8C8C8; line-height: 0.1em; margin: 8px 1% 16px 1%;\">MAINOS (ARTIKKELI JATKUU ALLA)<\/p>\n<p>Ker\u00e4simme alle Gigantin ilmoittamat uudet tarjoukset ja tulevat tarjoustuotteet mobiililaitteista eli \u00e4lypuhelimista, tableteista, \u00e4ly- ja urheilukelloista, kuulokkeista, kannettavista kaiuttimista ja mobiililaitteiden lis\u00e4varusteista.<\/p>\n<p>Maanantaina 17. marraskuuta Gigantin Black Friday -kampanjaan liittyy muun muassa laaja joukko eri merkkien kuulokkeita ja kaiuttimia sek\u00e4 Belkinin latauslis\u00e4varusteita. N\u00e4iden tarjousten myynti alkaa verkkokaupassa jo kello 00.01.<\/p>\n<p>Monien Garmin-\u00e4lykellojen Black Friday -tarjousten Gigantti on kertonut olevan tulossa perjantaina 21. marraskuuta.<\/p>\n<p style=\"width: 98%; text-align: center; font-size:13px; border-bottom: 1px solid #C8C8C8; line-height: 0.1em; margin: 8px 1% 16px 1%;\">MAINOS (ARTIKKELI JATKUU ALLA)<\/p>\n<p>\u00c4lypuhelimista Black Friday -tarjoukset ovat laajenemassa 27. marraskuuta alennuksilla Honor 400 Smart 5G:st\u00e4 ja Magic V5:st\u00e4 sek\u00e4 Asus ROG Phone 9 Prosta ja 28. marraskuuta OnePlus 13R:st\u00e4 sek\u00e4 useammista eri Samsung-puhelimista.<\/p>\n<p>Tableteista Applen iPad Air (M3) on tulossa tarjoukseen sunnuntaina 23. marraskuuta.<\/p>\n<p>Mobiililaitteiden lis\u00e4ksi uusia tarjouksia ja tulevia tarjoustuotteita l\u00f6ytyy toki muistakin tuoreryhmist\u00e4, joita emme Mobiili.fiss\u00e4 niin tarkasti seuraa.<\/p>\n<p><a href=\"https:\/\/www.gigantti.fi\/kampanja\/black-friday\/black-friday-uudet-tarjoukset\" rel=\"nofollow noopener\" target=\"_blank\">Kaikki Gigantin ilmoittamat uudet ja tulevat Black Friday -tarjoukset l\u00f6ytyv\u00e4t t\u00e4st\u00e4<\/a><\/p>\n<p style=\"width: 98%; text-align: center; font-size:13px; border-bottom: 1px solid #C8C8C8; line-height: 0.1em; margin: 8px 1% 16px 1%;\">MAINOS (ARTIKKELI JATKUU ALLA)<\/p>\n<p>Gigantin alkuper\u00e4isten Black Friday -tarjousten osalta <a href=\"https:\/\/mobiili.fi\/2025\/11\/14\/gigantti-aloitti-black-friday-tarjousten-myynnin\/\" rel=\"nofollow noopener\" target=\"_blank\">listaukset mobiililaitetarjouksista l\u00f6yd\u00e4t aiemmasta artikkelistamme<\/a><\/p>\n<p>Gigantin ohella Black Friday -tarjoukset ovat k\u00e4ynniss\u00e4 jo monilla muillakin.<\/p>\n<p><a href=\"https:\/\/mobiili.fi\/2025\/11\/12\/power-aloitti-black-week-tarjousten-myynnin-poimimme-mobiililaitetarjoukset\/\" rel=\"nofollow noopener\" target=\"_blank\">Muista kaupoista Power aloitti Black Week -tarjoustensa myynnin jo keskiy\u00f6ll\u00e4 12. marraskuuta<\/a>.<\/p>\n<p><a href=\"https:\/\/mobiili.fi\/2025\/11\/07\/verkkokauppa-com-aloitti-musta-perjantai-kampanjansa-tassa-ensimmaiset-etuilutarjoukset\/\" rel=\"nofollow noopener\" target=\"_blank\">Verkkokauppa.com puolestaan aloitti oman Musta Perjantai -kampanjansa jo perjantaina 7. marraskuuta<\/a>. Verkkokauppa.com suuntasi tarjouksensa aluksi uutiskirjeen tilaajilleen, jotka p\u00e4\u00e4siv\u00e4t ensimm\u00e4isiin tarjouksiin kiinni etuilukoodilla, mutta sittemmin tarjoukset on tuotu laajemmin saataville.<\/p>\n<p>Gigantin paljastamat tulevat Black Friday -kampanjatarjoukset mobiililaitteista<\/p>\n<p>Alla listattu tarjoushinta sek\u00e4 ilmoitettu alin hinta viimeisen 30 p\u00e4iv\u00e4n ajalta ennen kampanjaa, tai tieto siit\u00e4, milloin tarjous paljastetaan.<\/p>\n<p><strong>\u00c4lypuhelimet<\/strong><\/p>\n<p>Asus ROG Phone 9 Pro, 16+512 Gt \u2013 paljastetaan to 27.11.<br \/>Honor 400 Smart 5G, 4+128 Gt \u2013 paljastetaan to 27.11.<br \/>Honor Magic V5, 16+512 Gt \u2013 paljastetaan to 27.11.<br \/>OnePlus 13R, 12+256 Gt \u2013 paljastetaan pe 28.11.<br \/>Samsung Galaxy A16, 4+128 Gt \u2013 paljastetaan pe 28.11.<br \/>Samsung Galaxy S25 Edge, 12+256 Gt \u2013 paljastetaan pe 28.11.<br \/>Samsung Galaxy S25 Edge, 12+512 Gt \u2013 paljastetaan pe 28.11.<br \/>Samsung Galaxy Z Flip7, 12+256 Gt \u2013 paljastetaan pe 28.11.<br \/>Samsung Galaxy Z Fold7, 12+256 Gt \u2013 paljastetaan pe 28.11.<\/p>\n<p><strong>Tabletit<\/strong><\/p>\n<p>iPad Air (M3), 128 Gt, Wi-Fi \u2013 paljastetaan su 23.11.<br \/>iPad Air (M3), 128 Gt, Wi-Fi + Cellular \u2013 paljastetaan su 23.11.<br \/>iPad Air (M3), 256 Gt, Wi-Fi \u2013 paljastetaan su 23.11.<br \/>iPad Air (M3), 256 Gt, Wi-Fi + Cellular \u2013 paljastetaan su 23.11.<br \/>iPad Air (M3), 512 Gt, Wi-Fi \u2013 paljastetaan su 23.11.<br \/>iPad Air (M3), 512 Gt, Wi-Fi + Cellular \u2013 paljastetaan su 23.11.<br \/>iPad Air (M3), 1 Tt, Wi-Fi \u2013 paljastetaan su 23.11.<br \/>iPad Air (M3), 1 Tt, Wi-Fi + Cellular \u2013 paljastetaan su 23.11.<\/p>\n<p><strong>\u00c4ly- ja urheilukellot<\/strong><\/p>\n<p>Garmin Fenix 8, 43 mm \u2013 paljastetaan pe 21.11.<br \/>Garmin Fenix 8, 47 mm \u2013 paljastetaan pe 21.11.<br \/>Garmin Fenix 8, 51 mm \u2013 paljastetaan pe 21.11.<br \/>Garmin Forerunner 55 \u2013 paljastetaan pe 21.11.<br \/>Garmin Instinct 2 Solar \u2013 paljastetaan pe 21.11.<br \/>Garmin Lily 2 Active \u2013 paljastetaan pe 21.11.<br \/>Garmin Venu 3 \u2013 paljastetaan pe 21.11.<br \/>Garmin Venu 3S \u2013 paljastetaan pe 21.11.<br \/>Garmin Vivomove Sport \u2013 paljastetaan pe 21.11.<\/p>\n<p><strong>Kuulokkeet<\/strong><\/p>\n<p>Bose QuietComfort Ultra: 299 \u20ac (30 pv alin 499 \u20ac) \u2013 alkaen ma 17.11.<br \/>Bose Ultra Open Earbuds: 249 \u20ac (30 pv alin 349 \u20ac) \u2013 alkaen ma 17.11.<br \/>Google Pixel Buds Pro 2: 199 \u20ac (30 pv alin 249 \u20ac) \u2013 alkaen ma 17.11.<br \/>JBL Junior 470NC: 49 \u20ac (30 pv alin 49, norm. 79,99 \u20ac) \u2013 alkaen ma 17.11.<br \/>JBL Live 770NC: 79 \u20ac (30 pv alin 149 \u20ac) \u2013 alkaen ma 17.11.<br \/>JBL Live Beam 3: 99 \u20ac (30 pv alin 189 \u20ac) \u2013 alkaen ma 17.11.<br \/>JBL Live Buds 3: 99 \u20ac (30 pv alin 179 \u20ac) \u2013 alkaen ma 17.11.<br \/>JBL Live Flex 3: 99 \u20ac (30 pv alin 179 \u20ac) \u2013 alkaen ma 17.11.<br \/>JBL Tune 520BT: 29,99 \u20ac (30 pv alin 39,99 \u20ac) \u2013 alkaen ma 17.11.<br \/>JBL Tune 720BT: 37,90 \u20ac (30 pv alin 79,99 \u20ac) \u2013 alkaen ma 17.11.<br \/>JBL Tune 770NC: 49 \u20ac (30 pv alin 79,99 \u20ac) \u2013 alkaen ma 17.11.<br \/>JBL Wave Beam 2: 39,90 \u20ac (30 pv alin 59,99 \u20ac) \u2013 alkaen ma 17.11.<br \/>JBL Wave Buds 2: 37,90 \u20ac (30 pv alin 49,99 \u20ac) \u2013 alkaen ma 17.11.<br \/>Marshall Major IV: 59 \u20ac (30 pv alin 149 \u20ac) \u2013 alkaen ma 17.11.<br \/>Marshall Minor IV: 79 \u20ac (30 pv alin 89 \u20ac) \u2013 alkaen ma 17.11.<br \/>Marshall Monitor III A.N.C.: 249 \u20ac (30 pv alin 299 \u20ac) \u2013 alkaen ma 17.11.<br \/>Nothing Ear (a): 69 \u20ac (30 pv alin 119 \u20ac) \u2013 alkaen ma 17.11.<br \/>Nothing Ear: 119 \u20ac (30 pv alin 159 \u20ac) \u2013 alkaen ma 17.11.<br \/>Samsung Galaxy Buds3: 89 \u20ac (30 pv alin 179 \u20ac) \u2013 alkaen ma 17.11.<br \/>Sony WH-1000XM4: 219 \u20ac (30 pv alin 289 \u20ac) \u2013 alkaen ma 17.11.<br \/>Sony WF-1000XM6: 199 \u20ac (30 pv alin 239 \u20ac) \u2013 alkaen ma 17.11.<br \/>Sony WF-C710N: 79 \u20ac (30 pv alin 99 \u20ac) \u2013 alkaen ma 17.11.<br \/>Sony WH-CH720N: 69 \u20ac (30 pv alin 89,99 \u20ac) \u2013 alkaen ma 17.11.<br \/>Soundcore AeroFit 2: 79 \u20ac (30 pv alin 129 \u20ac) \u2013 alkaen ma 17.11.<br \/>Soundcore Sleep A20: 79 \u20ac (30 pv alin 149 \u20ac) \u2013 alkaen ma 17.11.<br \/>Soundcore Sport X20: 59,99 \u20ac (30 pv alin 99,99 \u20ac) \u2013 alkaen ma 17.11.<br \/>Supra ZERO-TX: 34,99 \u20ac (30 pv alin 59,99 \u20ac) \u2013 alkaen ma 17.11.<\/p>\n<p><strong>Kannettavat kaiuttimet<\/strong><\/p>\n<p>Bose SoundLink Max: 299 \u20ac (30 pv alin 399 \u20ac) \u2013 alkaen ma 17.11.<br \/>Bose SoundLink Plus: 229 \u20ac (30 pv alin 279 \u20ac) \u2013 alkaen ma 17.11.<br \/>Ikarao Break X1: 599 \u20ac (30 pv alin 699 \u20ac) \u2013 alkaen ma 17.11.<br \/>JBL Authentics 300: 229 \u20ac (30 pv alin 329 \u20ac) \u2013 alkaen ma 17.11.<br \/>JBL Boombox 3: 249 \u20ac (30 pv alin 599 \u20ac) \u2013 alkaen ma 17.11.<br \/>JBL Clip 5: 37,90 \u20ac (30 pv alin 42,99 \u20ac) \u2013 alkaen ma 17.11.<br \/>Marshall Emberton II: 99 \u20ac (30 pv alin 179 \u20ac) \u2013 alkaen ma 17.11.<br \/>Marshall Emberton II: 149 \u20ac (30 pv alin 169 \u20ac) \u2013 alkaen ma 17.11.<br \/>Marshall Middleton: 179 \u20ac (30 pv alin 299 \u20ac) \u2013 alkaen ma 17.11.<br \/>Marshall Willen II: 89 \u20ac (30 pv alin 119 \u20ac) \u2013 alkaen ma 17.11.<br \/>Soundboks Go: 525 \u20ac (30 pv alin 699 \u20ac) \u2013 alkaen ma 17.11.<br \/>Sudio S2: 19,99 \u20ac (30 pv alin 39 \u20ac) \u2013 alkaen ma 17.11.<br \/>Ultimate Ears Epicboom: 199 \u20ac (30 pv alin 379 \u20ac) \u2013 alkaen ma 17.11.<br \/>Ultimate Ears Everboom: 149 \u20ac (30 pv alin 269 \u20ac) \u2013 alkaen ma 17.11.<br \/>Ultimate Ears Hyperboom Gen 2: 229 \u20ac (30 pv alin 449 \u20ac) \u2013 alkaen ma 17.11.<br \/>Ultimate Ears Miniroll: 43 \u20ac (30 pv alin 89 \u20ac) \u2013 alkaen ma 17.11.<br \/>Ultimate Ears Wonderboom Play: 35 \u20ac (30 pv alin 79 \u20ac) \u2013 alkaen ma 17.11.<\/p>\n<p><strong>Mobiililaitteiden lis\u00e4varusteet<\/strong><\/p>\n<p>Apple Pencil Pro \u2013 paljastetaan su 23.11.<br \/>Belkin 3-in-1 Qi2 \/ MagSafe -laturi \u2013 paljastetaan 17.11.<br \/>Belkin 45W Dual -USB-C-laturi \u2013 paljastetaan 17.11.<br \/>Belkin 65 Dual -USB-C-laturi \u2013 paljastetaan 17.11.<br \/>Belkin BoostCharge 2-in-1 Qi2 -laturi \u2013 paljastetaan 17.11.<br \/>Belkin BoostCharge Pro 20K -varavirtal\u00e4hde \u2013 paljastetaan ma 17.11.<br \/>Belkin BoostCharge Pro 8K Magnetic Qi2 -varavirtal\u00e4hde \u2013 paljastetaan ma 17.11.<br \/>Belkin BoostCharge Pro 3-in-1 Qi2 -latausteline \u2013 paljastetaan 17.11.<br \/>Belkin BoostCharge Pro Qi2 -latausteline \u2013 paljastetaan 17.11.<br \/>Belkin BoostCharge Qi2 -latausteline \u2013 paljastetaan 17.11.<br \/>Soundboks The Charger: 46,99 \u20ac (30 pv alin 59,99 \u20ac)<\/p>\n<p>Mainos: <a href=\"https:\/\/hinta.fi\/?src=gPp6fX03\" target=\"_blank\" rel=\"nofollow noopener\">Noin 1 600 000 tuotteen hintavertailu ja hintaseuranta &#8211; katso Hinta.fist\u00e4 mist\u00e4 saat halvimmalla<\/a><\/p>\n","protected":false},"excerpt":{"rendered":"Gigantti kertoi tulevista lis\u00e4yksist\u00e4 Black Friday -kampanjaansa. Gigantti aloitti Black Friday -kampanjatarjoustensa myynnin keskiy\u00f6ll\u00e4 perjantaina 14. marraskuuta, aluksi&hellip;\n","protected":false},"author":2,"featured_media":91952,"comment_status":"","ping_status":"","sticky":false,"template":"","format":"standard","meta":{"footnotes":""},"categories":[76],"tags":[79,77,33,31,30,32,78],"class_list":{"0":"post-91951","1":"post","2":"type-post","3":"status-publish","4":"format-standard","5":"has-post-thumbnail","7":"category-talous","8":"tag-business","9":"tag-economy","10":"tag-fi","11":"tag-finland","12":"tag-finnish","13":"tag-suomi","14":"tag-talous"},"share_on_mastodon":{"url":"https:\/\/pubeurope.com\/@fi\/115561728210801863","error":""},"_links":{"self":[{"href":"https:\/\/www.europesays.com\/fi\/wp-json\/wp\/v2\/posts\/91951","targetHints":{"allow":["GET"]}}],"collection":[{"href":"https:\/\/www.europesays.com\/fi\/wp-json\/wp\/v2\/posts"}],"about":[{"href":"https:\/\/www.europesays.com\/fi\/wp-json\/wp\/v2\/types\/post"}],"author":[{"embeddable":true,"href":"https:\/\/www.europesays.com\/fi\/wp-json\/wp\/v2\/users\/2"}],"replies":[{"embeddable":true,"href":"https:\/\/www.europesays.com\/fi\/wp-json\/wp\/v2\/comments?post=91951"}],"version-history":[{"count":0,"href":"https:\/\/www.europesays.com\/fi\/wp-json\/wp\/v2\/posts\/91951\/revisions"}],"wp:featuredmedia":[{"embeddable":true,"href":"https:\/\/www.europesays.com\/fi\/wp-json\/wp\/v2\/media\/91952"}],"wp:attachment":[{"href":"https:\/\/www.europesays.com\/fi\/wp-json\/wp\/v2\/media?parent=91951"}],"wp:term":[{"taxonomy":"category","embeddable":true,"href":"https:\/\/www.europesays.com\/fi\/wp-json\/wp\/v2\/categories?post=91951"},{"taxonomy":"post_tag","embeddable":true,"href":"https:\/\/www.europesays.com\/fi\/wp-json\/wp\/v2\/tags?post=91951"}],"curies":[{"name":"wp","href":"https:\/\/api.w.org\/{rel}","templated":true}]}}