{"id":91953,"date":"2025-11-16T22:26:08","date_gmt":"2025-11-16T22:26:08","guid":{"rendered":"https:\/\/www.europesays.com\/fi\/91953\/"},"modified":"2025-11-16T22:26:08","modified_gmt":"2025-11-16T22:26:08","slug":"venaja-sanoo-vallanneensa-kaksi-kylaa-etelaisessa-ukrainassa-uutissuomalainen-2","status":"publish","type":"post","link":"https:\/\/www.europesays.com\/fi\/91953\/","title":{"rendered":"Ven\u00e4j\u00e4 sanoo vallanneensa kaksi kyl\u00e4\u00e4 etel\u00e4isess\u00e4 Ukrainassa | Uutissuomalainen"},"content":{"rendered":"<p>Ven\u00e4j\u00e4n asevoimat sanoo vallanneensa kaksi uutta kyl\u00e4\u00e4 etel\u00e4isess\u00e4 Ukrainassa, jossa sen joukot ovat hitaasti vallanneet alaa alakynness\u00e4 olevilta ukrainalaisjoukoilta.<\/p>\n<p>Ven\u00e4j\u00e4n puolustusministeri\u00f6 v\u00e4itti <a href=\"https:\/\/t.me\/s\/mod_russia_en\" rel=\"nofollow\">Telegramissa<\/a>, ett\u00e4 sen joukot olivat ottaneet haltuunsa Rivnopilljan ja Mala Tokmatshkan kyl\u00e4t Zaporizhzhjan alueella. Tietoa ei ole riippumattomasti vahvistettu.<\/p>\n<p>Mala Tokmatshkan kyl\u00e4st\u00e4 k\u00e4ytiin viel\u00e4 lokakuun lopulla kiivas taistelu, jossa Ukraina sanoi torjuneensa Ven\u00e4j\u00e4n hy\u00f6kk\u00e4yksen ja tuhonneensa useita sotilasajoneuvoja, kertoi muun muassa <a href=\"https:\/\/www.kyivpost.com\/post\/62627\" rel=\"nofollow noopener\" target=\"_blank\">Kyiv Post<\/a>.<\/p>\n<p>Zaporizhzhjan rintamalla taisteluja ei yleisesti ole k\u00e4yty samalla kiivaudella kuin maan it\u00e4osissa, mutta Ven\u00e4j\u00e4n joukot ovat edistyneet molemmilla rintamilla. Id\u00e4ss\u00e4 Donetskissa taistelujen keskipisteen\u00e4 on logistisesti t\u00e4rke\u00e4 Pokrovskin kaupunki, jonka sis\u00e4lle on tunkeutunut satoja ven\u00e4l\u00e4issotilaita viime viikkojen taisteluissa.<\/p>\n<p>Yritykset saada aselepoa Ukrainaan ovat kuivuneet kokoon sen j\u00e4lkeen, kun harkittu tapaaminen Yhdysvaltain presidentti Donald Trumpin ja Ven\u00e4j\u00e4n presidentti Vladimir Putinin v\u00e4lill\u00e4 Budapestiss\u00e4 peruuntui.<\/p>\n<p>\t\t\t\tZelenskyi: Tshernobyl-leski kuoli iskussa<\/p>\n<p>Ven\u00e4j\u00e4n perjantaina tekem\u00e4ss\u00e4 iskussa Ukrainan Kiovaan kuoli Natalija Hodemtshuk, joka oli Tshernobylin ydinvoimalaonnettomuudessa vuonna 1986 kuolleen Valeri Hodemtshukin leski, kertoi presidentti Volodymyr Zelenskyi viestipalvelu <a href=\"https:\/\/x.com\/ZelenskyyUa\/status\/1989750529027666087\" rel=\"nofollow\">X:ss\u00e4<\/a>. Valeri Hodemtshukin ruumista ei aikoinaan saatu noudettua ydinvoimalan r\u00e4j\u00e4ht\u00e4neen nelj\u00e4nnen reaktorin raunioista.<\/p>\n<p>\u2013\u2009L\u00e4hes nelj\u00e4 vuosikymment\u00e4 my\u00f6hemmin Natalija sai surmansa uudessa tragediassa, josta vastuussa on niin ik\u00e4\u00e4n Kreml. Ukrainalaiset, jotka selvisiv\u00e4t Tshernobylist\u00e4 ja auttoivat j\u00e4lleenrakentamaan maatamme tuhon j\u00e4lkeen, kohtaavat j\u00e4lleen vaaraa hy\u00f6kk\u00e4\u00e4j\u00e4valtion terrorista, Zelenskyi kirjoitti.<\/p>\n<p>Perjantaisissa iskuissa Kiovaan kuoli kaikkiaan seitsem\u00e4n ihmist\u00e4, kertoo <a href=\"https:\/\/www.kyivpost.com\/post\/64299\" rel=\"nofollow noopener\" target=\"_blank\">Kyiv Post<\/a>.<\/p>\n<p>Zelenskyi saapui sunnuntaina vierailulle Kreikkaan, josta h\u00e4n jatkaa muualle Eurooppaan. H\u00e4n vierailee matkalla my\u00f6s Ranskassa ja Espanjassa.<\/p>\n<p>\t\t\t\tKreikan kanssa aiesopimus nesteytetyst\u00e4 maakaasusta<\/p>\n<p>Ukraina ja Kreikka solmivat aiesopimuksen amerikkalaisen nesteytetyn maakaasun toimittamisesta Ukrainaan talven yli. Kreikan ja Ukrainan kansalliset kaasuyhti\u00f6t kertoivat sopimuksesta sunnuntaina Zelenskyin ja Kreikan p\u00e4\u00e4ministeri Kyriakos Mitsotakisin tapaamisen yhteydess\u00e4.<\/p>\n<p>Amerikkalainen maakaasu saapuu Kreikkaan Egeanmeren rannalle l\u00e4helle Turkin rajaa, mist\u00e4 se jatkaa uutta putkea pitkin Bulgariaan ja siit\u00e4 pohjoiseen.<\/p>\n<p>Talvesta on ennustettu haastavaa energiapulasta k\u00e4rsiville ukrainalaisille. Ven\u00e4j\u00e4 on toistuvasti hy\u00f6k\u00e4nnyt maan energiainfrastruktuuria vastaan.<\/p>\n<p>\u2013\u2009Sopimus on t\u00e4rke\u00e4 osa laajaa energiapakettia, jota olemme valmistelleet varmistaaksemme kaasutoimitukset Ukrainaan, Zelenskyi kertoi viestipalvelu <a href=\"https:\/\/x.com\/ZelenskyyUa\/status\/1990062553473450196\" rel=\"nofollow\">X:ss\u00e4<\/a>.<\/p>\n<p>Kreikasta Zelenskyin on m\u00e4\u00e4r\u00e4 jatkaa matkaansa Ranskaan ja Espanjaan, miss\u00e4 tapetilla ovat j\u00e4lleen energia ja turvallisuus.<\/p>\n","protected":false},"excerpt":{"rendered":"Ven\u00e4j\u00e4n asevoimat sanoo vallanneensa kaksi uutta kyl\u00e4\u00e4 etel\u00e4isess\u00e4 Ukrainassa, jossa sen joukot ovat hitaasti vallanneet alaa alakynness\u00e4 olevilta&hellip;\n","protected":false},"author":2,"featured_media":91954,"comment_status":"","ping_status":"","sticky":false,"template":"","format":"standard","meta":{"footnotes":""},"categories":[14],"tags":[22,23,585,1628,2267,26,27,33,31,30,17,24,25,28,29,15,18,21,142,637,144,32,19,20,549,56,16,59,60,61],"class_list":{"0":"post-91953","1":"post","2":"type-post","3":"status-publish","4":"format-standard","5":"has-post-thumbnail","7":"category-ulkomaat","8":"tag-breaking-news","9":"tag-breakingnews","10":"tag-donald-trump","11":"tag-energia-ja-energiavarat","12":"tag-eurooppa","13":"tag-featured-news","14":"tag-featurednews","15":"tag-fi","16":"tag-finland","17":"tag-finnish","18":"tag-headlines","19":"tag-latest-news","20":"tag-latestnews","21":"tag-main-news","22":"tag-mainnews","23":"tag-news","24":"tag-otsikot","25":"tag-paauutiset","26":"tag-poliitikot","27":"tag-politiikka","28":"tag-presidentti","29":"tag-suomi","30":"tag-top-stories","31":"tag-topstories","32":"tag-ukrainan-sota","33":"tag-ulkomaat","34":"tag-uutiset","35":"tag-world","36":"tag-world-news","37":"tag-worldnews"},"share_on_mastodon":{"url":"https:\/\/pubeurope.com\/@fi\/115561731398137028","error":""},"_links":{"self":[{"href":"https:\/\/www.europesays.com\/fi\/wp-json\/wp\/v2\/posts\/91953","targetHints":{"allow":["GET"]}}],"collection":[{"href":"https:\/\/www.europesays.com\/fi\/wp-json\/wp\/v2\/posts"}],"about":[{"href":"https:\/\/www.europesays.com\/fi\/wp-json\/wp\/v2\/types\/post"}],"author":[{"embeddable":true,"href":"https:\/\/www.europesays.com\/fi\/wp-json\/wp\/v2\/users\/2"}],"replies":[{"embeddable":true,"href":"https:\/\/www.europesays.com\/fi\/wp-json\/wp\/v2\/comments?post=91953"}],"version-history":[{"count":0,"href":"https:\/\/www.europesays.com\/fi\/wp-json\/wp\/v2\/posts\/91953\/revisions"}],"wp:featuredmedia":[{"embeddable":true,"href":"https:\/\/www.europesays.com\/fi\/wp-json\/wp\/v2\/media\/91954"}],"wp:attachment":[{"href":"https:\/\/www.europesays.com\/fi\/wp-json\/wp\/v2\/media?parent=91953"}],"wp:term":[{"taxonomy":"category","embeddable":true,"href":"https:\/\/www.europesays.com\/fi\/wp-json\/wp\/v2\/categories?post=91953"},{"taxonomy":"post_tag","embeddable":true,"href":"https:\/\/www.europesays.com\/fi\/wp-json\/wp\/v2\/tags?post=91953"}],"curies":[{"name":"wp","href":"https:\/\/api.w.org\/{rel}","templated":true}]}}