{"id":91957,"date":"2025-11-16T22:28:10","date_gmt":"2025-11-16T22:28:10","guid":{"rendered":"https:\/\/www.europesays.com\/fi\/91957\/"},"modified":"2025-11-16T22:28:10","modified_gmt":"2025-11-16T22:28:10","slug":"yhdysvaltojen-lentotukialus-saapui-maaranpaahansa-karibianmerella-uutisia-lyhyesti","status":"publish","type":"post","link":"https:\/\/www.europesays.com\/fi\/91957\/","title":{"rendered":"Yhdysvaltojen lentotukialus saapui m\u00e4\u00e4r\u00e4np\u00e4\u00e4h\u00e4ns\u00e4 Karibianmerell\u00e4 | Uutisia lyhyesti"},"content":{"rendered":"<p class=\"aw-1gybjub aw-5vja16 kEtdKx kmuxyA yle__article__paragraph\">Presidentti Trump sanoi perjantaina \u201dtavallaan p\u00e4\u00e4tt\u00e4neens\u00e4\u201d Venezuelan kohtalosta.<\/p>\n<p><img decoding=\"async\" alt=\"Lentotukialus USS Gerald R. Ford merell\u00e4.\" src=\"https:\/\/www.europesays.com\/fi\/wp-content\/uploads\/2025\/11\/39-15521066913592dc4796.jpeg\" class=\"aw-1l9m598 hKVVvP\"\/><\/p>\n<p>Avaa kuvien katselu<\/p>\n<p>Arkistokuva. Yhdysvaltojen laivaston lentotukialus USS Gerald R. Ford kuvattuna Pohjanmerell\u00e4 syyskuussa 2025. Kuva: Jonathan Klein \/ AFP<\/p>\n<p class=\"aw-1gybjub aw-1p7kakr kEtdKx cEmitX yle__article__paragraph\">Yhdysvaltojen laivastoon kuuluva maailman suurin lentotukialus USS Gerald R. Ford saapui saattueineen sunnuntaina m\u00e4\u00e4r\u00e4np\u00e4\u00e4h\u00e4ns\u00e4 Karibianmerelle. Alusten saapuminen lis\u00e4\u00e4 merkitt\u00e4v\u00e4sti Yhdysvaltain joukkojen l\u00e4sn\u00e4oloa alueella ja Venezuelan l\u00e4hist\u00f6ll\u00e4.<\/p>\n<p class=\"aw-1gybjub aw-1p7kakr kEtdKx cEmitX yle__article__paragraph\">Alus saapui jo tiistaina Yhdysvaltain merivoimien etel\u00e4isen komentoalueen alueelle, joka k\u00e4sitt\u00e4\u00e4 Latinalaisen Amerikan ja Karibian. Yhdysvaltain merivoimat <a class=\"aw-iao6s4 iHOxEa yle__article__link\" href=\"https:\/\/www.navy.mil\/Press-Office\/News-Stories\/display-news\/Article\/4332628\/gerald-r-ford-carrier-strike-group-enters-caribbean-sea\/\" role=\"link\" rel=\"nofollow noopener\" target=\"_blank\">kertoi<\/a> sunnuntaina aluksen kulkeneen Brittil\u00e4isten Neitsytsaarien ohi Karibianmerelle.<\/p>\n<p class=\"aw-1gybjub aw-1p7kakr kEtdKx cEmitX yle__article__paragraph\">Liikehdint\u00e4 alueella vain kasvaa. Sunnuntaina oli my\u00f6s m\u00e4\u00e4r\u00e4 alkaa Venezuelan rannikolla sijaitsevan Trinidad ja Tobagon sek\u00e4 Yhdysvaltojen yhteinen sotaharjoitus. Harjoitus on jo toinen kuukauden sis\u00e4\u00e4n.<\/p>\n<p>Spekulaatiot Venezuelaan hy\u00f6kk\u00e4\u00e4misest\u00e4 yltyv\u00e4t<\/p>\n<p class=\"aw-1gybjub aw-1p7kakr kEtdKx cEmitX yle__article__paragraph\">Venezuelan itsevaltainen presidentti <strong class=\"aw-ak79eh KyCXm yle__article__strong\">Nicolas Maduro<\/strong> on aiemmin esitt\u00e4nyt huolen, ett\u00e4 lentotukialuksen ja muun sotakaluston tuominen alueelle olisi verhottu hallinnonvaihtosuunnitelma. Yhdysvallat ei tunnusta Maduron hallinnon laillisuutta, vaan syytt\u00e4\u00e4 presidentti\u00e4 huumekartellin johtamisesta. Maduron kiinniotosta on luvattu 50 miljoonan dollarin palkkio.<\/p>\n<p class=\"aw-1gybjub aw-1p7kakr kEtdKx cEmitX yle__article__paragraph\">Yhdysvaltain presidentti <strong class=\"aw-ak79eh KyCXm yle__article__strong\">Donald Trump<\/strong> on aiemmin tyrm\u00e4nnyt sodan mahdollisuuden Venezuelassa. Viime aikoina spekulaatiot sotilaallisista iskuista Venezuelaan ja Maduroa vastaan ovat kuitenkin yltyneet.<\/p>\n<p class=\"aw-1gybjub aw-1p7kakr kEtdKx cEmitX yle__article__paragraph\">Trump on kokoustanut viime aikoina asiaan liittyen sotilaallisten neuvonantajiensa kanssa. Presidentti kertoi perjantaina medialle \u201dtavallaan p\u00e4\u00e4tt\u00e4neens\u00e4\u201d, mit\u00e4 Venezuelan suhteen tehd\u00e4\u00e4n.<\/p>\n<p class=\"aw-1gybjub aw-1p7kakr kEtdKx cEmitX yle__article__paragraph\">\u2013 En voi kertoa teille, mit\u00e4 se on, mutta olemme edistyneet Venezuelan suhteen siin\u00e4, miten est\u00e4\u00e4 huumeiden tulviminen sielt\u00e4, Trump sanoi toimittajille.<\/p>\n<p>V\u00e4itetysti huumeidenvastaista taistelua<\/p>\n<p class=\"aw-1gybjub aw-1p7kakr kEtdKx cEmitX yle__article__paragraph\">Yhdysvaltain merivoimat on kertonut joukkojen lis\u00e4\u00e4misen olevan osa puolustusministeri\u00f6n Southern Spear -operaatiota, jonka tarkoituksena on kerrottu olevan kansainv\u00e4lisen laittoman meriliikenteen v\u00e4hent\u00e4minen l\u00e4ntisell\u00e4 pallonpuoliskolla.<\/p>\n<p class=\"aw-1gybjub aw-1p7kakr kEtdKx cEmitX yle__article__paragraph\">Trump on m\u00e4\u00e4r\u00e4nnyt joukkojen lis\u00e4\u00e4misest\u00e4 Karibialla osana taistelua huumeita ja niiden salakuljettajia vastaan. Yhdysvallat julisti tammikuussa huumekartellit ulkomaisiksi terroristij\u00e4rjest\u00f6iksi. Maa on t\u00e4m\u00e4n j\u00e4lkeen kohdistanut ep\u00e4iltyihin huumerikollisiin iskuja, joita se on tyypillisesti aiemmin kohdistanut vain vihollistaistelijoihin sodissa.<\/p>\n<p class=\"aw-1gybjub aw-1p7kakr kEtdKx cEmitX yle__article__paragraph\">Iskuissa Tyynell\u00e4merell\u00e4 ja Karibianmerell\u00e4 on syksyn aikana kuollut jo ainakin 80 ihmist\u00e4.<\/p>\n","protected":false},"excerpt":{"rendered":"Presidentti Trump sanoi perjantaina \u201dtavallaan p\u00e4\u00e4tt\u00e4neens\u00e4\u201d Venezuelan kohtalosta. Avaa kuvien katselu Arkistokuva. Yhdysvaltojen laivaston lentotukialus USS Gerald R.&hellip;\n","protected":false},"author":2,"featured_media":87392,"comment_status":"","ping_status":"","sticky":false,"template":"","format":"standard","meta":{"footnotes":""},"categories":[5],"tags":[22,23,585,26,27,33,31,30,17,4073,4258,24,25,28,29,15,18,21,32,19,20,56,16,7605,619,146],"class_list":{"0":"post-91957","1":"post","2":"type-post","3":"status-publish","4":"format-standard","5":"has-post-thumbnail","7":"category-otsikot","8":"tag-breaking-news","9":"tag-breakingnews","10":"tag-donald-trump","11":"tag-featured-news","12":"tag-featurednews","13":"tag-fi","14":"tag-finland","15":"tag-finnish","16":"tag-headlines","17":"tag-karibianmeri","18":"tag-konfliktit","19":"tag-latest-news","20":"tag-latestnews","21":"tag-main-news","22":"tag-mainnews","23":"tag-news","24":"tag-otsikot","25":"tag-paauutiset","26":"tag-suomi","27":"tag-top-stories","28":"tag-topstories","29":"tag-ulkomaat","30":"tag-uutiset","31":"tag-venezuela","32":"tag-yhdysvallat","33":"tag-yhdysvaltain-presidentti"},"share_on_mastodon":{"url":"https:\/\/pubeurope.com\/@fi\/115561739479785701","error":""},"_links":{"self":[{"href":"https:\/\/www.europesays.com\/fi\/wp-json\/wp\/v2\/posts\/91957","targetHints":{"allow":["GET"]}}],"collection":[{"href":"https:\/\/www.europesays.com\/fi\/wp-json\/wp\/v2\/posts"}],"about":[{"href":"https:\/\/www.europesays.com\/fi\/wp-json\/wp\/v2\/types\/post"}],"author":[{"embeddable":true,"href":"https:\/\/www.europesays.com\/fi\/wp-json\/wp\/v2\/users\/2"}],"replies":[{"embeddable":true,"href":"https:\/\/www.europesays.com\/fi\/wp-json\/wp\/v2\/comments?post=91957"}],"version-history":[{"count":0,"href":"https:\/\/www.europesays.com\/fi\/wp-json\/wp\/v2\/posts\/91957\/revisions"}],"wp:featuredmedia":[{"embeddable":true,"href":"https:\/\/www.europesays.com\/fi\/wp-json\/wp\/v2\/media\/87392"}],"wp:attachment":[{"href":"https:\/\/www.europesays.com\/fi\/wp-json\/wp\/v2\/media?parent=91957"}],"wp:term":[{"taxonomy":"category","embeddable":true,"href":"https:\/\/www.europesays.com\/fi\/wp-json\/wp\/v2\/categories?post=91957"},{"taxonomy":"post_tag","embeddable":true,"href":"https:\/\/www.europesays.com\/fi\/wp-json\/wp\/v2\/tags?post=91957"}],"curies":[{"name":"wp","href":"https:\/\/api.w.org\/{rel}","templated":true}]}}