{"id":91974,"date":"2025-11-16T23:13:12","date_gmt":"2025-11-16T23:13:12","guid":{"rendered":"https:\/\/www.europesays.com\/fi\/91974\/"},"modified":"2025-11-16T23:13:12","modified_gmt":"2025-11-16T23:13:12","slug":"nfl-pelaajaa-ammuttiin-new-yorkissa-on-kriittisessa-tilassa-urheilua-lyhyesti","status":"publish","type":"post","link":"https:\/\/www.europesays.com\/fi\/91974\/","title":{"rendered":"NFL-pelaajaa ammuttiin New Yorkissa \u2013 on kriittisess\u00e4 tilassa | Urheilua lyhyesti"},"content":{"rendered":"<p class=\"aw-1gybjub aw-5vja16 kEtdKx kmuxyA yle__article__paragraph\">Kris Boydia ampunutta henkil\u00f6\u00e4 ei ole viel\u00e4 mediatietojen mukaan saatu kiinni.<\/p>\n<p><img decoding=\"async\" alt=\"Kris Boyd pelaamassa amerikkalaista jalkapalloa.\" src=\"https:\/\/www.europesays.com\/fi\/wp-content\/uploads\/2025\/11\/39-1554731691a244d14666.jpeg\" class=\"aw-1l9m598 hKVVvP\"\/><\/p>\n<p>Avaa kuvien katselu<\/p>\n<p>Kris Boyd varattiin NFL:\u00e4\u00e4n vuoden 2019 draftissa. Kuva: Trask Smith\/CSM\/Shutterstock\/All Over Press<\/p>\n<p class=\"aw-1gybjub aw-1p7kakr kEtdKx cEmitX yle__article__paragraph\">Amerikkalaisen jalkapallon Yhdysvaltain ammattilaisliigassa NFL:ss\u00e4 pelaavaa <strong class=\"aw-ak79eh KyCXm yle__article__strong\">Kris Boydia<\/strong> ammuttiin sunnuntain vastaisena y\u00f6n\u00e4 vatsaan New Yorkissa. Asiasta kertoivat useat yhdysvaltalaisviestimet, muun muassa ESPN.<\/p>\n<p class=\"aw-1gybjub aw-1p7kakr kEtdKx cEmitX yle__article__paragraph\">Boydia, 29, ammuttiin kello kahden j\u00e4lkeen y\u00f6ll\u00e4 ja New York Postin mukaan ravintolan ulkopuolella, kiistan yllytty\u00e4 v\u00e4kivaltaiseksi. Ampuja pakeni paikalta autolla, eik\u00e4 pid\u00e4tyksi\u00e4 ilmeisesti ole viel\u00e4 tehty. Boyd puolestaan kiid\u00e4tettiin sairaalaan Manhattanille, ja h\u00e4nen tilansa on kriittinen mutta vakaa.<\/p>\n<p class=\"aw-1gybjub aw-1p7kakr kEtdKx cEmitX yle__article__paragraph\">Laitapuolustajana ja erikoistilannejoukkueessa pelaava Boyd liittyi t\u00e4ksi kaudeksi New York Jets -joukkueeseen, mutta h\u00e4n loukkaantui kautta edelt\u00e4v\u00e4ll\u00e4 harjoituskaudella eik\u00e4 ole pelannut kauden runkosarjapeleiss\u00e4. H\u00e4net varattiin NFL:\u00e4\u00e4n vuoden 2019 draftissa.<\/p>\n","protected":false},"excerpt":{"rendered":"Kris Boydia ampunutta henkil\u00f6\u00e4 ei ole viel\u00e4 mediatietojen mukaan saatu kiinni. Avaa kuvien katselu Kris Boyd varattiin NFL:\u00e4\u00e4n&hellip;\n","protected":false},"author":2,"featured_media":91975,"comment_status":"","ping_status":"","sticky":false,"template":"","format":"standard","meta":{"footnotes":""},"categories":[158],"tags":[4156,33,31,30,18300,11852,159,32,160],"class_list":{"0":"post-91974","1":"post","2":"type-post","3":"status-publish","4":"format-standard","5":"has-post-thumbnail","7":"category-urheilu","8":"tag-amerikkalainen-jalkapallo","9":"tag-fi","10":"tag-finland","11":"tag-finnish","12":"tag-new-york-jets","13":"tag-nfl","14":"tag-sports","15":"tag-suomi","16":"tag-urheilu"},"share_on_mastodon":{"url":"https:\/\/pubeurope.com\/@fi\/115561916685100533","error":""},"_links":{"self":[{"href":"https:\/\/www.europesays.com\/fi\/wp-json\/wp\/v2\/posts\/91974","targetHints":{"allow":["GET"]}}],"collection":[{"href":"https:\/\/www.europesays.com\/fi\/wp-json\/wp\/v2\/posts"}],"about":[{"href":"https:\/\/www.europesays.com\/fi\/wp-json\/wp\/v2\/types\/post"}],"author":[{"embeddable":true,"href":"https:\/\/www.europesays.com\/fi\/wp-json\/wp\/v2\/users\/2"}],"replies":[{"embeddable":true,"href":"https:\/\/www.europesays.com\/fi\/wp-json\/wp\/v2\/comments?post=91974"}],"version-history":[{"count":0,"href":"https:\/\/www.europesays.com\/fi\/wp-json\/wp\/v2\/posts\/91974\/revisions"}],"wp:featuredmedia":[{"embeddable":true,"href":"https:\/\/www.europesays.com\/fi\/wp-json\/wp\/v2\/media\/91975"}],"wp:attachment":[{"href":"https:\/\/www.europesays.com\/fi\/wp-json\/wp\/v2\/media?parent=91974"}],"wp:term":[{"taxonomy":"category","embeddable":true,"href":"https:\/\/www.europesays.com\/fi\/wp-json\/wp\/v2\/categories?post=91974"},{"taxonomy":"post_tag","embeddable":true,"href":"https:\/\/www.europesays.com\/fi\/wp-json\/wp\/v2\/tags?post=91974"}],"curies":[{"name":"wp","href":"https:\/\/api.w.org\/{rel}","templated":true}]}}