{"id":91980,"date":"2025-11-16T23:18:08","date_gmt":"2025-11-16T23:18:08","guid":{"rendered":"https:\/\/www.europesays.com\/fi\/91980\/"},"modified":"2025-11-16T23:18:08","modified_gmt":"2025-11-16T23:18:08","slug":"filippiinilaiset-protestoivat-korruptiopaljastusten-takia-uutisia-lyhyesti","status":"publish","type":"post","link":"https:\/\/www.europesays.com\/fi\/91980\/","title":{"rendered":"Filippiinil\u00e4iset protestoivat korruptio\u00adpaljastusten takia | Uutisia lyhyesti"},"content":{"rendered":"<p class=\"aw-1gybjub aw-5vja16 kEtdKx kmuxyA yle__article__paragraph\">Filippiineill\u00e4 650\u00a0000 ihmist\u00e4 osoitti mielt\u00e4\u00e4n korruptiota vastaan sunnuntaina. Maassa on selvinnyt, ett\u00e4 tulvien torjumiseen tarkoitettuja rahoja on hukkunut korruption takia.<\/p>\n<p><img decoding=\"async\" alt=\"Nainen pit\u00e4\u00e4 k\u00e4siss\u00e4\u00e4n presidentti\u00e4 vastustavaa mielenosoituslakanaa ja huutaa.\" src=\"https:\/\/www.europesays.com\/fi\/wp-content\/uploads\/2025\/11\/39-1554687691a05012f13c.jpeg\" class=\"aw-1l9m598 hKVVvP\"\/><\/p>\n<p>Avaa kuvien katselu<\/p>\n<p>Osa mielenosoittajista vaati my\u00f6s presidentti Bongbong Marcosin eroa. Kuva: Rolex dela Pen\u0303a \/ EPA<\/p>\n<p class=\"aw-1gybjub aw-1p7kakr kEtdKx cEmitX yle__article__paragraph\">Sadattuhannet ihmiset osoittivat mielt\u00e4 korruptiota vastaan Filippiineill\u00e4 sunnuntaina.<\/p>\n<p class=\"aw-1gybjub aw-1p7kakr kEtdKx cEmitX yle__article__paragraph\">Mielenosoitus sai alkunsa maan tulvantorjuntahankkeissa ilmenneest\u00e4 korruptiosta.<\/p>\n<p class=\"aw-1gybjub aw-1p7kakr kEtdKx cEmitX yle__article__paragraph\">Aiemmin t\u00e4n\u00e4 vuonna paljastui, ett\u00e4 tuhannet tulvantorjuntahankkeet Filippiineill\u00e4 ovat huonolaatuisia tai niit\u00e4 ei ole tehty lainkaan. Hankkeisiin osoitettujen rahojen ep\u00e4ill\u00e4\u00e4n p\u00e4\u00e4tyneen poliitikkojen, rakennusyritt\u00e4jien ja virkamiesten taskuihin.<\/p>\n<p class=\"aw-1gybjub aw-1p7kakr kEtdKx cEmitX yle__article__paragraph\">Poliitikkojen ep\u00e4ill\u00e4\u00e4n my\u00f6s vaatineen yrityksilt\u00e4 lahjuksia auttaakseen niit\u00e4 voittamaan kilpailutuksia.<\/p>\n<p class=\"aw-1gybjub aw-1p7kakr kEtdKx cEmitX yle__article__paragraph\">Sunnuntaina p\u00e4\u00e4kaupungissa Manilassa pidettyyn protestiin osallistui 650\u00a0000 ihmist\u00e4, arvioi poliisi.<\/p>\n<p class=\"aw-1gybjub aw-1p7kakr kEtdKx cEmitX yle__article__paragraph\">Mielenilmaus sujui viranomaisten mukaan rauhanomaisesti.<\/p>\n<p class=\"aw-1gybjub aw-1p7kakr kEtdKx cEmitX yle__article__paragraph\">L\u00e4hteet: AP, AFP<\/p>\n","protected":false},"excerpt":{"rendered":"Filippiineill\u00e4 650\u00a0000 ihmist\u00e4 osoitti mielt\u00e4\u00e4n korruptiota vastaan sunnuntaina. Maassa on selvinnyt, ett\u00e4 tulvien torjumiseen tarkoitettuja rahoja on hukkunut&hellip;\n","protected":false},"author":2,"featured_media":91981,"comment_status":"","ping_status":"","sticky":false,"template":"","format":"standard","meta":{"footnotes":""},"categories":[14],"tags":[22,23,26,27,33,927,31,30,17,24,25,28,29,2571,15,18,21,32,19,20,56,16,59,60,61],"class_list":{"0":"post-91980","1":"post","2":"type-post","3":"status-publish","4":"format-standard","5":"has-post-thumbnail","7":"category-ulkomaat","8":"tag-breaking-news","9":"tag-breakingnews","10":"tag-featured-news","11":"tag-featurednews","12":"tag-fi","13":"tag-filippiinit","14":"tag-finland","15":"tag-finnish","16":"tag-headlines","17":"tag-latest-news","18":"tag-latestnews","19":"tag-main-news","20":"tag-mainnews","21":"tag-mielenosoitukset","22":"tag-news","23":"tag-otsikot","24":"tag-paauutiset","25":"tag-suomi","26":"tag-top-stories","27":"tag-topstories","28":"tag-ulkomaat","29":"tag-uutiset","30":"tag-world","31":"tag-world-news","32":"tag-worldnews"},"share_on_mastodon":{"url":"https:\/\/pubeurope.com\/@fi\/115561936106818312","error":""},"_links":{"self":[{"href":"https:\/\/www.europesays.com\/fi\/wp-json\/wp\/v2\/posts\/91980","targetHints":{"allow":["GET"]}}],"collection":[{"href":"https:\/\/www.europesays.com\/fi\/wp-json\/wp\/v2\/posts"}],"about":[{"href":"https:\/\/www.europesays.com\/fi\/wp-json\/wp\/v2\/types\/post"}],"author":[{"embeddable":true,"href":"https:\/\/www.europesays.com\/fi\/wp-json\/wp\/v2\/users\/2"}],"replies":[{"embeddable":true,"href":"https:\/\/www.europesays.com\/fi\/wp-json\/wp\/v2\/comments?post=91980"}],"version-history":[{"count":0,"href":"https:\/\/www.europesays.com\/fi\/wp-json\/wp\/v2\/posts\/91980\/revisions"}],"wp:featuredmedia":[{"embeddable":true,"href":"https:\/\/www.europesays.com\/fi\/wp-json\/wp\/v2\/media\/91981"}],"wp:attachment":[{"href":"https:\/\/www.europesays.com\/fi\/wp-json\/wp\/v2\/media?parent=91980"}],"wp:term":[{"taxonomy":"category","embeddable":true,"href":"https:\/\/www.europesays.com\/fi\/wp-json\/wp\/v2\/categories?post=91980"},{"taxonomy":"post_tag","embeddable":true,"href":"https:\/\/www.europesays.com\/fi\/wp-json\/wp\/v2\/tags?post=91980"}],"curies":[{"name":"wp","href":"https:\/\/api.w.org\/{rel}","templated":true}]}}