{"id":91984,"date":"2025-11-16T23:20:11","date_gmt":"2025-11-16T23:20:11","guid":{"rendered":"https:\/\/www.europesays.com\/fi\/91984\/"},"modified":"2025-11-16T23:20:11","modified_gmt":"2025-11-16T23:20:11","slug":"maailman-suurin-sotalaiva-saapui-maaranpaahansa-tasta-on-kyse","status":"publish","type":"post","link":"https:\/\/www.europesays.com\/fi\/91984\/","title":{"rendered":"Maailman suurin sotalaiva saapui m\u00e4\u00e4r\u00e4np\u00e4\u00e4h\u00e4ns\u00e4 \u2013 t\u00e4st\u00e4 on kyse"},"content":{"rendered":"<p>Donald Trump sanoi perjantaina &#8221;tavallaan p\u00e4\u00e4tt\u00e4neens\u00e4&#8221; Venezuelan kohtalosta.<\/p>\n<p>16.11. 23:59<\/p>\n<p class=\"article-body mb-nof-24 px-nof-16\">Yhdysvaltojen laivastoon kuuluva maailman suurin lentotukialus USS Gerald R. Ford saapui saattueineen sunnuntaina m\u00e4\u00e4r\u00e4np\u00e4\u00e4h\u00e4ns\u00e4 Karibianmerelle. Alusten saapuminen lis\u00e4\u00e4 merkitt\u00e4v\u00e4sti Yhdysvaltain joukkojen l\u00e4sn\u00e4oloa alueella ja Venezuelan l\u00e4hist\u00f6ll\u00e4.<\/p>\n<p class=\"article-body mb-nof-24 px-nof-16\">Alus saapui jo tiistaina Yhdysvaltain merivoimien etel\u00e4isen komentoalueen alueelle, joka k\u00e4sitt\u00e4\u00e4 Latinalaisen Amerikan ja Karibian. Yhdysvaltain merivoimat <a class=\"article-genericlink\" href=\"https:\/\/www.navy.mil\/Press-Office\/News-Stories\/display-news\/Article\/4332628\/gerald-r-ford-carrier-strike-group-enters-caribbean-sea\/\" rel=\"nofollow noopener\" target=\"_blank\">kertoi<\/a> sunnuntaina aluksen kulkeneen Brittil\u00e4isten Neitsytsaarien ohi Karibianmerelle.<\/p>\n<p class=\"article-body mb-nof-24 px-nof-16\">Liikehdint\u00e4 alueella vain kasvaa. Sunnuntaina oli my\u00f6s m\u00e4\u00e4r\u00e4 alkaa Venezuelan rannikolla sijaitsevan Trinidad ja Tobagon sek\u00e4 Yhdysvaltojen yhteinen sotaharjoitus. Harjoitus on jo toinen kuukauden sis\u00e4\u00e4n.<\/p>\n<p><img decoding=\"async\" src=\"https:\/\/www.europesays.com\/fi\/wp-content\/uploads\/2025\/11\/1763335211_707_468.jpg\" alt=\"Trump puhui toimittajille Air Force One -lentokoneessa 14. syyskuuta.\" class=\"_Img_1rerz_1\" style=\"aspect-ratio:1.5011727912431587\" loading=\"eager\"\/><\/p>\n<p class=\"article-picture-caption\">Trump puhui toimittajille Air Force One -lentokoneessa 14. syyskuuta. Kuva:\u00a0Roberto Schmidt \/ Lehtikuva<\/p>\n<p class=\"article-body mb-nof-24 px-nof-16\">Venezuelan itsevaltainen presidentti <a class=\"article-personlink\" href=\"https:\/\/www.is.fi\/haku\/?query=Nicolas%20Maduro\" rel=\"nofollow noopener\" target=\"_blank\">Nicolas Maduro<\/a> on aiemmin esitt\u00e4nyt huolen, ett\u00e4 lentotukialuksen ja muun sotakaluston tuominen alueelle olisi verhottu hallinnonvaihtosuunnitelma. Yhdysvallat ei tunnusta Maduron hallinnon laillisuutta, vaan syytt\u00e4\u00e4 presidentti\u00e4 huumekartellin johtamisesta. Maduron kiinniotosta on luvattu 50 miljoonan dollarin palkkio.<\/p>\n<p class=\"article-body mb-nof-24 px-nof-16\">Yhdysvaltain presidentti <a class=\"article-personlink\" href=\"https:\/\/www.is.fi\/haku\/?query=Donald%20Trump\" rel=\"nofollow noopener\" target=\"_blank\">Donald Trump<\/a> on aiemmin tyrm\u00e4nnyt sodan mahdollisuuden Venezuelassa. Viime aikoina spekulaatiot sotilaallisista iskuista Venezuelaan ja Maduroa vastaan ovat kuitenkin yltyneet.<\/p>\n<p class=\"article-body mb-nof-24 px-nof-16\">Trump on kokoustanut viime aikoina asiaan liittyen sotilaallisten neuvonantajiensa kanssa. Presidentti kertoi perjantaina medialle &#8221;tavallaan p\u00e4\u00e4tt\u00e4neens\u00e4&#8221;, mit\u00e4 Venezuelan suhteen tehd\u00e4\u00e4n.<\/p>\n<p class=\"article-body mb-nof-24 px-nof-16\">\u2013\u2009En voi kertoa teille, mit\u00e4 se on, mutta olemme edistyneet Venezuelan suhteen siin\u00e4, miten est\u00e4\u00e4 huumeiden tulviminen sielt\u00e4, Trump sanoi toimittajille Air Force One -lentokoneessa.<\/p>\n<p class=\"article-body mb-nof-24 px-nof-16\">Yhdysvaltain merivoimat on kertonut joukkojen lis\u00e4\u00e4misen olevan osa puolustusministeri\u00f6n uutta Southern Spear -operaatiota. Operaation tarkoituksena on kerrottu olevan kansainv\u00e4lisen laittoman meriliikenteen v\u00e4hent\u00e4minen l\u00e4ntisell\u00e4 pallonpuoliskolla.<\/p>\n<p class=\"article-body mb-nof-24 px-nof-16\">Trump on m\u00e4\u00e4r\u00e4nnyt joukkojen lis\u00e4\u00e4misest\u00e4 Karibialla osana taistelua huumeita ja niiden salakuljettajia vastaan. Yhdysvallat julisti tammikuussa huumekartellit ulkomaisiksi terroristij\u00e4rjest\u00f6iksi. Maa on t\u00e4m\u00e4n j\u00e4lkeen kohdistanut ep\u00e4iltyihin huumerikollisiin iskuja, joita se on tyypillisesti aiemmin kohdistanut vain vihollistaistelijoihin sodissa.<\/p>\n<p class=\"article-body mb-nof-24 px-nof-16\">Iskuissa Tyynell\u00e4merell\u00e4 ja Karibianmerell\u00e4 on syksyn aikana kuollut jo ainakin 80 ihmist\u00e4. Yhdysvallat v\u00e4itt\u00e4\u00e4 iskujen kohteiden olleen huumeiden salakuljettajia, mutta se ei ole esitt\u00e4nyt t\u00e4st\u00e4 todisteita julkisuudessa.<\/p>\n","protected":false},"excerpt":{"rendered":"Donald Trump sanoi perjantaina &#8221;tavallaan p\u00e4\u00e4tt\u00e4neens\u00e4&#8221; Venezuelan kohtalosta. 16.11. 23:59 Yhdysvaltojen laivastoon kuuluva maailman suurin lentotukialus USS Gerald&hellip;\n","protected":false},"author":2,"featured_media":91985,"comment_status":"","ping_status":"","sticky":false,"template":"","format":"standard","meta":{"footnotes":""},"categories":[5],"tags":[22,23,26,27,33,31,30,17,34,24,25,28,29,15,18,21,32,19,20,16],"class_list":{"0":"post-91984","1":"post","2":"type-post","3":"status-publish","4":"format-standard","5":"has-post-thumbnail","7":"category-otsikot","8":"tag-breaking-news","9":"tag-breakingnews","10":"tag-featured-news","11":"tag-featurednews","12":"tag-fi","13":"tag-finland","14":"tag-finnish","15":"tag-headlines","16":"tag-ilta-sanomat","17":"tag-latest-news","18":"tag-latestnews","19":"tag-main-news","20":"tag-mainnews","21":"tag-news","22":"tag-otsikot","23":"tag-paauutiset","24":"tag-suomi","25":"tag-top-stories","26":"tag-topstories","27":"tag-uutiset"},"share_on_mastodon":{"url":"https:\/\/pubeurope.com\/@fi\/115561944064449532","error":""},"_links":{"self":[{"href":"https:\/\/www.europesays.com\/fi\/wp-json\/wp\/v2\/posts\/91984","targetHints":{"allow":["GET"]}}],"collection":[{"href":"https:\/\/www.europesays.com\/fi\/wp-json\/wp\/v2\/posts"}],"about":[{"href":"https:\/\/www.europesays.com\/fi\/wp-json\/wp\/v2\/types\/post"}],"author":[{"embeddable":true,"href":"https:\/\/www.europesays.com\/fi\/wp-json\/wp\/v2\/users\/2"}],"replies":[{"embeddable":true,"href":"https:\/\/www.europesays.com\/fi\/wp-json\/wp\/v2\/comments?post=91984"}],"version-history":[{"count":0,"href":"https:\/\/www.europesays.com\/fi\/wp-json\/wp\/v2\/posts\/91984\/revisions"}],"wp:featuredmedia":[{"embeddable":true,"href":"https:\/\/www.europesays.com\/fi\/wp-json\/wp\/v2\/media\/91985"}],"wp:attachment":[{"href":"https:\/\/www.europesays.com\/fi\/wp-json\/wp\/v2\/media?parent=91984"}],"wp:term":[{"taxonomy":"category","embeddable":true,"href":"https:\/\/www.europesays.com\/fi\/wp-json\/wp\/v2\/categories?post=91984"},{"taxonomy":"post_tag","embeddable":true,"href":"https:\/\/www.europesays.com\/fi\/wp-json\/wp\/v2\/tags?post=91984"}],"curies":[{"name":"wp","href":"https:\/\/api.w.org\/{rel}","templated":true}]}}