{"id":92021,"date":"2025-11-17T00:36:28","date_gmt":"2025-11-17T00:36:28","guid":{"rendered":"https:\/\/www.europesays.com\/fi\/92021\/"},"modified":"2025-11-17T00:36:28","modified_gmt":"2025-11-17T00:36:28","slug":"lukoil-jalostamoiden-yhtakkinen-pysaytys-olisi-isku-ita-euroopalle-asiantuntija-sita-tietenkaan-ei-haluta-uutissuomalainen","status":"publish","type":"post","link":"https:\/\/www.europesays.com\/fi\/92021\/","title":{"rendered":"Lukoil-jalostamoiden yht\u00e4kkinen pys\u00e4ytys olisi isku It\u00e4-Euroopalle \u2013 Asiantuntija: &#8221;Sit\u00e4 tietenk\u00e4\u00e4n ei haluta&#8221; | Uutissuomalainen"},"content":{"rendered":"<p>Ven\u00e4l\u00e4isen \u00f6ljy-yhti\u00f6n Lukoilin jalostamoiden toiminnan yht\u00e4kkinen pys\u00e4ytys It\u00e4-Euroopassa olisi alueen maille valtava taloudellinen isku, arvioi STT:lle taloushistorian professori Jari Eloranta Helsingin yliopistosta.<\/p>\n<p>\u2013\u2009Sit\u00e4 tietenk\u00e4\u00e4n ei haluta, koska taloudellinen kaaos ruokkisi EU-vastaisuutta, populismia ja Ven\u00e4j\u00e4-my\u00f6nteisemp\u00e4\u00e4 ajattelua, Eloranta sanoo.<\/p>\n<p>Yhdysvallat ilmoitti Lukoiliin ja toiseen ven\u00e4l\u00e4iseen \u00f6ljy-yhti\u00f6\u00f6n Rosneftiin kohdistamistaan pakotteista lokakuun lopulla Britannian vanavedess\u00e4. Pakotteet tulevat voimaan siirtym\u00e4ajan j\u00e4lkeen 21. marraskuuta.<\/p>\n<p>K\u00e4yt\u00e4nn\u00f6ss\u00e4 monet toimijat ovat jo lopettaneet yhteisty\u00f6ns\u00e4 \u00f6ljyj\u00e4ttien kanssa. Vaikutukset tuntuvat \u00f6ljyn jalostus- ja jakelutoiminnassa eri puolilla Eurooppaa, tuntuvimmin juuri It\u00e4-Euroopassa. Suomessa polttoaineyhti\u00f6 Teboil on Lukoilin omistama.<\/p>\n<p>Elorannan mukaan vaihtoehtoina on kansainv\u00e4listen omistusten toimintojen myyminen tai valtiolliseen kontrolliin ja mahdollisesti omistukseen ottaminen.<\/p>\n<p>Lukoilin oli m\u00e4\u00e4r\u00e4 myyd\u00e4 kansainv\u00e4liset toimintonsa Gunvor-konsernille, mutta kauppa peruuntui Yhdysvaltain vastustuksen vuoksi.<\/p>\n<p>\u2013\u2009On hyvin hankalaa ostaa toimintoja suoranaisesti, koska rahaa liikkuisi ven\u00e4l\u00e4isille yrityksille, joilla on hyvin l\u00e4heiset suhteet valtionhallintoon, Eloranta kertoo.<\/p>\n<p>Perjantaina paikallista aikaa Yhdysvaltain presidentin Donald Trumpin hallinto my\u00f6nsi <a href=\"https:\/\/ofac.treasury.gov\/recent-actions\/20251114\" rel=\"nofollow noopener\" target=\"_blank\">jatkoaikaa<\/a> Lukoilin joillekin liiketoimille Ven\u00e4j\u00e4n ulkopuolella. Asiasta kertoivat muun muassa uutistoimistot <a href=\"https:\/\/www.bloomberg.com\/news\/articles\/2025-11-14\/us-extends-lukoil-sanctions-waiver-as-new-buyers-emerge\" rel=\"nofollow noopener\" target=\"_blank\">Bloomberg<\/a> ja AFP. Lis\u00e4aikaa annettiin useimmille toiminnoille joulukuun puoliv\u00e4liin asti.<\/p>\n<p>\t\t\t\tBurgasin jalostamo valtion hallintaan<\/p>\n<p>Lukoililla on omistuksia laajalti Euroopassa. Yksi suurimmista kohteista on Bulgariassa toimiva Burgasin \u00f6ljynjalostamo.<\/p>\n<p>Bulgariassa tehtiin viime viikolla lakimuutos, jolla Burgasin jalostamo otetaan valtion hallintaan. Mustanmeren rannalla sijaitseva \u00f6ljynjalostamo on Balkanin suurin ja samalla Bulgarian suurin yritys. Sen liikevaihto oli vuonna 2024 noin 4,7 miljardia euroa.<\/p>\n<p>Bulgarian parlamentin hyv\u00e4ksym\u00e4n lakimuutoksen tarkoituksena on est\u00e4\u00e4 jalostamon sulkeminen. Jalostamon ottaminen valtion hallintaan ei viel\u00e4 katkaise omistussuhdetta Ven\u00e4j\u00e4\u00e4n, Eloranta kertoo.<\/p>\n<p>\u2013\u2009Jos taas puhutaan kansallistamisesta, siirtyisi omistajuuskin pois Ven\u00e4j\u00e4lt\u00e4, h\u00e4n tarkentaa.<\/p>\n<p>Kansallistamiseen liittyy monenlaisia oikeudellisia ongelmia. Asiantuntija Ruslan Stefanov CSD-ajatushautomosta arvioi Bulgarian l\u00e4hestymistavan olevan oikeansuuntainen, mutta riskialtis.<\/p>\n<p>\u2013\u2009Kansallistamisen mahdollisuuden j\u00e4tt\u00e4minen avoimeksi on eritt\u00e4in riskialtista ja voi heikent\u00e4\u00e4 sanktioiden vaikutusta. Lukoil voi haastaa Bulgarian valtion oikeuteen ja saada paljon suuremman korvauksen, Stefanov kommentoi uutistoimisto AFP:lle.<\/p>\n<p>Bulgarian mutkikkaan tilanteen ratkaisuun saatiin l\u00e4hes puoli vuotta lis\u00e4aikaa, sill\u00e4 Yhdysvallat my\u00f6nsi tuoreimmassa p\u00e4\u00e4t\u00f6ksess\u00e4\u00e4n tietyille Lukoilin Bulgarian-liiketoiminnoille poikkeusluvalla jatkoaikaa aina ensi vuoden huhtikuun loppuun asti.<\/p>\n<p>\t\t\t\tKansallinen tarjonta ja ty\u00f6paikat vaarassa<\/p>\n<p>Toinen Lukoilin \u00f6ljynjalostamo it\u00e4isess\u00e4 Euroopassa on <a href=\"https:\/\/petrotel.lukoil.com\/en\/About\/GeneralInformation\" rel=\"nofollow noopener\" target=\"_blank\">Petrotel-Lukoil<\/a> Romaniassa. Maa ei ole viel\u00e4 tehnyt virallista p\u00e4\u00e4t\u00f6st\u00e4 jalostamon osalta, kertoo <a href=\"https:\/\/www.politico.eu\/article\/romania-and-bulgaria-scramble-to-protect-russian-refineries-as-trump-sanctions-loom\/\" rel=\"nofollow noopener\" target=\"_blank\">Politico<\/a>. Jatkoajan pyyt\u00e4mist\u00e4 pakotteiden voimaanastumiselle harkitaan, ja kansallistaminen n\u00e4hd\u00e4\u00e4n viimeisen\u00e4 vaihtoehtona, hallitusl\u00e4hde kommentoi lehdelle anonyymisti.<\/p>\n<p>Romanian energiaministerin <a href=\"https:\/\/www.facebook.com\/photo\/?fbid=1454101113382858&amp;set=a.293059609487020\" rel=\"nofollow noopener\" target=\"_blank\">mukaan<\/a> maan olisi otettava jalostamo haltuunsa, jotta pakotteita voitaisiin noudattaa vaarantamatta ty\u00f6paikkoja ja kansallista polttoainemarkkinoiden tarjontaa. Asiasta kertoi Romania Insider &#8211;<a href=\"https:\/\/www.romania-insider.com\/romania-law-control-lukoil-refinery-nov-2025\" rel=\"nofollow noopener\" target=\"_blank\">uutissivusto<\/a>.<\/p>\n<p>Petrotel-Lukoilin jalostuskapasiteetti noin 2,4 miljoonaa tonnia vuodessa, mik\u00e4 vastaa noin 20:t\u00e4 prosenttia Romanian jalostuskapasiteetista. Se on my\u00f6s p\u00e4\u00e4asiallinen \u00f6ljyntuoja Slovakialle ja Unkarille. Lukoililla on my\u00f6s noin 300 huoltoaseman verkosto Romaniassa Mustanmeren rannikolla.<\/p>\n<p>L\u00e4ntisess\u00e4 Euroopassa Lukoil on vuodesta 2009 l\u00e4htien <a href=\"https:\/\/www.lukoil.com\/PressCenter\/Pressreleases\/Pressrelease\/lukoil-completes-acquisition-of-45-in-oil\" rel=\"nofollow noopener\" target=\"_blank\">omistanut<\/a> 45 prosentin osuuden hollantilaisesta \u00f6ljynjalostamosta.<\/p>\n<p>\t\t\t\tP\u00e4\u00e4ttyyk\u00f6 energiariippuvuus Ven\u00e4j\u00e4st\u00e4?<\/p>\n<p>ECFR-ajatuspajan <a href=\"https:\/\/ecfr.eu\/article\/energy-reckoning-how-europe-can-use-us-sanctions-to-cut-moscows-oil-ties\/\" rel=\"nofollow noopener\" target=\"_blank\">mukaan<\/a> ven\u00e4l\u00e4is\u00f6ljyyn kohdistetut pakotteet tarjoavat Euroopalle tilaisuuden katkaista lopullisesti energiariippuvuutensa Ven\u00e4j\u00e4st\u00e4.<\/p>\n<p>Rosneft s\u00e4ilytt\u00e4\u00e4 Saksassa virallisen omistusoikeuden keskeisiin jalostamoihin, jotka edustavat noin 12:ta prosenttia Saksan \u00f6ljynjalostuskapasiteetista. Saksan hallitus on pit\u00e4nyt n\u00e4it\u00e4 omaisuuseri\u00e4 hallinnoitavanaan syyskuusta 2022 l\u00e4htien.<\/p>\n<p>Saksa on saanut Yhdysvalloilta kuuden kuukauden siirtym\u00e4ajan katkaista suhteet Rosneftiin kokonaan. Elorannan mukaan on ep\u00e4selv\u00e4\u00e4, miss\u00e4 aikataulussa irtautuminen toteutettaisiin ja miten suuria vaikutuksia sill\u00e4 olisi.<\/p>\n<p>Nopeaa ratkaisua Ukrainan konfliktiin ei ole pakotteiden my\u00f6t\u00e4 n\u00e4kyviss\u00e4, sill\u00e4 niiden vaikutukset Ven\u00e4j\u00e4\u00e4n ovat hitaita. Keskeist\u00e4 Elorannan mukaan on se, miss\u00e4 m\u00e4\u00e4rin Intia ja Kiina pyrkiv\u00e4t eroon ven\u00e4l\u00e4is\u00f6ljyst\u00e4 jatkopakotteiden pelossa.<\/p>\n<p>\u2013\u2009Silloin \u00f6ljyn hintaa joudutaan laskemaan Ven\u00e4j\u00e4n \u00f6ljyntoimittajien piiriss\u00e4, mik\u00e4 sy\u00f6 Ven\u00e4j\u00e4n sotatalouden kivijalkaa niin voimakkaasti, ett\u00e4 ainakin se aikaperspektiivi, jolloin Ven\u00e4j\u00e4n t\u00e4ytyy l\u00e4hte\u00e4 neuvottelemaan uskottavammin rauhasta, tulee lyhentym\u00e4\u00e4n.<\/p>\n<p>Eloranta huomauttaa, ett\u00e4 yksi Trumpin hallinnon yksi keskeisist\u00e4 periaatteista on ollut osoittaa halua neuvotella. Ven\u00e4j\u00e4lle on koko ajan tarjottu kepin ohella my\u00f6s porkkanaa.<\/p>\n<p>\u2013\u2009Vaikka kiristet\u00e4\u00e4n ruuvia, j\u00e4tet\u00e4\u00e4n my\u00f6s ovi auki sille, ett\u00e4 n\u00e4ist\u00e4 (pakotteista) voidaan neuvotella, jos Ven\u00e4j\u00e4 tekee oikeita liikkeit\u00e4 rauhanprosessin suuntaan.<\/p>\n<p>&#8212;<\/p>\n<p>L\u00e4hteen\u00e4 my\u00f6s AFP.<\/p>\n","protected":false},"excerpt":{"rendered":"Ven\u00e4l\u00e4isen \u00f6ljy-yhti\u00f6n Lukoilin jalostamoiden toiminnan yht\u00e4kkinen pys\u00e4ytys It\u00e4-Euroopassa olisi alueen maille valtava taloudellinen isku, arvioi STT:lle taloushistorian professori&hellip;\n","protected":false},"author":2,"featured_media":92022,"comment_status":"","ping_status":"","sticky":false,"template":"","format":"standard","meta":{"footnotes":""},"categories":[14],"tags":[22,23,1617,2267,26,27,33,31,30,17,104,24,25,28,29,15,18,21,637,144,32,19,20,2371,56,16,547,59,60,61],"class_list":{"0":"post-92021","1":"post","2":"type-post","3":"status-publish","4":"format-standard","5":"has-post-thumbnail","7":"category-ulkomaat","8":"tag-breaking-news","9":"tag-breakingnews","10":"tag-euroopan-unioni","11":"tag-eurooppa","12":"tag-featured-news","13":"tag-featurednews","14":"tag-fi","15":"tag-finland","16":"tag-finnish","17":"tag-headlines","18":"tag-helsinki","19":"tag-latest-news","20":"tag-latestnews","21":"tag-main-news","22":"tag-mainnews","23":"tag-news","24":"tag-otsikot","25":"tag-paauutiset","26":"tag-politiikka","27":"tag-presidentti","28":"tag-suomi","29":"tag-top-stories","30":"tag-topstories","31":"tag-tyo-ja-raha","32":"tag-ulkomaat","33":"tag-uutiset","34":"tag-venaja","35":"tag-world","36":"tag-world-news","37":"tag-worldnews"},"share_on_mastodon":{"url":"https:\/\/pubeurope.com\/@fi\/115562242641837734","error":""},"_links":{"self":[{"href":"https:\/\/www.europesays.com\/fi\/wp-json\/wp\/v2\/posts\/92021","targetHints":{"allow":["GET"]}}],"collection":[{"href":"https:\/\/www.europesays.com\/fi\/wp-json\/wp\/v2\/posts"}],"about":[{"href":"https:\/\/www.europesays.com\/fi\/wp-json\/wp\/v2\/types\/post"}],"author":[{"embeddable":true,"href":"https:\/\/www.europesays.com\/fi\/wp-json\/wp\/v2\/users\/2"}],"replies":[{"embeddable":true,"href":"https:\/\/www.europesays.com\/fi\/wp-json\/wp\/v2\/comments?post=92021"}],"version-history":[{"count":0,"href":"https:\/\/www.europesays.com\/fi\/wp-json\/wp\/v2\/posts\/92021\/revisions"}],"wp:featuredmedia":[{"embeddable":true,"href":"https:\/\/www.europesays.com\/fi\/wp-json\/wp\/v2\/media\/92022"}],"wp:attachment":[{"href":"https:\/\/www.europesays.com\/fi\/wp-json\/wp\/v2\/media?parent=92021"}],"wp:term":[{"taxonomy":"category","embeddable":true,"href":"https:\/\/www.europesays.com\/fi\/wp-json\/wp\/v2\/categories?post=92021"},{"taxonomy":"post_tag","embeddable":true,"href":"https:\/\/www.europesays.com\/fi\/wp-json\/wp\/v2\/tags?post=92021"}],"curies":[{"name":"wp","href":"https:\/\/api.w.org\/{rel}","templated":true}]}}