{"id":92023,"date":"2025-11-17T00:37:10","date_gmt":"2025-11-17T00:37:10","guid":{"rendered":"https:\/\/www.europesays.com\/fi\/92023\/"},"modified":"2025-11-17T00:37:10","modified_gmt":"2025-11-17T00:37:10","slug":"kaikkien-aikojen-ennatys-rikki-rakeet-piiskaavat-helsinkia","status":"publish","type":"post","link":"https:\/\/www.europesays.com\/fi\/92023\/","title":{"rendered":"Kaikkien aikojen enn\u00e4tys rikki \u2013 Rakeet piiskaavat Helsinki\u00e4"},"content":{"rendered":"<p><img decoding=\"async\" class=\"image image-show image-preview\" src=\"https:\/\/www.europesays.com\/fi\/wp-content\/uploads\/2025\/11\/dd8705b51dda37294a3a73b558efef8f95a6b818b79e723ac4608889f3499e8b.jpg\" alt=\"\"\/><img decoding=\"async\" class=\"image image-show\" src=\"https:\/\/www.europesays.com\/fi\/wp-content\/uploads\/2025\/11\/1763339829_95_dd8705b51dda37294a3a73b558efef8f95a6b818b79e723ac4608889f3499e8b.jpg\" alt=\"\"\/><\/p>\n<p>Helsingiss\u00e4 satoi j\u00e4\u00e4rakeita. Lukijan kuva<\/p>\n<p class=\"paragraph\">Ilmatieteen laitoksen mukaan Suomenlahdella on muodostunut voimakas sadekuuronauha, joka on tuonut poikkeuksellisen paljon sateita etel\u00e4rannikolle.<\/p>\n<p class=\"paragraph\">Enimm\u00e4kseen sataa vett\u00e4, mutta seassa on lunta, r\u00e4nt\u00e4\u00e4 ja j\u00e4\u00e4rakeita, p\u00e4ivyst\u00e4v\u00e4 meteorologi <strong>Ville Siiskonen<\/strong> sanoo.<\/p>\n<p class=\"paragraph\">Virolahdella on mitattu jo 59,5 millimetri\u00e4 sadetta, mik\u00e4 alustavasti rikkoo marraskuun kaikkien aikojen vuorokausisade-enn\u00e4tyksen.<\/p>\n<p class=\"paragraph\">\u2013 Aina jos ihan kaikkien aikojen enn\u00e4tys tapahtuu, voidaan puhua poikkeuksellisesta tilanteesta, Siiskonen kertoo.<\/p>\n<p class=\"paragraph\">Sadem\u00e4\u00e4r\u00e4n lopullinen lukema varmistuu maanantaiaamuna, ja ennusteiden mukaan sateita kertyy viel\u00e4 aamuy\u00f6h\u00f6n asti.<\/p>\n<p class=\"paragraph\">Iltalehden lukija kertoo, ett\u00e4 Helsingin Kulosaaressa satoi runsaasti rakeita sunnuntai-iltana.<\/p>\n<p>Vesisateen seassa satoi rakeita. Lukijan kuva<\/p>\n<p><a href=\"https:\/\/www.iltalehti.fi\/parassaa?storeCampaign=ArticleBottomBanner\" rel=\"nofollow noopener\" target=\"_blank\"><img decoding=\"async\" src=\"https:\/\/www.europesays.com\/fi\/wp-content\/uploads\/2025\/08\/d0fd7860228df4fdd5fd0367e49d769aa09b08189080ddc5ccdd8c31ad63aca9.png\" alt=\"IL Paras S\u00e4\u00e4 - S\u00e4\u00e4tiedot ja s\u00e4\u00e4ennusteet\"\/><\/a><\/p>\n","protected":false},"excerpt":{"rendered":"Helsingiss\u00e4 satoi j\u00e4\u00e4rakeita. Lukijan kuva Ilmatieteen laitoksen mukaan Suomenlahdella on muodostunut voimakas sadekuuronauha, joka on tuonut poikkeuksellisen paljon&hellip;\n","protected":false},"author":2,"featured_media":92024,"comment_status":"","ping_status":"","sticky":false,"template":"","format":"standard","meta":{"footnotes":""},"categories":[12],"tags":[35,22,23,26,27,33,31,30,17,24,25,28,29,715,15,18,21,710,714,32,538,4107,19,20,16],"class_list":{"0":"post-92023","1":"post","2":"type-post","3":"status-publish","4":"format-standard","5":"has-post-thumbnail","7":"category-suomi","8":"tag-24h","9":"tag-breaking-news","10":"tag-breakingnews","11":"tag-featured-news","12":"tag-featurednews","13":"tag-fi","14":"tag-finland","15":"tag-finnish","16":"tag-headlines","17":"tag-latest-news","18":"tag-latestnews","19":"tag-main-news","20":"tag-mainnews","21":"tag-meteorologia","22":"tag-news","23":"tag-otsikot","24":"tag-paauutiset","25":"tag-saa","26":"tag-saaennustus","27":"tag-suomi","28":"tag-tiede-ja-tekniikka","29":"tag-tiedotukset-saa","30":"tag-top-stories","31":"tag-topstories","32":"tag-uutiset"},"share_on_mastodon":{"url":"https:\/\/pubeurope.com\/@fi\/115562246808091700","error":""},"_links":{"self":[{"href":"https:\/\/www.europesays.com\/fi\/wp-json\/wp\/v2\/posts\/92023","targetHints":{"allow":["GET"]}}],"collection":[{"href":"https:\/\/www.europesays.com\/fi\/wp-json\/wp\/v2\/posts"}],"about":[{"href":"https:\/\/www.europesays.com\/fi\/wp-json\/wp\/v2\/types\/post"}],"author":[{"embeddable":true,"href":"https:\/\/www.europesays.com\/fi\/wp-json\/wp\/v2\/users\/2"}],"replies":[{"embeddable":true,"href":"https:\/\/www.europesays.com\/fi\/wp-json\/wp\/v2\/comments?post=92023"}],"version-history":[{"count":0,"href":"https:\/\/www.europesays.com\/fi\/wp-json\/wp\/v2\/posts\/92023\/revisions"}],"wp:featuredmedia":[{"embeddable":true,"href":"https:\/\/www.europesays.com\/fi\/wp-json\/wp\/v2\/media\/92024"}],"wp:attachment":[{"href":"https:\/\/www.europesays.com\/fi\/wp-json\/wp\/v2\/media?parent=92023"}],"wp:term":[{"taxonomy":"category","embeddable":true,"href":"https:\/\/www.europesays.com\/fi\/wp-json\/wp\/v2\/categories?post=92023"},{"taxonomy":"post_tag","embeddable":true,"href":"https:\/\/www.europesays.com\/fi\/wp-json\/wp\/v2\/tags?post=92023"}],"curies":[{"name":"wp","href":"https:\/\/api.w.org\/{rel}","templated":true}]}}