{"id":92039,"date":"2025-11-17T01:04:13","date_gmt":"2025-11-17T01:04:13","guid":{"rendered":"https:\/\/www.europesays.com\/fi\/92039\/"},"modified":"2025-11-17T01:04:13","modified_gmt":"2025-11-17T01:04:13","slug":"hradecky-palaa-huuhkajien-tolppien-valiin-pukin-jaahyvaispelissa-urheilu","status":"publish","type":"post","link":"https:\/\/www.europesays.com\/fi\/92039\/","title":{"rendered":"Hradecky palaa Huuhkajien tolppien v\u00e4liin Pukin j\u00e4\u00e4hyv\u00e4ispeliss\u00e4 | Urheilu"},"content":{"rendered":"<p>Maanantaina Tampereella p\u00e4\u00e4ttyy yksi upea luku suomalaista jalkapallohistoriaa, kun miesten A-maajoukkueen kaikkien aikojen ykk\u00f6smaalintekij\u00e4 Teemu Pukki p\u00e4\u00e4tt\u00e4\u00e4 uransa Huuhkajissa. Pukin j\u00e4\u00e4hyv\u00e4isottelussa Tammelan stadionilla vastassa on Andorra maaottelussa, joka p\u00e4\u00e4tt\u00e4\u00e4 maajoukkuevuoden. MM-karsinnat p\u00e4\u00e4ttyiv\u00e4t perjantaina surkeaan Malta-kotitappioon.<\/p>\n<p>Viime kuukaudet sivussa niin maajoukkueesta kuin seurajoukkueensa Monacon peleist\u00e4 ollut maalivahti Lukas Hradecky palaa Huuhkajien tolppien v\u00e4liin, <a href=\"https:\/\/www.palloliitto.fi\/ajankohtaista\/hradecky-odottaa-viimeista-pukki-partya-ylivoimainen-kliininen-maalintekija\" rel=\"nofollow noopener\" target=\"_blank\">kertoi<\/a> Palloliitto. Hradeckylle oli t\u00e4rke\u00e4\u00e4 toipua pelikuntoon Pukin j\u00e4\u00e4hyv\u00e4isottelua varten.<\/p>\n<p>\u2013\u2009Kaikkea ei voi tietenk\u00e4\u00e4n kertoa, olemme jakaneet niin monta hetke\u00e4. Se on kaikkea tuplatreffeist\u00e4 kalsarik\u00e4nneihin, kaikenlaista on tullut touhuttua. Kent\u00e4ll\u00e4 h\u00e4n on ihan ylivoimainen kliininen maalintekij\u00e4. Kent\u00e4n ulkopuolella viel\u00e4 parempi ihminen, Hradecky tarinoi pitk\u00e4aikaisesta yst\u00e4v\u00e4st\u00e4\u00e4n.<\/p>\n<p>\u2013\u2009Meill\u00e4 tulee olemaan viimeinen tanssi Teemun kanssa. Onneksi sain t\u00e4m\u00e4n sauman ja tulin kuntoon. Polvi on nyt enemm\u00e4n kuin ehj\u00e4 \u2013 kiva olla takaisin.<\/p>\n","protected":false},"excerpt":{"rendered":"Maanantaina Tampereella p\u00e4\u00e4ttyy yksi upea luku suomalaista jalkapallohistoriaa, kun miesten A-maajoukkueen kaikkien aikojen ykk\u00f6smaalintekij\u00e4 Teemu Pukki p\u00e4\u00e4tt\u00e4\u00e4 uransa&hellip;\n","protected":false},"author":2,"featured_media":92040,"comment_status":"","ping_status":"","sticky":false,"template":"","format":"standard","meta":{"footnotes":""},"categories":[5],"tags":[22,23,26,27,33,31,30,3304,17,43,42,24,25,41,28,29,15,18,21,32,551,712,19,20,161,16],"class_list":{"0":"post-92039","1":"post","2":"type-post","3":"status-publish","4":"format-standard","5":"has-post-thumbnail","7":"category-otsikot","8":"tag-breaking-news","9":"tag-breakingnews","10":"tag-featured-news","11":"tag-featurednews","12":"tag-fi","13":"tag-finland","14":"tag-finnish","15":"tag-forssan-seutukunta","16":"tag-headlines","17":"tag-jalkapallo","18":"tag-jalkapalloon-perustuvat-lajit","19":"tag-latest-news","20":"tag-latestnews","21":"tag-liikunta-ja-urheilu","22":"tag-main-news","23":"tag-mainnews","24":"tag-news","25":"tag-otsikot","26":"tag-paauutiset","27":"tag-suomi","28":"tag-tampere","29":"tag-tampereen-seutukunta","30":"tag-top-stories","31":"tag-topstories","32":"tag-urheilutapahtumat","33":"tag-uutiset"},"share_on_mastodon":{"url":"https:\/\/pubeurope.com\/@fi\/115562352659767949","error":""},"_links":{"self":[{"href":"https:\/\/www.europesays.com\/fi\/wp-json\/wp\/v2\/posts\/92039","targetHints":{"allow":["GET"]}}],"collection":[{"href":"https:\/\/www.europesays.com\/fi\/wp-json\/wp\/v2\/posts"}],"about":[{"href":"https:\/\/www.europesays.com\/fi\/wp-json\/wp\/v2\/types\/post"}],"author":[{"embeddable":true,"href":"https:\/\/www.europesays.com\/fi\/wp-json\/wp\/v2\/users\/2"}],"replies":[{"embeddable":true,"href":"https:\/\/www.europesays.com\/fi\/wp-json\/wp\/v2\/comments?post=92039"}],"version-history":[{"count":0,"href":"https:\/\/www.europesays.com\/fi\/wp-json\/wp\/v2\/posts\/92039\/revisions"}],"wp:featuredmedia":[{"embeddable":true,"href":"https:\/\/www.europesays.com\/fi\/wp-json\/wp\/v2\/media\/92040"}],"wp:attachment":[{"href":"https:\/\/www.europesays.com\/fi\/wp-json\/wp\/v2\/media?parent=92039"}],"wp:term":[{"taxonomy":"category","embeddable":true,"href":"https:\/\/www.europesays.com\/fi\/wp-json\/wp\/v2\/categories?post=92039"},{"taxonomy":"post_tag","embeddable":true,"href":"https:\/\/www.europesays.com\/fi\/wp-json\/wp\/v2\/tags?post=92039"}],"curies":[{"name":"wp","href":"https:\/\/api.w.org\/{rel}","templated":true}]}}