{"id":92043,"date":"2025-11-17T01:23:09","date_gmt":"2025-11-17T01:23:09","guid":{"rendered":"https:\/\/www.europesays.com\/fi\/92043\/"},"modified":"2025-11-17T01:23:09","modified_gmt":"2025-11-17T01:23:09","slug":"ruotsalaismedia-jarkko-wiss-ehdolla-sarjapaikkansa-menettaneen-seuran-paavalmentajaksi-urheilu","status":"publish","type":"post","link":"https:\/\/www.europesays.com\/fi\/92043\/","title":{"rendered":"Ruotsalaismedia: Jarkko Wiss ehdolla sarjapaikkansa menett\u00e4neen seuran p\u00e4\u00e4valmentajaksi | Urheilu"},"content":{"rendered":"<p>KuPSin toiseen per\u00e4kk\u00e4iseen Suomen mestaruuteen valmentanutta <strong>Jarkko Wissi\u00e4<\/strong> huhutaan ensi kaudeksi ruotsalaisseuran ruoriin.<\/p>\n<p>Ruotsalainen <a href=\"https:\/\/fotbolldirekt.se\/silly-season\/avslojar-oster-visar-intresse-for-mastartranaren\/\" rel=\"nofollow noopener\" target=\"_blank\">Fotbolldirekt <\/a>kertoo useisiin l\u00e4hteisiins\u00e4 vedoten Ruotsin korkeimmalta sarjatasolta Allsvenskanista ensi kaudeksi Superettaniin, eli toiselle sarjatasolle, tippuvan \u00d6sters IF:n olevan kiinnostunut Wissin palveluksista.<\/p>\n<p>Sivuston mukaan Wiss on yksi useista vaihtoehdoista korvaamaan v\u00e4xj\u00f6l\u00e4isseuraa t\u00e4n\u00e4 syksyn\u00e4 valmentaneen <strong>Roberth Bj\u00f6rknesj\u00f6n<\/strong>.<\/p>\n<p>Fotbolldirekt kertoo \u00d6stersin olleen yhteydess\u00e4 Wissiin, ja h\u00e4nen olevan mahdollisesti kiinnostunut teht\u00e4v\u00e4st\u00e4. Seuran urheilutoimenjohtaja <strong>Ola Larsson<\/strong> ei kommentoinut huhuja julkaisulle.<\/p>\n<p>My\u00f6s turkulaista FC Interi\u00e4 t\u00e4ll\u00e4 kaudella valmentaneen <strong>Vesa Vasaran<\/strong> on huhuttu olevan \u00d6stersin kiinnostuksen kohteena.<\/p>\n<p>KuPSia viime kaudella valmentanut <strong>Jani Honkavaara<\/strong> siirtyi my\u00f6s tuplamestaruuteen p\u00e4\u00e4ttyneen kauden j\u00e4lkeen Ruotsiin tukholmalaisen Djurg\u00e5rdenin p\u00e4\u00e4valmentajaksi. Tappio Honkavaaran Djurg\u00e5rdenille Allsvenskanin viimeisen kierroksen ottelussa viime sunnuntaina sinet\u00f6i \u00d6sters IF:n tippumisen sarjatasoa alemmas.<\/p>\n<p><strong class=\"diks-storyline__impact\">P\u00e4\u00e4ttyv\u00e4 kausi <\/strong>oli Wissin ensimm\u00e4inen KuPSin p\u00e4\u00e4valmentajana. Suomen mestaruuden lis\u00e4ksi kuopiolaisseura eteni Konferenssiliigaan, jossa se voitti aiemmin marraskuussa ensimm\u00e4isen liigavaiheen ottelunsa. KuPSilla on viel\u00e4 mahdollisuus edet\u00e4 Konferenssiliigan pudotuspeleihin. Lis\u00e4ksi KuPS eteni t\u00e4ll\u00e4 kaudella Suomen Cupin finaaliin, jossa se h\u00e4visi HJK:lle maalein 1\u20130.<\/p>\n<p>Wissin sopimus KuPSin kanssa oli alkujaan mallia 1+1, mutta seura j\u00e4tti optionsa k\u00e4ytt\u00e4m\u00e4tt\u00e4 syksyll\u00e4.<\/p>\n","protected":false},"excerpt":{"rendered":"KuPSin toiseen per\u00e4kk\u00e4iseen Suomen mestaruuteen valmentanutta Jarkko Wissi\u00e4 huhutaan ensi kaudeksi ruotsalaisseuran ruoriin. Ruotsalainen Fotbolldirekt kertoo useisiin l\u00e4hteisiins\u00e4&hellip;\n","protected":false},"author":2,"featured_media":92044,"comment_status":"","ping_status":"","sticky":false,"template":"","format":"standard","meta":{"footnotes":""},"categories":[158],"tags":[33,31,30,4233,43,42,3221,41,159,44,32,160,161],"class_list":{"0":"post-92043","1":"post","2":"type-post","3":"status-publish","4":"format-standard","5":"has-post-thumbnail","7":"category-urheilu","8":"tag-fi","9":"tag-finland","10":"tag-finnish","11":"tag-helsingin-jalkapalloklubi-hjk","12":"tag-jalkapallo","13":"tag-jalkapalloon-perustuvat-lajit","14":"tag-kuopion-palloseura-kups","15":"tag-liikunta-ja-urheilu","16":"tag-sports","17":"tag-suomen-jalkapallo","18":"tag-suomi","19":"tag-urheilu","20":"tag-urheilutapahtumat"},"share_on_mastodon":{"url":"https:\/\/pubeurope.com\/@fi\/115562427530884023","error":""},"_links":{"self":[{"href":"https:\/\/www.europesays.com\/fi\/wp-json\/wp\/v2\/posts\/92043","targetHints":{"allow":["GET"]}}],"collection":[{"href":"https:\/\/www.europesays.com\/fi\/wp-json\/wp\/v2\/posts"}],"about":[{"href":"https:\/\/www.europesays.com\/fi\/wp-json\/wp\/v2\/types\/post"}],"author":[{"embeddable":true,"href":"https:\/\/www.europesays.com\/fi\/wp-json\/wp\/v2\/users\/2"}],"replies":[{"embeddable":true,"href":"https:\/\/www.europesays.com\/fi\/wp-json\/wp\/v2\/comments?post=92043"}],"version-history":[{"count":0,"href":"https:\/\/www.europesays.com\/fi\/wp-json\/wp\/v2\/posts\/92043\/revisions"}],"wp:featuredmedia":[{"embeddable":true,"href":"https:\/\/www.europesays.com\/fi\/wp-json\/wp\/v2\/media\/92044"}],"wp:attachment":[{"href":"https:\/\/www.europesays.com\/fi\/wp-json\/wp\/v2\/media?parent=92043"}],"wp:term":[{"taxonomy":"category","embeddable":true,"href":"https:\/\/www.europesays.com\/fi\/wp-json\/wp\/v2\/categories?post=92043"},{"taxonomy":"post_tag","embeddable":true,"href":"https:\/\/www.europesays.com\/fi\/wp-json\/wp\/v2\/tags?post=92043"}],"curies":[{"name":"wp","href":"https:\/\/api.w.org\/{rel}","templated":true}]}}