{"id":92060,"date":"2025-11-17T01:53:07","date_gmt":"2025-11-17T01:53:07","guid":{"rendered":"https:\/\/www.europesays.com\/fi\/92060\/"},"modified":"2025-11-17T01:53:07","modified_gmt":"2025-11-17T01:53:07","slug":"bitcoinin-laskut-menettavat-merkityksensa-kun-sadat-biljoonat-ovat-lahella-sisaankayntia-sanoo-bitwise-bitcoin-com-news","status":"publish","type":"post","link":"https:\/\/www.europesays.com\/fi\/92060\/","title":{"rendered":"Bitcoinin laskut menett\u00e4v\u00e4t merkityksens\u00e4, kun sadat biljoonat ovat l\u00e4hell\u00e4 sis\u00e4\u00e4nk\u00e4ynti\u00e4, sanoo Bitwise &#8211; Bitcoin.com News"},"content":{"rendered":"<ol>\n<li><a href=\"https:\/\/news.google.com\/rss\/articles\/CBMiywFBVV95cUxOVmxjdFVUaS1qVmJ3R3JlYldVSnVJX2VKZjhQa2NhR0Vvb29QN0I3UzFudjJZSFFfSm5IakJhMDdNTmxXOXlPYlBUMVFsZ0xIZXdYelpwZ1l5QWtKS1B6MjFueGJUMmRYbm9zb3NySEo4Z2t5ZjExbnU4RFAxNFJnVjJyclZRdEtSTXJXTUROQjhIWVlvdXh6bjJRV0tpYVI5Z2JSN3hjM3BMT2FhdjVrN0tvQ0p3WEl5QjJzZW1zNnkxdGVCWjZTcW1oNA?oc=5\" target=\"_blank\" rel=\"nofollow noopener\">Bitcoinin laskut menett\u00e4v\u00e4t merkityksens\u00e4, kun sadat biljoonat ovat l\u00e4hell\u00e4 sis\u00e4\u00e4nk\u00e4ynti\u00e4, sanoo Bitwise<\/a>&nbsp;&nbsp;Bitcoin.com News<\/li>\n<li><a href=\"https:\/\/news.google.com\/rss\/articles\/CBMiZEFVX3lxTFB2elRFNE5XRE9SSW5JX1cybVI3dGVkcDZGd2ZwY3MwZy02eVFfVjZ2dHNoRmxobVp4eC1yTU9DSExyLXFvTzBIRmVwMndEb2JMQUV0OHhnb2x0cHZENTFuUXV2VUE?oc=5\" target=\"_blank\" rel=\"nofollow noopener\">Bitcoin pudotuksessa \u2013 laskenut jo alle \u201dhaamurajan\u201d<\/a>&nbsp;&nbsp;Ilta-Sanomat<\/li>\n<li><a href=\"https:\/\/news.google.com\/rss\/articles\/CBMifkFVX3lxTE1CaW9BVU96ZHIyZU9GVzI1b1VpTjJVY1E2eExoQXRkdDBNSll4SHB1dy1jVU9Eb2xwVDFURU5jVi12RlladXd2N3hPeXRPSHhoTzhhZUcwRHVuNm1JU0E2QUJmdU5HOVZEZ2FZNGNqTjBMbWVQYVhaNVR3SGx4QQ?oc=5\" target=\"_blank\" rel=\"nofollow noopener\">Bitcoinia uhkaa pahamaineinen kuolemanristi<\/a>&nbsp;&nbsp;Kauppalehti<\/li>\n<li><a href=\"https:\/\/news.google.com\/rss\/articles\/CBMiiwFBVV95cUxPX05HdFgzV3NqdEF4VDB1bmJHcVlDUjVZaFJQX3RiZ3BjR1FyVXNGY3lYQ1VJUmRNbHJJZXl3SHpQc1J6SGdWU184Mi04Zy02d0JUdU1rMFZ4b0Y4MF8tOGEtSmJQVkYxeDVZdWpIMjBoTFI4eG1qNklNLUthZFo0bkl2YUNnQ1pFQkNZ?oc=5\" target=\"_blank\" rel=\"nofollow noopener\">Bitcoin sy\u00f6ksyy markkinamyllerryksen mukana<\/a>&nbsp;&nbsp;SalkunRakentaja<\/li>\n<li><a href=\"https:\/\/news.google.com\/rss\/articles\/CBMi5wFBVV95cUxQZkU0OUt2SUhuZDBNTkNOcWc5MnBZWFA0M2xTa3ZzTVl3aDdYc2xHQkdQRGhHYklZQTBVVGJTeWw2eTAteWlGUVE0YmRrUElwQ25FdGY0THl1WnFpS0tyWXdsajZGYVNGY1Q1MXZzOTdvR3dZSGt3el9Wb1pWUzEtUHhueThJMV9wY1pFTW41cGJ5XzIwSG0zNGotN29VRC04NTZVX3hJQjZnREIzWktMclN5S2IxNUVFYmhYLThqMU1pSVdJZ3lxcFRyWHBSbGVEV1lGWHlUZnE0TGFUVFJ2NlVsNFpnUXM?oc=5\" target=\"_blank\" rel=\"nofollow noopener\">Bitcoin kamppailee 100 000 dollarissa myrskyis\u00e4n viikon j\u00e4lkeen; STRK, AB ja UNI johtavat viikoittaisia voittoja<\/a>&nbsp;&nbsp;Invezz<\/li>\n<\/ol>\n","protected":false},"excerpt":{"rendered":"Bitcoinin laskut menett\u00e4v\u00e4t merkityksens\u00e4, kun sadat biljoonat ovat l\u00e4hell\u00e4 sis\u00e4\u00e4nk\u00e4ynti\u00e4, sanoo Bitwise&nbsp;&nbsp;Bitcoin.com News Bitcoin pudotuksessa \u2013 laskenut jo&hellip;\n","protected":false},"author":2,"featured_media":92061,"comment_status":"","ping_status":"","sticky":false,"template":"","format":"standard","meta":{"footnotes":""},"categories":[76],"tags":[5981,18309,79,77,33,31,30,32,78],"class_list":{"0":"post-92060","1":"post","2":"type-post","3":"status-publish","4":"format-standard","5":"has-post-thumbnail","7":"category-talous","8":"tag-bitcoin-btc","9":"tag-bitwise","10":"tag-business","11":"tag-economy","12":"tag-fi","13":"tag-finland","14":"tag-finnish","15":"tag-suomi","16":"tag-talous"},"share_on_mastodon":{"url":"https:\/\/pubeurope.com\/@fi\/115562545402988483","error":""},"_links":{"self":[{"href":"https:\/\/www.europesays.com\/fi\/wp-json\/wp\/v2\/posts\/92060","targetHints":{"allow":["GET"]}}],"collection":[{"href":"https:\/\/www.europesays.com\/fi\/wp-json\/wp\/v2\/posts"}],"about":[{"href":"https:\/\/www.europesays.com\/fi\/wp-json\/wp\/v2\/types\/post"}],"author":[{"embeddable":true,"href":"https:\/\/www.europesays.com\/fi\/wp-json\/wp\/v2\/users\/2"}],"replies":[{"embeddable":true,"href":"https:\/\/www.europesays.com\/fi\/wp-json\/wp\/v2\/comments?post=92060"}],"version-history":[{"count":0,"href":"https:\/\/www.europesays.com\/fi\/wp-json\/wp\/v2\/posts\/92060\/revisions"}],"wp:featuredmedia":[{"embeddable":true,"href":"https:\/\/www.europesays.com\/fi\/wp-json\/wp\/v2\/media\/92061"}],"wp:attachment":[{"href":"https:\/\/www.europesays.com\/fi\/wp-json\/wp\/v2\/media?parent=92060"}],"wp:term":[{"taxonomy":"category","embeddable":true,"href":"https:\/\/www.europesays.com\/fi\/wp-json\/wp\/v2\/categories?post=92060"},{"taxonomy":"post_tag","embeddable":true,"href":"https:\/\/www.europesays.com\/fi\/wp-json\/wp\/v2\/tags?post=92060"}],"curies":[{"name":"wp","href":"https:\/\/api.w.org\/{rel}","templated":true}]}}