{"id":92100,"date":"2025-11-17T03:14:15","date_gmt":"2025-11-17T03:14:15","guid":{"rendered":"https:\/\/www.europesays.com\/fi\/92100\/"},"modified":"2025-11-17T03:14:15","modified_gmt":"2025-11-17T03:14:15","slug":"monilla-alueilla-tyottomyys-on-jo-kaantynyt-laskuun","status":"publish","type":"post","link":"https:\/\/www.europesays.com\/fi\/92100\/","title":{"rendered":"Monilla alueilla ty\u00f6tt\u00f6myys on jo k\u00e4\u00e4ntynyt laskuun"},"content":{"rendered":"<p class=\"ai-optimize-6 ai-optimize-introduction\">Kansanedustaja <strong>Timo Heinonen<\/strong> (kok.) k\u00e4sittelee <a href=\"https:\/\/timoheinonen.fi\/tyollisten-maara-on-kaantynyt-kasvuun\/\" target=\"_blank\" rel=\"noopener nofollow\">blogitekstiss\u00e4\u00e4n<\/a> 14. marraskuuta julkaistua ty\u00f6- ja elinkeinoministeri\u00f6n ty\u00f6markkinaennustetta.<\/p>\n<p class=\"ai-optimize-7\">Sen mukaan ty\u00f6llisten lukum\u00e4\u00e4r\u00e4 k\u00e4\u00e4ntyy kasvuun nyt vuoden loppuun menness\u00e4. Ty\u00f6tt\u00f6myysaste olisi siten t\u00e4n\u00e4 vuonna keskim\u00e4\u00e4rin 9,5 prosenttia, ensi vuonna 9,3 prosenttia ja vuonna 2027 se laskisi 8,8 prosenttiin.<\/p>\n<p class=\"ai-optimize-8\">Monilla alueilla ty\u00f6tt\u00f6myys on jo k\u00e4\u00e4ntynyt laskuun. Erityisen my\u00f6nteist\u00e4 kehityksen ennustetaan olevan Pohjois-Suomessa. Sen sijaan Uudellamaalla ty\u00f6tt\u00f6mien ty\u00f6nhakijoiden m\u00e4\u00e4r\u00e4n ennustetaan jatkavan kasvuaan kaikkein kauimmin, vuoteen 2027 saakka.<\/p>\n<p class=\"ai-optimize-9\">Ty\u00f6tt\u00f6mien ty\u00f6nhakijoiden m\u00e4\u00e4r\u00e4 ty\u00f6voimapalveluissa k\u00e4\u00e4ntyy Heinosen mukaan laskuun ensi vuonna, mutta tilastoissa t\u00e4m\u00e4 k\u00e4\u00e4nne n\u00e4kyy kuitenkin viiveell\u00e4, koska arviolta 16 000 toimeentulotukea nykyisin saavaa siirtyy ty\u00f6tt\u00f6miksi ty\u00f6nhakijoiksi sosiaaliturvamuutoksista johtuen. Ennusteen mukaan ty\u00f6tt\u00f6mi\u00e4 ty\u00f6nhakijoita olisi keskim\u00e4\u00e4rin t\u00e4n\u00e4 vuonna 321 000, ensi vuonna 328 000 ja vuonna 2027 suunta l\u00e4htisi alasp\u00e4in\u00a0322 000.<\/p>\n<p class=\"ai-optimize-10\">Pitk\u00e4aikaisty\u00f6tt\u00f6myys kasvaa edelleen t\u00e4n\u00e4 ja ensi vuonna. Sen ennustetaan k\u00e4\u00e4ntyv\u00e4n laskuun vuoden 2027 loppua kohden. Pitk\u00e4aikaisty\u00f6tt\u00f6mi\u00e4 olisi keskim\u00e4\u00e4rin t\u00e4n\u00e4 vuonna 125 000, ensi vuonna 140 000 ja 142 000 vuonna 2027.<\/p>\n<p class=\"ai-optimize-11\">\u2013 Pitk\u00e4aikaisty\u00f6tt\u00f6myyden kasvu johtuu osittain siit\u00e4, ett\u00e4 entist\u00e4 harvempi ty\u00f6t\u00f6n ty\u00f6nhakija on kirjattu ty\u00f6llisyytt\u00e4 edist\u00e4viin palveluihin, Heinonen sanoo.<\/p>\n<p class=\"ai-optimize-12\">Ty\u00f6llisyyden arvioidaan k\u00e4\u00e4ntyv\u00e4n kasvuun jo t\u00e4m\u00e4n vuoden loppuun menness\u00e4. Ennusteen mukaan 15\u201364-vuotiaiden ty\u00f6llisyysaste olisi vuonna 2025 keskim\u00e4\u00e4rin 71,4 prosenttia. Ty\u00f6llisyysasteen ennustetaan kasvavan ensi vuonna 71,7 prosenttiin, ja kasvun ennustetaan kiihtyv\u00e4n 72,3 prosenttiin vuonna 2027.<\/p>\n<p class=\"ai-optimize-13\">\u2013 Ennuste osoittaa my\u00f6s sen, ett\u00e4 kasvu l\u00e4htee nyt liikkeelle teollisuudesta ja alkaa n\u00e4kym\u00e4\u00e4n vahvasti nimenomaan yksityisell\u00e4 sektorilla. Teollisuudessa itse asiassa tuotanto jo kasvaa. Investoinneista olemme saaneet pitkin vuotta positiivisia uutisia ymp\u00e4ri Suomen muun muassa Fazerilta Lahdesta, j\u00e4\u00e4nmurtaja- ja loistoristeilij\u00e4tilauksista Satakunnasta ja Varsinais-Suomesta ja lukuisia datakeskusuutisointeja esimerkiksi Lounais-H\u00e4meest\u00e4 Forssasta, Heinonen toteaa.<\/p>\n<p class=\"ai-optimize-14\">\u2013 Ty\u00f6llisyyskasvun toinen kivijalka ovat kulttuurin ja vapaa-ajan palvelut, joissa ty\u00f6llisyys on kasvanut vahvasti. Kasvun ennustetaan jatkuvan koko ennustekauden. N\u00e4m\u00e4 osoittavat, ett\u00e4 p\u00e4\u00e4ministeri <strong>Petteri Orpon<\/strong> (kok) hallituksen ratkaisut kasvun tukemisessa yritysten ja yksityisen sektorin kautta ovat oikeita. N\u00e4it\u00e4 kasvutoimia Suomi tarvitsee, h\u00e4n lis\u00e4\u00e4.<\/p>\n<p class=\"ai-optimize-15\">Hyvi\u00e4 merkkej\u00e4 Heinosen mukaan on siis ilmassa, vaikkakaan tilanne ei ole helppo.<\/p>\n<p class=\"ai-optimize-16\">\u2013 Teht\u00e4v\u00e4\u00e4 t\u00e4ss\u00e4 riitt\u00e4\u00e4 ja lis\u00e4\u00e4 pit\u00e4\u00e4 tehd\u00e4. Itse kuitenkin uskon, ett\u00e4 tehdyt ratkaisut alkavat t\u00e4ss\u00e4 tuottaa tulosta ja my\u00f6s muun muassa pieni- ja keskituloisille painotettu ty\u00f6n verotuksen kevennys ensi vuoden alussa tulee varmasti osaltaan vahvistamaan kasvua. Ihmisten ostovoima siis vahvistuu ja se tulee her\u00e4ttelem\u00e4\u00e4n kotimaan taloutta.<\/p>\n<p>Poimintoja videosis\u00e4ll\u00f6ist\u00e4mme<\/p>\n","protected":false},"excerpt":{"rendered":"Kansanedustaja Timo Heinonen (kok.) k\u00e4sittelee blogitekstiss\u00e4\u00e4n 14. marraskuuta julkaistua ty\u00f6- ja elinkeinoministeri\u00f6n ty\u00f6markkinaennustetta. Sen mukaan ty\u00f6llisten lukum\u00e4\u00e4r\u00e4 k\u00e4\u00e4ntyy&hellip;\n","protected":false},"author":2,"featured_media":92101,"comment_status":"","ping_status":"","sticky":false,"template":"","format":"standard","meta":{"footnotes":""},"categories":[12],"tags":[22,23,26,27,33,31,30,17,24,25,28,29,15,18,21,32,19,20,862,16],"class_list":{"0":"post-92100","1":"post","2":"type-post","3":"status-publish","4":"format-standard","5":"has-post-thumbnail","7":"category-suomi","8":"tag-breaking-news","9":"tag-breakingnews","10":"tag-featured-news","11":"tag-featurednews","12":"tag-fi","13":"tag-finland","14":"tag-finnish","15":"tag-headlines","16":"tag-latest-news","17":"tag-latestnews","18":"tag-main-news","19":"tag-mainnews","20":"tag-news","21":"tag-otsikot","22":"tag-paauutiset","23":"tag-suomi","24":"tag-top-stories","25":"tag-topstories","26":"tag-tyollisyys","27":"tag-uutiset"},"share_on_mastodon":{"url":"https:\/\/pubeurope.com\/@fi\/115562863999540500","error":""},"_links":{"self":[{"href":"https:\/\/www.europesays.com\/fi\/wp-json\/wp\/v2\/posts\/92100","targetHints":{"allow":["GET"]}}],"collection":[{"href":"https:\/\/www.europesays.com\/fi\/wp-json\/wp\/v2\/posts"}],"about":[{"href":"https:\/\/www.europesays.com\/fi\/wp-json\/wp\/v2\/types\/post"}],"author":[{"embeddable":true,"href":"https:\/\/www.europesays.com\/fi\/wp-json\/wp\/v2\/users\/2"}],"replies":[{"embeddable":true,"href":"https:\/\/www.europesays.com\/fi\/wp-json\/wp\/v2\/comments?post=92100"}],"version-history":[{"count":0,"href":"https:\/\/www.europesays.com\/fi\/wp-json\/wp\/v2\/posts\/92100\/revisions"}],"wp:featuredmedia":[{"embeddable":true,"href":"https:\/\/www.europesays.com\/fi\/wp-json\/wp\/v2\/media\/92101"}],"wp:attachment":[{"href":"https:\/\/www.europesays.com\/fi\/wp-json\/wp\/v2\/media?parent=92100"}],"wp:term":[{"taxonomy":"category","embeddable":true,"href":"https:\/\/www.europesays.com\/fi\/wp-json\/wp\/v2\/categories?post=92100"},{"taxonomy":"post_tag","embeddable":true,"href":"https:\/\/www.europesays.com\/fi\/wp-json\/wp\/v2\/tags?post=92100"}],"curies":[{"name":"wp","href":"https:\/\/api.w.org\/{rel}","templated":true}]}}