{"id":92110,"date":"2025-11-17T03:38:18","date_gmt":"2025-11-17T03:38:18","guid":{"rendered":"https:\/\/www.europesays.com\/fi\/92110\/"},"modified":"2025-11-17T03:38:18","modified_gmt":"2025-11-17T03:38:18","slug":"miehen-seksuaalisuus-nousee-valokeilaan-salossa-erikoislaakari-juhana-piha-luennoi-lukiolla","status":"publish","type":"post","link":"https:\/\/www.europesays.com\/fi\/92110\/","title":{"rendered":"Miehen seksuaalisuus nousee valokeilaan Salossa \u2013 erikoisl\u00e4\u00e4k\u00e4ri Juhana Piha luennoi lukiolla"},"content":{"rendered":"<p>Miehen seksuaalisuus ja muuttuvat testosteronitasot nostetaan aiheeksi Salossa ensi keskiviikkona 19. marraskuuta pidett\u00e4v\u00e4ll\u00e4 yleis\u00f6luennolla. Kliinisen fysiologian erikoisl\u00e4\u00e4k\u00e4ri ja seksuaalil\u00e4\u00e4ketieteen asiantuntija <b>Juhana Piha<\/b> puhuu miehen kokonaisvaltaisesta terveydest\u00e4 Salon lukiolla. H\u00e4n k\u00e4sittelee illan aikana laajasti hyvinvointia, seksuaalisuutta ja testosteronitason muutoksia.<\/p>\n<p>Testosteroniarvot laskevat i\u00e4n my\u00f6t\u00e4 ja vaikuttavat laajasti niin mielialaan kuin fysiikkaankin. Yleisyydest\u00e4\u00e4n huolimatta testosteronivaje j\u00e4\u00e4 usein tunnistamatta tai se saatetaan tulkita v\u00e4\u00e4rin esimerkiksi mielenterveyden h\u00e4iri\u00f6ksi.<\/p>\n<p>Testosteronivaje voi aiheuttaa unih\u00e4iri\u00f6it\u00e4 ja v\u00e4symyst\u00e4, se voi heikent\u00e4\u00e4 mielialaa, keskittymist\u00e4 ja muistia ja vaikuttaa niin seksuaalisuuteen ja ihmissuhteisiin kuin ty\u00f6kykyynkin. Ensimm\u00e4isi\u00e4 oireita saattaa ilmet\u00e4 jo alle 40-vuotiailla aivan kuten naisilla vaihdevuosioireetkin.<\/p>\n<p>Illanvietossa on mukana my\u00f6s uroterapeutti, seksuaalineuvoja ja lantionpohjan fysioterapeutti <b>Anu Parantainen<\/b>.<\/p>\n<p>Juhana Piha piti viimeksi Salon seudulla yleis\u00f6luennon huhtikuussa Somerolla, jossa elokuvateatteri Jukolaan jouduttiin kantamaan lis\u00e4\u00e4 tuoleja. Tapahtuman j\u00e4rjest\u00e4\u00e4 Erjan Hieronta ja Hoidon yritt\u00e4j\u00e4 <b>Erja Suonp\u00e4\u00e4<\/b>, jolta voi varata lippuja ennakkoon (erja.suonpaa@gmail.com).<\/p>\n<p>Juhana Piha 19.11. klo 19\u201321.30 Salon lukiolla (Kaherinkatu 2).<\/p>\n","protected":false},"excerpt":{"rendered":"Miehen seksuaalisuus ja muuttuvat testosteronitasot nostetaan aiheeksi Salossa ensi keskiviikkona 19. marraskuuta pidett\u00e4v\u00e4ll\u00e4 yleis\u00f6luennolla. Kliinisen fysiologian erikoisl\u00e4\u00e4k\u00e4ri ja&hellip;\n","protected":false},"author":2,"featured_media":92111,"comment_status":"","ping_status":"","sticky":false,"template":"","format":"standard","meta":{"footnotes":""},"categories":[76],"tags":[79,77,33,31,30,875,32,78],"class_list":{"0":"post-92110","1":"post","2":"type-post","3":"status-publish","4":"format-standard","5":"has-post-thumbnail","7":"category-talous","8":"tag-business","9":"tag-economy","10":"tag-fi","11":"tag-finland","12":"tag-finnish","13":"tag-seksi","14":"tag-suomi","15":"tag-talous"},"share_on_mastodon":{"url":"https:\/\/pubeurope.com\/@fi\/115562958367949160","error":""},"_links":{"self":[{"href":"https:\/\/www.europesays.com\/fi\/wp-json\/wp\/v2\/posts\/92110","targetHints":{"allow":["GET"]}}],"collection":[{"href":"https:\/\/www.europesays.com\/fi\/wp-json\/wp\/v2\/posts"}],"about":[{"href":"https:\/\/www.europesays.com\/fi\/wp-json\/wp\/v2\/types\/post"}],"author":[{"embeddable":true,"href":"https:\/\/www.europesays.com\/fi\/wp-json\/wp\/v2\/users\/2"}],"replies":[{"embeddable":true,"href":"https:\/\/www.europesays.com\/fi\/wp-json\/wp\/v2\/comments?post=92110"}],"version-history":[{"count":0,"href":"https:\/\/www.europesays.com\/fi\/wp-json\/wp\/v2\/posts\/92110\/revisions"}],"wp:featuredmedia":[{"embeddable":true,"href":"https:\/\/www.europesays.com\/fi\/wp-json\/wp\/v2\/media\/92111"}],"wp:attachment":[{"href":"https:\/\/www.europesays.com\/fi\/wp-json\/wp\/v2\/media?parent=92110"}],"wp:term":[{"taxonomy":"category","embeddable":true,"href":"https:\/\/www.europesays.com\/fi\/wp-json\/wp\/v2\/categories?post=92110"},{"taxonomy":"post_tag","embeddable":true,"href":"https:\/\/www.europesays.com\/fi\/wp-json\/wp\/v2\/tags?post=92110"}],"curies":[{"name":"wp","href":"https:\/\/api.w.org\/{rel}","templated":true}]}}