{"id":92118,"date":"2025-11-17T03:53:08","date_gmt":"2025-11-17T03:53:08","guid":{"rendered":"https:\/\/www.europesays.com\/fi\/92118\/"},"modified":"2025-11-17T03:53:08","modified_gmt":"2025-11-17T03:53:08","slug":"hanna-sumarilta-uutispaukku-como-fi","status":"publish","type":"post","link":"https:\/\/www.europesays.com\/fi\/92118\/","title":{"rendered":"Hanna Sumarilta uutispaukku &#8211; Como.fi"},"content":{"rendered":"<p>Iso\u00e4iti Hanna Sumari hukkuu onnitteluihin. Niit\u00e4 ovat lasetelleet somessa muiden muassa Vappu Pimi\u00e4.<\/p>\n<p>-En oikein viel\u00e4k\u00e4\u00e4n tajua t\u00e4t\u00e4 ihanaa ihmett\u00e4! Hanna kirjoittaa ja jatkaa:<\/p>\n<p>\u2013 N\u00e4m\u00e4 kaksi ihanaa vauvaa, sulos\u00e4\u00e4ri prinsessa ja vanttera voimapussi, syntyiv\u00e4t 5.11. Ja t\u00e4n\u00e4\u00e4n he p\u00e4\u00e4siv\u00e4t kotiin! Siell\u00e4 omassa kodissa asuu nyt nelihenkinen perhe.<\/p>\n<p>Hanna on julkaissut pienokaisista kuvan, jonka voit katsoa <a href=\"https:\/\/www.instagram.com\/p\/DRHuunPDO1p\/\" rel=\"nofollow noopener\" target=\"_blank\">t\u00e4st\u00e4 <\/a>tai alta.<\/p>\n<p>Vauvat ovat Hannan Katri-tytt\u00e4ren ja h\u00e4nen Alex-miehens\u00e4.<\/p>\n<p>Sumarilla on kolme aikuista tyt\u00e4rt\u00e4:\u00a0 Katri nykyisest\u00e4 avioliitostaan miehens\u00e4 Jarin kanssa sek\u00e4 Kirsikka ja Carolina aiemmista liitoistaan.<\/p>\n<p>Hanna juhli Tytt\u00f6jen p\u00e4iv\u00e4\u00e4 ja lapsiaan<\/p>\n<p>Viime kuussa Hanna juhli Tytt\u00f6jen p\u00e4iv\u00e4\u00e4 ja tytt\u00e4ri\u00e4\u00e4n sek\u00e4  julkaisi er\u00e4\u00e4nlaisen \u201dylistyslaulun\u201d aiheesta.<\/p>\n<p>-Ensin mulla oli kolme siskoa sen j\u00e4lkeen kolme tyt\u00e4rt\u00e4. Koskaan ei ole ollut tunnetta, ett\u00e4 tyt\u00f6t ei vois tehd\u00e4 jotakin. Tyt\u00f6t voi tehd\u00e4 mit\u00e4 vain! Ja niin me teemmekin. Upeat tytt\u00e4reni ovat tehneet mit\u00e4 ovat tahtoneet, ja parasta el\u00e4m\u00e4ss\u00e4 onkin seurata mihin kaikkialle he ylettyv\u00e4tk\u00e4\u00e4n, mit\u00e4 kaikkea minulle opettavatkaan ja kuinka mahtava energia n\u00e4ill\u00e4 upeilla naisilla on. Siskoissa on voimaa!<\/p>\n<p>Kuten tarkkaavaisimmat n\u00e4kev\u00e4t, kuvassa on Hannan lis\u00e4ksi toinenkin julkkis. H\u00e4n on tv:st\u00e4kin tuttu suunnittelija ja vaikuttaja Kirsikka Simberg.<\/p>\n<p>-T\u00e4n\u00e4\u00e4n juhlitaan tytt\u00f6jen voimaa, unelmia ja ainutlaatuisuutta. Jokaisella tyt\u00f6ll\u00e4 on oikeus kasvaa turvassa, tulla kuulluksi ja olla juuri sellainen kuin on. Hyv\u00e4\u00e4 tytt\u00f6jen p\u00e4iv\u00e4\u00e4 maailman t\u00e4rkeimmille tyt\u00f6ille \u2013 teille, jotka muutatte maailmaa joka p\u00e4iv\u00e4, Hanna kirjoittaa. <strong><a href=\"https:\/\/www.instagram.com\/p\/DPrGID0iLeA\/?\" rel=\"nofollow noopener\" target=\"_blank\">Kuvassa<\/a><\/strong> my\u00f6s tytt\u00e4ret, Katri ja Carolina.<\/p>\n<p>Lue my\u00f6s: <a href=\"https:\/\/www.como.fi\/tilaa-comon-uutiskirje\/\" title=\"Tilaa Comon uutiskirje ja tied\u00e4t mist\u00e4 kahvitauolla puhutaan! Nappaa kotimaan tv-vinkit ja puheenaiheet suoraan s\u00e4hk\u00f6postiin t\u00e4st\u00e4.\" class=\"underline-custom !font-montserrat !font-bold !underline-offset-4 !decoration-4 !decoration-red-600 !text-md\" rel=\"nofollow noopener\" target=\"_blank\">Tilaa Comon uutiskirje ja tied\u00e4t mist\u00e4 kahvitauolla puhutaan! Nappaa kotimaan tv-vinkit ja puheenaiheet suoraan s\u00e4hk\u00f6postiin t\u00e4st\u00e4.<\/a><\/p>\n<p>\t\t\t\t<script async src=\"\/\/www.instagram.com\/embed.js\"><\/script><\/p>\n","protected":false},"excerpt":{"rendered":"Iso\u00e4iti Hanna Sumari hukkuu onnitteluihin. Niit\u00e4 ovat lasetelleet somessa muiden muassa Vappu Pimi\u00e4. -En oikein viel\u00e4k\u00e4\u00e4n tajua t\u00e4t\u00e4&hellip;\n","protected":false},"author":2,"featured_media":59378,"comment_status":"","ping_status":"","sticky":false,"template":"","format":"standard","meta":{"footnotes":""},"categories":[136],"tags":[407,137,33,31,30,8091,408,32,109],"class_list":{"0":"post-92118","1":"post","2":"type-post","3":"status-publish","4":"format-standard","5":"has-post-thumbnail","7":"category-julkkikset","8":"tag-celebrities","9":"tag-entertainment","10":"tag-fi","11":"tag-finland","12":"tag-finnish","13":"tag-hanna-sumari","14":"tag-julkkikset","15":"tag-suomi","16":"tag-viihde"},"share_on_mastodon":{"url":"https:\/\/pubeurope.com\/@fi\/115563017202280041","error":""},"_links":{"self":[{"href":"https:\/\/www.europesays.com\/fi\/wp-json\/wp\/v2\/posts\/92118","targetHints":{"allow":["GET"]}}],"collection":[{"href":"https:\/\/www.europesays.com\/fi\/wp-json\/wp\/v2\/posts"}],"about":[{"href":"https:\/\/www.europesays.com\/fi\/wp-json\/wp\/v2\/types\/post"}],"author":[{"embeddable":true,"href":"https:\/\/www.europesays.com\/fi\/wp-json\/wp\/v2\/users\/2"}],"replies":[{"embeddable":true,"href":"https:\/\/www.europesays.com\/fi\/wp-json\/wp\/v2\/comments?post=92118"}],"version-history":[{"count":0,"href":"https:\/\/www.europesays.com\/fi\/wp-json\/wp\/v2\/posts\/92118\/revisions"}],"wp:featuredmedia":[{"embeddable":true,"href":"https:\/\/www.europesays.com\/fi\/wp-json\/wp\/v2\/media\/59378"}],"wp:attachment":[{"href":"https:\/\/www.europesays.com\/fi\/wp-json\/wp\/v2\/media?parent=92118"}],"wp:term":[{"taxonomy":"category","embeddable":true,"href":"https:\/\/www.europesays.com\/fi\/wp-json\/wp\/v2\/categories?post=92118"},{"taxonomy":"post_tag","embeddable":true,"href":"https:\/\/www.europesays.com\/fi\/wp-json\/wp\/v2\/tags?post=92118"}],"curies":[{"name":"wp","href":"https:\/\/api.w.org\/{rel}","templated":true}]}}