{"id":92130,"date":"2025-11-17T04:14:13","date_gmt":"2025-11-17T04:14:13","guid":{"rendered":"https:\/\/www.europesays.com\/fi\/92130\/"},"modified":"2025-11-17T04:14:13","modified_gmt":"2025-11-17T04:14:13","slug":"kainuun-kirjamessut-kumpi-vie-ihminen-vai-tekoaly-tekoaly-heittaa-haasteen-tyomarkkinoille-yhteiskunnille-ja-ihmisyydelle","status":"publish","type":"post","link":"https:\/\/www.europesays.com\/fi\/92130\/","title":{"rendered":"Kainuun kirjamessut: Kumpi vie, ihminen vai teko\u00e4ly? \u2014 teko\u00e4ly heitt\u00e4\u00e4 haasteen ty\u00f6markkinoille, yhteiskunnille ja ihmisyydelle"},"content":{"rendered":"<p>                                  Kulttuuri<\/p>\n<p>                <img loading=\"lazy\" decoding=\"async\" itemprop=\"contentUrl\" class=\"figure-img img-fluid\"  src=\"https:\/\/www.europesays.com\/fi\/wp-content\/uploads\/2025\/11\/1763352853_577_imengine.public.prod.hil.infomaker.io\" width=\"4000\" height=\"1800\"  alt=\"\"\/><\/p>\n<p>                                    Kari Angeria tunnetaan teko\u00e4lypuhujana. Jos ihmisen ja el\u00e4imen raja on h\u00e4ilyv\u00e4, on sit\u00e4 tulevaisuudessa my\u00f6s ihmisen ja teko\u00e4lyn.<br \/>\n                                                    Kuva:<br \/>\n                    Kari Angerian kotialbumi<\/p>\n<p>              Sun 16.11.2025 klo 11:23<br \/>\n                  | P\u00e4ivitetty: Sun 16.11.2025 klo 11:25<\/p>\n<p>      MAINOS &#8211; juttu jatkuu mainoksen j\u00e4lkeen<\/p>\n<p>      MAINOS &#8211; mainos p\u00e4\u00e4ttyy<\/p>\n<p class=\"ew-body\">Kirjailija <strong id=\"strong-457f5120169cf2155117df1a692fcd3b\">Kari Angeria<\/strong> oli estynyt henkil\u00f6kohtaisesti saapumaan Kainuun kirjamessuille, mutta h\u00e4net n\u00e4htiin kuitenkin et\u00e4yhteydell\u00e4 Sotkamon kirjastossa, jossa tapahtuma t\u00e4ll\u00e4 er\u00e4\u00e4 pidettiin.<\/p>\n<p class=\"ew-body\">Paikalle olikin saapunut runsaasti v\u00e4ke\u00e4 ja lehterit, joilla keskusteluja saattoi seurata, olivat t\u00e4ynn\u00e4 kir<\/p>\n<p>  <a class=\"btn btn-secondary btn-icon-left\" href=\"#coral_thread\"><br \/>\n    <img decoding=\"async\" src=\"https:\/\/www.kainuunsanomat.fi\/wp-content\/themes\/hilla-theme\/assets\/img\/icon_comments.svg\" alt=\"\"\/><br \/>\n    Kommentoi<br \/>\n  <\/a><\/p>\n<p>  <a class=\"btn btn-secondary btn-icon-left mailto_web\" href=\"mailto:toimitus@kainuunsanomat.fi?subject=Ilmoita%20asiavirheest%C3%A4&amp;body=Otsikko%3A%20Kainuun%20kirjamessut%3A%20Kumpi%20vie%2C%20ihminen%20vai%20teko%C3%A4ly%3F%20%E2%80%94%20teko%C3%A4ly%20heitt%C3%A4%C3%A4%20haasteen%20ty%C3%B6markkinoille%2C%20yhteiskunnille%20ja%20ihmisyydelle%0AUuid%3A%208143f7f1-5799-4af4-b513-ad665bcd7a59%0AUrl%3A%20https%3A%2F%2Fwww.kainuunsanomat.fi%2Fartikkeli%2Fkainuun-kirjamessut-kumpi-vie-ihminen-vai-tekoaly-tekoaly-heittaa-haasteen-tyomarkkinoille-yht\"><br \/>\n    <img decoding=\"async\" src=\"https:\/\/www.kainuunsanomat.fi\/wp-content\/themes\/hilla-theme\/assets\/img\/icon_feedback.svg\" alt=\"\"\/><br \/>\n    Ilmoita asiavirheest\u00e4<br \/>\n  <\/a><\/p>\n","protected":false},"excerpt":{"rendered":"Kulttuuri Kari Angeria tunnetaan teko\u00e4lypuhujana. Jos ihmisen ja el\u00e4imen raja on h\u00e4ilyv\u00e4, on sit\u00e4 tulevaisuudessa my\u00f6s ihmisen ja&hellip;\n","protected":false},"author":2,"featured_media":92131,"comment_status":"","ping_status":"","sticky":false,"template":"","format":"standard","meta":{"footnotes":""},"categories":[89],"tags":[432,431,33,31,30,32,91,92,433],"class_list":{"0":"post-92130","1":"post","2":"type-post","3":"status-publish","4":"format-standard","5":"has-post-thumbnail","7":"category-tekoaly","8":"tag-ai","9":"tag-artificial-intelligence","10":"tag-fi","11":"tag-finland","12":"tag-finnish","13":"tag-suomi","14":"tag-technology","15":"tag-teknologia","16":"tag-tekoaly"},"share_on_mastodon":{"url":"https:\/\/pubeurope.com\/@fi\/115563099962002739","error":""},"_links":{"self":[{"href":"https:\/\/www.europesays.com\/fi\/wp-json\/wp\/v2\/posts\/92130","targetHints":{"allow":["GET"]}}],"collection":[{"href":"https:\/\/www.europesays.com\/fi\/wp-json\/wp\/v2\/posts"}],"about":[{"href":"https:\/\/www.europesays.com\/fi\/wp-json\/wp\/v2\/types\/post"}],"author":[{"embeddable":true,"href":"https:\/\/www.europesays.com\/fi\/wp-json\/wp\/v2\/users\/2"}],"replies":[{"embeddable":true,"href":"https:\/\/www.europesays.com\/fi\/wp-json\/wp\/v2\/comments?post=92130"}],"version-history":[{"count":0,"href":"https:\/\/www.europesays.com\/fi\/wp-json\/wp\/v2\/posts\/92130\/revisions"}],"wp:featuredmedia":[{"embeddable":true,"href":"https:\/\/www.europesays.com\/fi\/wp-json\/wp\/v2\/media\/92131"}],"wp:attachment":[{"href":"https:\/\/www.europesays.com\/fi\/wp-json\/wp\/v2\/media?parent=92130"}],"wp:term":[{"taxonomy":"category","embeddable":true,"href":"https:\/\/www.europesays.com\/fi\/wp-json\/wp\/v2\/categories?post=92130"},{"taxonomy":"post_tag","embeddable":true,"href":"https:\/\/www.europesays.com\/fi\/wp-json\/wp\/v2\/tags?post=92130"}],"curies":[{"name":"wp","href":"https:\/\/api.w.org\/{rel}","templated":true}]}}