{"id":92143,"date":"2025-11-17T04:33:12","date_gmt":"2025-11-17T04:33:12","guid":{"rendered":"https:\/\/www.europesays.com\/fi\/92143\/"},"modified":"2025-11-17T04:33:12","modified_gmt":"2025-11-17T04:33:12","slug":"helsinkilainen-anna-soitti-mummolleen-petroskoihin-linjalle-ilmestyi-taysin-vieras-aani-ulkomaat","status":"publish","type":"post","link":"https:\/\/www.europesays.com\/fi\/92143\/","title":{"rendered":"Helsinkil\u00e4inen Anna soitti mummolleen Petroskoihin \u2013 linjalle ilmestyi t\u00e4ysin vieras \u00e4\u00e4ni | Ulkomaat"},"content":{"rendered":"<p>Juttu tiivistettyn\u00e4<\/p>\n<ul class=\"aw-1jjocuh iJTSwP yle__article__list yle__article__list--ul\">\n<li class=\"aw-1j7gwms gNYKfi\">Suomalaiset Anna ja Mila ovat soittaneet suomalaisista operaattoreista omaisilleen Ven\u00e4j\u00e4ll\u00e4 ja linjoille on ilmestynyt tuntemattomien \u00e4\u00e4ni\u00e4.<\/li>\n<li class=\"aw-1j7gwms gNYKfi\">Elisan turvallisuusjohtajan mukaan on mahdollista, ett\u00e4 Ven\u00e4j\u00e4ll\u00e4 puheluita kuuntelee suuri joukko ihmisi\u00e4.<\/li>\n<li class=\"aw-1j7gwms gNYKfi\">Ven\u00e4j\u00e4 est\u00e4\u00e4 my\u00f6s Whatsapp- ja Telegram-sovellusten puheluita, mik\u00e4 vaikeuttaa yhteydenpitoa.<\/li>\n<li class=\"aw-1j7gwms gNYKfi\">Ven\u00e4j\u00e4 ohjaa ihmisi\u00e4 valtiollisen viestint\u00e4sovellus Maxin k\u00e4ytt\u00e4jiksi.<\/li>\n<li class=\"aw-1j7gwms gNYKfi\">Supo varoittaa puheluiden kuuntelun riskeist\u00e4 ja suosittelee luottamuksellisten asioiden k\u00e4sittely\u00e4 muilla tavoilla.<\/li>\n<\/ul>\n<p class=\"aw-1gybjub aw-1p7kakr kEtdKx cEmitX yle__article__paragraph\">T\u00e4m\u00e4 on toimittajan tekem\u00e4 tiivistelm\u00e4.<\/p>\n<p class=\"aw-1gybjub aw-1p7kakr kEtdKx cEmitX yle__article__paragraph\">Helsinkil\u00e4inen <strong class=\"aw-ak79eh KyCXm yle__article__strong\">Anna<\/strong> matkusti lokakuussa tapaamaan perhett\u00e4\u00e4n It\u00e4-Suomeen ja asettui \u00e4itins\u00e4 kanssa puhelimen \u00e4\u00e4reen. Tarkoitus oli soittaa Annan mummolle, joka asuu Petroskoissa. \u00c4\u00e4ni laitettiin kaiuttimelle, jotta sek\u00e4 \u00e4iti ett\u00e4 Anna saattoivat osallistua puheluun. Elisan liittym\u00e4st\u00e4 soitettu puhelu h\u00e4lytti pitk\u00e4\u00e4n.<\/p>\n<p class=\"aw-1gybjub aw-1p7kakr kEtdKx cEmitX yle__article__paragraph\">\u2013 Sitten miehen \u00e4\u00e4ni vastasi ven\u00e4j\u00e4ksi: \u201dKuka siell\u00e4?\u201d Anna kertoo.<\/p>\n<p class=\"aw-1gybjub aw-1p7kakr kEtdKx cEmitX yle__article__paragraph\">\u00c4\u00e4ni oli Annalle ja h\u00e4nen \u00e4idilleen tuntematon.<\/p>\n<p class=\"aw-1gybjub aw-1p7kakr kEtdKx cEmitX yle__article__paragraph\">\u2013 \u00c4iti vastasi ven\u00e4j\u00e4ksi, ett\u00e4 kuka siell\u00e4. Sielt\u00e4 ei vastattu mit\u00e4\u00e4n.<\/p>\n<p class=\"aw-1gybjub aw-1p7kakr kEtdKx cEmitX yle__article__paragraph\">Annan \u00e4iti lopetti puhelun ja kokeili hetken kuluttua uudelleen. Nyt puhelimeen vastasi mummo. Anna ja \u00e4iti tiedustelivat, oliko mummolla kyl\u00e4ss\u00e4 joku, joka olisi vastannut h\u00e4nen puhelimeensa.<\/p>\n<p class=\"aw-1gybjub aw-1p7kakr kEtdKx cEmitX yle__article__paragraph\">\u2013 Mummo totesi, ett\u00e4 ei ole. Ja ett\u00e4 puheluitamme varmaan kuunnellaan.<\/p>\n<p class=\"aw-1gybjub aw-1p7kakr kEtdKx cEmitX yle__article__paragraph\">Annan nimi on muutettu turvallisuussyist\u00e4. H\u00e4nelle on t\u00e4rke\u00e4\u00e4 p\u00e4\u00e4st\u00e4 tapaamaan Ven\u00e4j\u00e4ll\u00e4 asuvaa mummoaan, ja nimen julkaiseminen voisi vaarantaa sen. Annan henkil\u00f6llisyys on Ylen tiedossa.<\/p>\n<p>\u201dTuli pelko, ett\u00e4 miten nyt voi jutella ja pit\u00e4\u00e4 yhteytt\u00e4\u201d<\/p>\n<p class=\"aw-1gybjub aw-1p7kakr kEtdKx cEmitX yle__article__paragraph\">Joensuussa asuva, ven\u00e4l\u00e4issyntyinen <strong class=\"aw-ak79eh KyCXm yle__article__strong\">Mila<\/strong> on pit\u00e4nyt Viipurissa asuvaan i\u00e4kk\u00e4\u00e4seen \u00e4itiins\u00e4 yhteytt\u00e4 etup\u00e4\u00e4ss\u00e4 viestipalvelu Whatsappin avulla. H\u00e4nen henkil\u00f6llisyytens\u00e4 on Ylen tiedossa, mutta koko nime\u00e4 ei julkaista, jotta Milan mahdollisuus p\u00e4\u00e4st\u00e4 tapaamaan \u00e4iti\u00e4\u00e4n ei vaarannu.<\/p>\n<p class=\"aw-1gybjub aw-1p7kakr kEtdKx cEmitX yle__article__paragraph\">Mila ja h\u00e4nen Suomessa asuva siskonsa ovat soittaneet \u00e4idilleen p\u00e4ivitt\u00e4in, jotta pysyv\u00e4t tietoisina h\u00e4nen voinnistaan.<\/p>\n<p class=\"aw-1gybjub aw-1p7kakr kEtdKx cEmitX yle__article__paragraph\">Elokuussa \u00e4iti joutui sairaalaan. Koska siell\u00e4 \u00e4idill\u00e4 ei ollut internetyhteytt\u00e4, Mila soitti DNA-liittym\u00e4st\u00e4\u00e4n t\u00e4m\u00e4n ven\u00e4l\u00e4isoperaattori Bilainin puhelinnumeroon.<\/p>\n<p class=\"aw-1gybjub aw-1p7kakr kEtdKx cEmitX yle__article__paragraph\">\u2013 Joku outo ihminen vastasi. \u00c4\u00e4ni sanoi vain: \u201dHaloo, haloo\u201d. Min\u00e4 yritin selvitt\u00e4\u00e4, kuka on puhelimessa ja miksi h\u00e4n vastaa \u00e4idin puhelinnumerosta, mutta toisessa p\u00e4\u00e4ss\u00e4 ollut henkil\u00f6 ei kuullut vaan toisteli, haloo, kuka puhuu? Tai sitten h\u00e4n vain esitti, ettei kuule, Mila kertoo.<\/p>\n<p class=\"aw-1gybjub aw-1p7kakr kEtdKx cEmitX yle__article__paragraph\">My\u00f6s Milan sisko tavoitteli \u00e4iti\u00e4\u00e4n soittamalla t\u00e4m\u00e4n liittym\u00e4\u00e4n. Silloinkin linjalle ilmestyi tuntematon \u00e4\u00e4ni huhuilemaan.<\/p>\n<p class=\"aw-1gybjub aw-1p7kakr kEtdKx cEmitX yle__article__paragraph\">Milaa tilanne huolestutti.<\/p>\n<p class=\"aw-1gybjub aw-1p7kakr kEtdKx cEmitX yle__article__paragraph\">\u2013 Tuli pelko, ett\u00e4 miten min\u00e4 nyt voin \u00e4idin kanssa jutella ja pit\u00e4\u00e4 yhteytt\u00e4.<\/p>\n<p class=\"aw-1gybjub aw-1p7kakr kEtdKx cEmitX yle__article__paragraph\">H\u00e4n ajattelee, ett\u00e4 \u00e4\u00e4net linjalla ovat Ven\u00e4j\u00e4n valtion tahallisia h\u00e4irint\u00e4yrityksi\u00e4.<\/p>\n<p class=\"aw-1gybjub aw-1p7kakr kEtdKx cEmitX yle__article__paragraph\">\u2013 J\u00e4rjestet\u00e4\u00e4n niin kovaa h\u00e4irint\u00e4\u00e4, ett\u00e4 ihmiset eiv\u00e4t pysty kommunikoimaan kunnolla, Mila sanoo.<\/p>\n<p><img decoding=\"async\" alt=\"K\u00e4si pitelee \u00e4lypuhelinta Ven\u00e4j\u00e4n lipun v\u00e4rist\u00e4 taustaa vasten. N\u00e4yt\u00f6ll\u00e4 lukee Max ja ven\u00e4j\u00e4ksi: maksimaaliset mahdollisuudet teille.\" src=\"https:\/\/www.europesays.com\/fi\/wp-content\/uploads\/2025\/11\/39-151429768b159ba2dba0.jpeg\" loading=\"lazy\" class=\"aw-1l9m598 hKVVvP\"\/><\/p>\n<p>Avaa kuvien katselu<\/p>\n<p>Nykyisin ven\u00e4l\u00e4isen viestisovellus Maxin on oltava asennettuna Ven\u00e4j\u00e4ll\u00e4 myyt\u00e4viin puhelimiin.  Kuva: Hanno Bode \/ AOPVen\u00e4j\u00e4 est\u00e4\u00e4 Whatsappia ja ohjaa valtiolliseen viesti\u00e4ppiin<\/p>\n<p class=\"aw-1gybjub aw-1p7kakr kEtdKx cEmitX yle__article__paragraph\">Mila on joutunut luopumaan my\u00f6s \u00e4idilleen soittamista Whatsapp-puheluista.<\/p>\n<p class=\"aw-1gybjub aw-1p7kakr kEtdKx cEmitX yle__article__paragraph\">Ven\u00e4j\u00e4 on est\u00e4nyt ja hankaloittanut Whatsapp- ja Telegram-sovellusten puheluita elokuusta l\u00e4htien. Lokakuussa maan valvontaviranomainen Roskomnadzor ilmoitti Whatsappin ja Telegramin \u201dosittaisesta kiellosta\u201d.<\/p>\n<p class=\"aw-1gybjub aw-1p7kakr kEtdKx cEmitX yle__article__paragraph\">Whatsapp-puheluissa on ollut Milan mukaan pitkin syksy\u00e4 niin paljon h\u00e4iri\u00f6it\u00e4, ett\u00e4 niiss\u00e4 ei voi en\u00e4\u00e4 jutella.<\/p>\n<p class=\"aw-1gybjub aw-1p7kakr kEtdKx cEmitX yle__article__paragraph\">\u2013 Ne haluavat pakottaa ihmiset lataamaan Max-sovelluksen, Mila sanoo.<\/p>\n<p class=\"aw-1gybjub aw-1p7kakr kEtdKx cEmitX yle__article__paragraph\">Max on ven\u00e4l\u00e4inen viestint\u00e4sovellus, jonka on lanseerannut valtioon kytkeytynyt teknologiayhti\u00f6 VK. Syyskuusta l\u00e4htien sen on pit\u00e4nyt olla oletusasennettuna Ven\u00e4j\u00e4ll\u00e4 myyt\u00e4viin \u00e4lypuhelimiin ja tabletteihin.<\/p>\n<p class=\"aw-1gybjub aw-1p7kakr kEtdKx cEmitX yle__article__paragraph\">Maxin <a class=\"aw-iao6s4 iHOxEa yle__article__link\" href=\"https:\/\/www.themoscowtimes.com\/2025\/08\/28\/everything-you-need-to-know-about-max-russias-state-backed-answer-to-whatsapp-a90356\" role=\"link\" rel=\"nofollow noopener\" target=\"_blank\">raportoidaan<\/a> ker\u00e4\u00e4v\u00e4n muun muassa k\u00e4ytt\u00e4jiens\u00e4 IP-osoitteita, sijaintitietoja ja yhteystietoluetteloita. Sen tietosuojak\u00e4yt\u00e4nn\u00f6ss\u00e4 todetaan, ett\u00e4 se voi jakaa tietoja viranomaisille ja \u201dyrityskumppaneille\u201d. Sovellus pyyt\u00e4\u00e4 p\u00e4\u00e4sy\u00e4 puhelimen kameraan, mikrofoniin, Bluetoothiin ja ilmoituksiin.<\/p>\n<p class=\"aw-1gybjub aw-1p7kakr kEtdKx cEmitX yle__article__paragraph\">Max kytkeytyy Ven\u00e4j\u00e4n hallinnon palveluportaaliin Gosuslugiin. Julkisen sektorin ty\u00f6ntekij\u00f6it\u00e4 on jo m\u00e4\u00e4r\u00e4tty siirt\u00e4m\u00e4\u00e4n chattejaan Maxiin.<\/p>\n<p class=\"aw-1gybjub aw-1p7kakr kEtdKx cEmitX yle__article__paragraph\">Mila ei luota Maxiin eik\u00e4 k\u00e4yt\u00e4 sit\u00e4. H\u00e4n on kuitenkin toiveikas. H\u00e4nen veljenpoikansa on l\u00f6yt\u00e4nyt toisen sovelluksen, joka ainakin toistaiseksi toimii puheluihin. Veljenpoika latasi sen my\u00f6s Milan \u00e4idin puhelimeen.<\/p>\n<p class=\"aw-1gybjub aw-1p7kakr kEtdKx cEmitX yle__article__paragraph\">\u2013 Jos sit\u00e4kin rajoitetaan, tulee varmasti joku muu sovellus. Niit\u00e4 tulee koko ajan lis\u00e4\u00e4, Mila sanoo.<\/p>\n<p class=\"aw-1gybjub aw-1p7kakr kEtdKx cEmitX yle__article__paragraph\"><strong class=\"aw-ak79eh KyCXm yle__article__strong\">Katso alla olevalta videolta Elisan turvallisuusjohtaja Jaakko Walleniuksen arvio siit\u00e4, miksi Ven\u00e4j\u00e4ll\u00e4 puheluiden kuuntelu on helpompaa kuin Suomessa.<\/strong><\/p>\n<p>Puheluita saattaa valvoa suuri koneisto<\/p>\n<p class=\"aw-1gybjub aw-1p7kakr kEtdKx cEmitX yle__article__paragraph\">Elisan turvallisuusjohtaja <strong class=\"aw-ak79eh KyCXm yle__article__strong\">Jaakko Wallenius<\/strong> vahvistaa Ylelle raportoidut tapaukset mahdollisiksi.<\/p>\n<p class=\"aw-1gybjub aw-1p7kakr kEtdKx cEmitX yle__article__paragraph\">Walleniuksen mukaan on poikkeuksellista, ett\u00e4 Ylelle kerrotuissa tapauksissa kuuntelijat ovat paljastaneet olevansa linjoilla.<\/p>\n<p class=\"aw-1gybjub aw-1p7kakr kEtdKx cEmitX yle__article__paragraph\">\u2013 Sen (kuuntelemisen) voi my\u00f6s tehd\u00e4 sill\u00e4 lailla, ett\u00e4 sit\u00e4 ei k\u00e4ytt\u00e4j\u00e4 havaitse mitenk\u00e4\u00e4n.<\/p>\n<p class=\"aw-1gybjub aw-1p7kakr kEtdKx cEmitX yle__article__paragraph\">Walleniuksen mukaan suomalaisilla operaattoreilla ei ole mahdollisuuksia puuttua Ven\u00e4j\u00e4lle soitettujen puhelujen kuunteluun.<\/p>\n<p class=\"aw-1gybjub aw-1p7kakr kEtdKx cEmitX yle__article__paragraph\">\u2013 Se tapahtuu ven\u00e4l\u00e4isess\u00e4 verkossa Ven\u00e4j\u00e4n puolella. Suomalaisella operaattorilla tai suomalaisilla viranomaisilla ei ole siihen p\u00e4\u00e4sy\u00e4.<\/p>\n<p class=\"aw-1gybjub aw-1p7kakr kEtdKx cEmitX yle__article__paragraph\">H\u00e4nest\u00e4 on mahdollista, ett\u00e4 Ven\u00e4j\u00e4ll\u00e4 puheluiden valvontaan on valjastettu suuri koneisto. Arvioiden mukaan Ven\u00e4j\u00e4ll\u00e4 t\u00e4llaista valvontaa tekee mittava m\u00e4\u00e4r\u00e4 ihmisi\u00e4.<\/p>\n<p class=\"aw-1gybjub aw-1p7kakr kEtdKx cEmitX yle__article__paragraph\">\u2013 Kyll\u00e4 siit\u00e4 saa hyvin henkil\u00f6ty\u00f6intensiivist\u00e4 tekemist\u00e4. Jos siell\u00e4 yksi henkil\u00f6 kuuntelee yht\u00e4 puhelua, niin todenn\u00e4k\u00f6isesti h\u00e4n ei kuuntele muita puheluita samaan aikaan, Wallenius sanoo.<\/p>\n<p>Supo: Riski puheluiden kuunteluun on pidett\u00e4v\u00e4 mieless\u00e4<\/p>\n<p class=\"aw-1gybjub aw-1p7kakr kEtdKx cEmitX yle__article__paragraph\">Supo kommentoi Ylelle, ett\u00e4 Ven\u00e4j\u00e4ll\u00e4 lains\u00e4\u00e4d\u00e4nt\u00f6 velvoittaa ven\u00e4l\u00e4isi\u00e4 teleoperaattoreita seuraamaan ja s\u00e4il\u00f6m\u00e4\u00e4n puhelin- ja tietoliikennett\u00e4. Se mahdollistaa ven\u00e4l\u00e4isille turvallisuusviranomaisille puheluiden kuuntelemisen. T\u00e4m\u00e4 koskee sek\u00e4 tavallisia puheluita ett\u00e4 kaikkea internetliikennett\u00e4, kuten sovellusten kautta soitettuja puheluita.<\/p>\n<p class=\"aw-1gybjub aw-1p7kakr kEtdKx cEmitX yle__article__paragraph\">Ven\u00e4j\u00e4ll\u00e4 k\u00e4sittelyss\u00e4 oleva <a class=\"aw-iao6s4 iHOxEa yle__article__link\" href=\"https:\/\/www.forbes.ru\/tekhnologii\/538854-azykovoj-bar-er-rossianam-zapretat-prinimat-zvonki-iz-za-rubeza\" role=\"link\" rel=\"nofollow noopener\" target=\"_blank\">lakiesitys<\/a> tulee toteutuessaan velvoittamaan ven\u00e4l\u00e4iset ilmoittamaan ulkomailta tulevat puhelut operaattorilleen. Operaattorin on merkitt\u00e4v\u00e4 ne, katkaistava \u201dep\u00e4ilytt\u00e4v\u00e4t puhelut\u201d ja jaettava puheluiden tallenteet viranomaisten kanssa.<\/p>\n<p class=\"aw-1gybjub aw-1p7kakr kEtdKx cEmitX yle__article__paragraph\">Supon mukaan riski puheluiden kuunteluun kannattaa pit\u00e4\u00e4 mieless\u00e4. Luottamukselliset asiat kannattaa k\u00e4sitell\u00e4 muulla tavalla.<\/p>\n<p class=\"aw-1gybjub aw-1p7kakr kEtdKx cEmitX yle__article__paragraph\">Mila ja Anna toivovat p\u00e4\u00e4sev\u00e4ns\u00e4 tapaamaan omaisiaan rajan taakse entiseen tapaan. Suomen it\u00e4raja on ollut kiinni kohta kaksi vuotta ja matka Ven\u00e4j\u00e4lle vaatii aikaa ja vaivaa.<\/p>\n<p class=\"aw-1gybjub aw-1p7kakr kEtdKx cEmitX yle__article__paragraph\">&#8211; Minulla on kova toive, ett\u00e4 vaikkapa ensi vuonna joku ylityspaikka avataan, Mila sanoo.<\/p>\n<p class=\"aw-1gybjub aw-1p7kakr kEtdKx cEmitX yle__article__paragraph\">&#8211; Nyt on vain puhelin.<\/p>\n","protected":false},"excerpt":{"rendered":"Juttu tiivistettyn\u00e4 Suomalaiset Anna ja Mila ovat soittaneet suomalaisista operaattoreista omaisilleen Ven\u00e4j\u00e4ll\u00e4 ja linjoille on ilmestynyt tuntemattomien \u00e4\u00e4ni\u00e4.&hellip;\n","protected":false},"author":2,"featured_media":92144,"comment_status":"","ping_status":"","sticky":false,"template":"","format":"standard","meta":{"footnotes":""},"categories":[12],"tags":[22,23,26,27,33,31,30,17,18314,24,25,28,29,15,18,21,32,1070,19,20,546,56,16,547],"class_list":{"0":"post-92143","1":"post","2":"type-post","3":"status-publish","4":"format-standard","5":"has-post-thumbnail","7":"category-suomi","8":"tag-breaking-news","9":"tag-breakingnews","10":"tag-featured-news","11":"tag-featurednews","12":"tag-fi","13":"tag-finland","14":"tag-finnish","15":"tag-headlines","16":"tag-kuunteleminen","17":"tag-latest-news","18":"tag-latestnews","19":"tag-main-news","20":"tag-mainnews","21":"tag-news","22":"tag-otsikot","23":"tag-paauutiset","24":"tag-suomi","25":"tag-teleoperaattorit","26":"tag-top-stories","27":"tag-topstories","28":"tag-turvallisuus","29":"tag-ulkomaat","30":"tag-uutiset","31":"tag-venaja"},"share_on_mastodon":{"url":"https:\/\/pubeurope.com\/@fi\/115563174617870274","error":""},"_links":{"self":[{"href":"https:\/\/www.europesays.com\/fi\/wp-json\/wp\/v2\/posts\/92143","targetHints":{"allow":["GET"]}}],"collection":[{"href":"https:\/\/www.europesays.com\/fi\/wp-json\/wp\/v2\/posts"}],"about":[{"href":"https:\/\/www.europesays.com\/fi\/wp-json\/wp\/v2\/types\/post"}],"author":[{"embeddable":true,"href":"https:\/\/www.europesays.com\/fi\/wp-json\/wp\/v2\/users\/2"}],"replies":[{"embeddable":true,"href":"https:\/\/www.europesays.com\/fi\/wp-json\/wp\/v2\/comments?post=92143"}],"version-history":[{"count":0,"href":"https:\/\/www.europesays.com\/fi\/wp-json\/wp\/v2\/posts\/92143\/revisions"}],"wp:featuredmedia":[{"embeddable":true,"href":"https:\/\/www.europesays.com\/fi\/wp-json\/wp\/v2\/media\/92144"}],"wp:attachment":[{"href":"https:\/\/www.europesays.com\/fi\/wp-json\/wp\/v2\/media?parent=92143"}],"wp:term":[{"taxonomy":"category","embeddable":true,"href":"https:\/\/www.europesays.com\/fi\/wp-json\/wp\/v2\/categories?post=92143"},{"taxonomy":"post_tag","embeddable":true,"href":"https:\/\/www.europesays.com\/fi\/wp-json\/wp\/v2\/tags?post=92143"}],"curies":[{"name":"wp","href":"https:\/\/api.w.org\/{rel}","templated":true}]}}