{"id":92214,"date":"2025-11-17T06:30:10","date_gmt":"2025-11-17T06:30:10","guid":{"rendered":"https:\/\/www.europesays.com\/fi\/92214\/"},"modified":"2025-11-17T06:30:10","modified_gmt":"2025-11-17T06:30:10","slug":"kajn-jakobille-uusi-tyo-nain-kay-yhtyeen","status":"publish","type":"post","link":"https:\/\/www.europesays.com\/fi\/92214\/","title":{"rendered":"KAJ\u2019n Jakobille uusi ty\u00f6 \u2013 N\u00e4in k\u00e4y yhtyeen"},"content":{"rendered":"<p>Jakob Norrg\u00e5rd n\u00e4hd\u00e4\u00e4n teatterin lavalla.<\/p>\n<p class=\"paragraph\">Euroviisuissa nelj\u00e4nneksi sijoittuneen KAJ\u2019n <a href=\"https:\/\/www.iltalehti.fi\/henkilot\/Jakob Norrg\u00e5rd\" class=\"article-link-person-page\" rel=\"nofollow noopener\" target=\"_blank\">Jakob Norrg\u00e5rd<\/a> on mukana Svenska Teaternin \u00c4nglag\u00e5rd-musikaalissa.<\/p>\n<p class=\"paragraph\">Musikaalin Suomen kantaesitys on 17. syyskuuta.<\/p>\n<p class=\"paragraph\">\u2013 On todella hauskaa olla mukana t\u00e4ss\u00e4 musikaalissa, ja p\u00e4\u00e4st\u00e4 n\u00e4yttelem\u00e4\u00e4n Svenska Teaternin lavalla, Norrg\u00e5rd sanoo Iltalehdelle.<\/p>\n<p><img decoding=\"async\" class=\"image image-show image-preview\" src=\"https:\/\/www.europesays.com\/fi\/wp-content\/uploads\/2025\/11\/eb906f7caf76ca18eafb393ffc0fd25bba6bcd3fd0ce961c48811062d1aad2fa.jpg\" alt=\"\"\/><img decoding=\"async\" class=\"image image-show\" src=\"https:\/\/www.europesays.com\/fi\/wp-content\/uploads\/2025\/11\/1763361010_225_eb906f7caf76ca18eafb393ffc0fd25bba6bcd3fd0ce961c48811062d1aad2fa.jpg\" alt=\"\"\/><\/p>\n<p>Jakob Norrg\u00e5rd n\u00e4yttelee musikaalissa M\u00e5rten Flogf\u00e4lti\u00e4.  Anniina Nikander<\/p>\n<p class=\"paragraph\">KAJ\u2019n olemassaoloa rooli ei uhkaa. Yhtyeell\u00e4 on tulossa uusia kappaleita ja muitakin projekteja.<\/p>\n<p class=\"paragraph\">\u2013 Voi olla, ett\u00e4 keikkoja on v\u00e4hemm\u00e4n, mutta ne ovat isompia. Ei meist\u00e4 p\u00e4\u00e4se eroon.<\/p>\n<p class=\"paragraph\">KAJ\u2019n suurin keikka toistaiseksi n\u00e4htiin viime lokakuussa, kun trio esiintyi Helsingin J\u00e4\u00e4hallissa.<\/p>\n<p class=\"paragraph\">\u2013 Se oli aivan uskomatonta. Olin ennen keikkaa v\u00e4h\u00e4n hermostunut, ett\u00e4 miten kaikki sujuu kun ihmisi\u00e4 on niin paljon. Mutta kaikki meni hyvin. Sanoimme toisille, ett\u00e4 t\u00e4h\u00e4n voisi vaikka tottua.<\/p>\n<p class=\"paragraph\">Norrg\u00e5rd ei n\u00e4e kovin suurta eroa esiinty\u00e4 KAJ\u2019n riveiss\u00e4 tuhansille katsojille kuin n\u00e4ytell\u00e4 roolihahmoa teatterissa. Ty\u00f6 itsess\u00e4\u00e4n kun on esiintymist\u00e4.<\/p>\n<p class=\"paragraph\">\u2013 Toki nyt olen yksi osa t\u00e4llaisessa isossa kokoonpanossa.<\/p>\n<p class=\"paragraph\">Norrg\u00e5rd on ennenkin n\u00e4ytellyt musikaaleissa, mutta aiemmilla kerroilla mukana ovat olleet muutkin KAJ\u2019n j\u00e4senet. Musikaalit ovat olleet \u201dKAJ-musikaaleja\u201d.<\/p>\n<p class=\"paragraph\">\u2013 Saa n\u00e4hd\u00e4, miten nyt sujuu. Voin toki soittaa heille [Axel \u00c5hman ja Kevin Holmstr\u00f6m], jos jokin huolettaa minua, mutta eik\u00f6h\u00e4n kaikki mene hyvin.<\/p>\n<p>Jakob Norrg\u00e5rd rentoutuu pelaamalla Spiderman 2- ja Hogwarts Legacy\u00e4. Anniina Nikander<\/p>\n<p class=\"paragraph\">Norrg\u00e5rdin tavaramerkki on leve\u00e4 ja jatkuva hymy. Muusikko sanoo, ett\u00e4 ihan aina h\u00e4n ei hymyile. Kotiin menness\u00e4\u00e4n h\u00e4n saattaa olla hetken hymyilem\u00e4tt\u00e4.<\/p>\n<p class=\"paragraph\">\u2013 Suljen kaiken pois, istun, pelaan Playstationia, olen hetken hiljaa ja sitten hymyilen taas.<\/p>\n<p class=\"paragraph\">\u00c4nglag\u00e5rd on alunperin vuonna 1992 ilmestynyt <strong>Colin Nutleyn<\/strong> ohjaama ja k\u00e4sikirjoittama draamakomedia.<\/p>\n<p class=\"paragraph\">Elokuvan pohjalta tehty musikaali sai ensi-iltansa Ruotsissa vuonna 2023. Svenska Teaternin musikaalin ohjauksesta vastaa <strong>Maria Lundstr\u00f6m<\/strong>.<\/p>\n","protected":false},"excerpt":{"rendered":"Jakob Norrg\u00e5rd n\u00e4hd\u00e4\u00e4n teatterin lavalla. Euroviisuissa nelj\u00e4nneksi sijoittuneen KAJ\u2019n Jakob Norrg\u00e5rd on mukana Svenska Teaternin \u00c4nglag\u00e5rd-musikaalissa. Musikaalin Suomen&hellip;\n","protected":false},"author":2,"featured_media":92215,"comment_status":"","ping_status":"","sticky":false,"template":"","format":"standard","meta":{"footnotes":""},"categories":[136],"tags":[35,407,137,33,31,30,408,47,718,32,485,484,140,109],"class_list":{"0":"post-92214","1":"post","2":"type-post","3":"status-publish","4":"format-standard","5":"has-post-thumbnail","7":"category-julkkikset","8":"tag-24h","9":"tag-celebrities","10":"tag-entertainment","11":"tag-fi","12":"tag-finland","13":"tag-finnish","14":"tag-julkkikset","15":"tag-musiikki","16":"tag-nayttamotaide","17":"tag-suomi","18":"tag-taide-yleista","19":"tag-taiteellinen-ilmaisu-ja-mediat","20":"tag-tv-ja-elokuvat","21":"tag-viihde"},"share_on_mastodon":{"url":"https:\/\/pubeurope.com\/@fi\/115563634678292018","error":""},"_links":{"self":[{"href":"https:\/\/www.europesays.com\/fi\/wp-json\/wp\/v2\/posts\/92214","targetHints":{"allow":["GET"]}}],"collection":[{"href":"https:\/\/www.europesays.com\/fi\/wp-json\/wp\/v2\/posts"}],"about":[{"href":"https:\/\/www.europesays.com\/fi\/wp-json\/wp\/v2\/types\/post"}],"author":[{"embeddable":true,"href":"https:\/\/www.europesays.com\/fi\/wp-json\/wp\/v2\/users\/2"}],"replies":[{"embeddable":true,"href":"https:\/\/www.europesays.com\/fi\/wp-json\/wp\/v2\/comments?post=92214"}],"version-history":[{"count":0,"href":"https:\/\/www.europesays.com\/fi\/wp-json\/wp\/v2\/posts\/92214\/revisions"}],"wp:featuredmedia":[{"embeddable":true,"href":"https:\/\/www.europesays.com\/fi\/wp-json\/wp\/v2\/media\/92215"}],"wp:attachment":[{"href":"https:\/\/www.europesays.com\/fi\/wp-json\/wp\/v2\/media?parent=92214"}],"wp:term":[{"taxonomy":"category","embeddable":true,"href":"https:\/\/www.europesays.com\/fi\/wp-json\/wp\/v2\/categories?post=92214"},{"taxonomy":"post_tag","embeddable":true,"href":"https:\/\/www.europesays.com\/fi\/wp-json\/wp\/v2\/tags?post=92214"}],"curies":[{"name":"wp","href":"https:\/\/api.w.org\/{rel}","templated":true}]}}