{"id":92261,"date":"2025-11-17T07:35:09","date_gmt":"2025-11-17T07:35:09","guid":{"rendered":"https:\/\/www.europesays.com\/fi\/92261\/"},"modified":"2025-11-17T07:35:09","modified_gmt":"2025-11-17T07:35:09","slug":"suomi-ei-suostunut-aanestamaan","status":"publish","type":"post","link":"https:\/\/www.europesays.com\/fi\/92261\/","title":{"rendered":"Suomi ei suostunut \u00e4\u00e4nest\u00e4m\u00e4\u00e4n"},"content":{"rendered":"<p>EU:n j\u00e4senmaita edustava neuvosto ja Euroopan parlamentti p\u00e4\u00e4siv\u00e4t lauantaina yhteisymm\u00e4rrykseen unionin ensi vuoden budjetista. Suomi pid\u00e4tt\u00e4ytyi \u00e4\u00e4nest\u00e4m\u00e4st\u00e4 kokonaisharkinnan perusteella.<\/p>\n<p><img decoding=\"async\" class=\"image image-show image-preview\" src=\"https:\/\/www.europesays.com\/fi\/wp-content\/uploads\/2025\/11\/55e018378f70cb06e961ef27a47a1809b59d970c916da3fca334957fd4d50511.jpg\" alt=\"\"\/><img decoding=\"async\" class=\"image image-show\" src=\"https:\/\/www.europesays.com\/fi\/wp-content\/uploads\/2025\/11\/1763364909_493_55e018378f70cb06e961ef27a47a1809b59d970c916da3fca334957fd4d50511.jpg\" alt=\"\"\/><\/p>\n<p>Valtiovarainministeri Riikka Purra kuvattuna Brysseliss\u00e4. Kreeta Karvala<\/p>\n<p class=\"paragraph\">Suomi katsoi valtiovarainministeri\u00f6n (VM) tiedotteen mukaan, ett\u00e4 budjetin olisi pit\u00e4nyt sis\u00e4lt\u00e4\u00e4 enemm\u00e4n liikkumavaraa ennakoimattomia menoja varten. Lis\u00e4ksi eri rahoitustarpeita olisi pit\u00e4nyt priorisoida voimakkaammin.<\/p>\n<p class=\"paragraph\">Suomi piti my\u00f6s valitettavana, ett\u00e4 hallintomenojen kattamisessa jouduttiin turvautumaan erityisv\u00e4lineiden k\u00e4ytt\u00f6\u00f6n uudelleenkohdennusten sijasta. Kokonaisharkinnan perusteella Suomi p\u00e4\u00e4tti pid\u00e4tt\u00e4yty\u00e4 \u00e4\u00e4nest\u00e4m\u00e4st\u00e4.<\/p>\n<p class=\"paragraph\">EU:n j\u00e4senmaat k\u00e4sitteliv\u00e4t talousarviota perjantaina budjettineuvoston kokouksessa Brysseliss\u00e4. Suomea edusti suurl\u00e4hettil\u00e4s, pysyv\u00e4 edustaja <strong>Jori Arvonen<\/strong><strong>.<\/strong><\/p>\n<p class=\"paragraph\">Valtiovarainministeri\u00f6n mukaan samassa yhteydess\u00e4 kokoontui sovittelukomitea, jossa neuvosto ja parlamentti neuvottelivat budjetista.<\/p>\n<p class=\"paragraph\">Neuvottelut jatkuivat lauantaina, ja tuolloin neuvosto ja parlamentti saavuttivat yhteisymm\u00e4rryksen EU:n vuoden ensi vuoden budjetista.<\/p>\n<p class=\"paragraph\">VM:n mukaan EU:n neuvosto ja parlamentti sopivat ensi vuoden EU-budjetista seuraavasti:<\/p>\n<p class=\"paragraph\">\u2013\u2009Sitoumusm\u00e4\u00e4r\u00e4rahat ovat yhteens\u00e4 noin 192,8 miljardia euroa (mukaan lukien erityisv\u00e4lineet). N\u00e4ihin m\u00e4\u00e4r\u00e4rahoihin EU sitoutuu ensi vuoden aikana, mutta osa niist\u00e4 maksetaan my\u00f6hemmin.<\/p>\n<p class=\"paragraph\">\u2013\u2009Maksum\u00e4\u00e4r\u00e4rahat ovat yhteens\u00e4 noin 190,1miljardia euroa (mukaan lukien erityisv\u00e4lineet). N\u00e4m\u00e4 m\u00e4\u00e4r\u00e4rahat EU maksaa ensi vuonna.<\/p>\n<p class=\"paragraph\">Molempien toimielinten pit\u00e4\u00e4 viel\u00e4 vahvistaa yhteisymm\u00e4rrys virallisesti.<\/p>\n","protected":false},"excerpt":{"rendered":"EU:n j\u00e4senmaita edustava neuvosto ja Euroopan parlamentti p\u00e4\u00e4siv\u00e4t lauantaina yhteisymm\u00e4rrykseen unionin ensi vuoden budjetista. Suomi pid\u00e4tt\u00e4ytyi \u00e4\u00e4nest\u00e4m\u00e4st\u00e4 kokonaisharkinnan&hellip;\n","protected":false},"author":2,"featured_media":92262,"comment_status":"","ping_status":"","sticky":false,"template":"","format":"standard","meta":{"footnotes":""},"categories":[12],"tags":[35,22,23,26,27,33,31,30,2346,863,17,5679,24,25,28,29,2619,15,18,21,637,32,19,20,16],"class_list":{"0":"post-92261","1":"post","2":"type-post","3":"status-publish","4":"format-standard","5":"has-post-thumbnail","7":"category-suomi","8":"tag-24h","9":"tag-breaking-news","10":"tag-breakingnews","11":"tag-featured-news","12":"tag-featurednews","13":"tag-fi","14":"tag-finland","15":"tag-finnish","16":"tag-hallituksen-talouspolitiikka","17":"tag-hallitus","18":"tag-headlines","19":"tag-kansainvaliset-organisaatiot-ja-sopimukset","20":"tag-latest-news","21":"tag-latestnews","22":"tag-main-news","23":"tag-mainnews","24":"tag-makrotalous-ja-talouspolitiikka","25":"tag-news","26":"tag-otsikot","27":"tag-paauutiset","28":"tag-politiikka","29":"tag-suomi","30":"tag-top-stories","31":"tag-topstories","32":"tag-uutiset"},"share_on_mastodon":{"url":"https:\/\/pubeurope.com\/@fi\/115563890356023646","error":""},"_links":{"self":[{"href":"https:\/\/www.europesays.com\/fi\/wp-json\/wp\/v2\/posts\/92261","targetHints":{"allow":["GET"]}}],"collection":[{"href":"https:\/\/www.europesays.com\/fi\/wp-json\/wp\/v2\/posts"}],"about":[{"href":"https:\/\/www.europesays.com\/fi\/wp-json\/wp\/v2\/types\/post"}],"author":[{"embeddable":true,"href":"https:\/\/www.europesays.com\/fi\/wp-json\/wp\/v2\/users\/2"}],"replies":[{"embeddable":true,"href":"https:\/\/www.europesays.com\/fi\/wp-json\/wp\/v2\/comments?post=92261"}],"version-history":[{"count":0,"href":"https:\/\/www.europesays.com\/fi\/wp-json\/wp\/v2\/posts\/92261\/revisions"}],"wp:featuredmedia":[{"embeddable":true,"href":"https:\/\/www.europesays.com\/fi\/wp-json\/wp\/v2\/media\/92262"}],"wp:attachment":[{"href":"https:\/\/www.europesays.com\/fi\/wp-json\/wp\/v2\/media?parent=92261"}],"wp:term":[{"taxonomy":"category","embeddable":true,"href":"https:\/\/www.europesays.com\/fi\/wp-json\/wp\/v2\/categories?post=92261"},{"taxonomy":"post_tag","embeddable":true,"href":"https:\/\/www.europesays.com\/fi\/wp-json\/wp\/v2\/tags?post=92261"}],"curies":[{"name":"wp","href":"https:\/\/api.w.org\/{rel}","templated":true}]}}