{"id":92267,"date":"2025-11-17T07:45:19","date_gmt":"2025-11-17T07:45:19","guid":{"rendered":"https:\/\/www.europesays.com\/fi\/92267\/"},"modified":"2025-11-17T07:45:19","modified_gmt":"2025-11-17T07:45:19","slug":"opiskelijoiden-maksuton-huippunopea-netti-uhkaa-loppua-tampereella-pirkanmaa","status":"publish","type":"post","link":"https:\/\/www.europesays.com\/fi\/92267\/","title":{"rendered":"Opiskelijoiden maksuton huippunopea netti uhkaa loppua Tampereella | Pirkanmaa"},"content":{"rendered":"<p class=\"aw-1gybjub aw-5vja16 kEtdKx kmuxyA yle__article__paragraph\">Jos Pirkan opiskelija-asunnot siirtyisi omasta verkko\u00adyhteydest\u00e4\u00e4n kaupalliseen palveluun, vain perusnopeus olisi asukkaille maksuton ensi kev\u00e4\u00e4st\u00e4 alkaen.<\/p>\n<p><img decoding=\"async\" alt=\"Henkil\u00f6 istuu s\u00e4ngyll\u00e4 luurit p\u00e4\u00e4ss\u00e4 katsoen puhelintaan ja kannettava tietokone syliss\u00e4.\" src=\"https:\/\/www.europesays.com\/fi\/wp-content\/uploads\/2025\/11\/39-124939965dc70c2b5363.jpeg\" class=\"aw-1l9m598 hKVVvP\"\/><\/p>\n<p>Avaa kuvien katselu<\/p>\n<p>Poasnet on tarjolla POASin noin 2\u00a0400 asunnossa. Kuvituskuva. Kuva: Henrietta Hassinen \/ Yle<\/p>\n<p class=\"aw-1gybjub aw-1p7kakr kEtdKx cEmitX yle__article__paragraph\">Pirkan opiskelija-asunnot (POAS) etsii uutta ratkaisua verkkoyhteyden tarjoamiseksi asukkailleen.<\/p>\n<p class=\"aw-1gybjub aw-1p7kakr kEtdKx cEmitX yle__article__paragraph\">POAS saattaa luopua itse yll\u00e4pit\u00e4m\u00e4st\u00e4\u00e4n huippunopeasta, maksuttomasta verkkoyhteydest\u00e4 <a class=\"aw-iao6s4 iHOxEa yle__article__link\" href=\"https:\/\/poasnet.fi\/fi\/\" role=\"link\" rel=\"nofollow noopener\" target=\"_blank\">Poasnetist\u00e4<\/a>.<\/p>\n<p class=\"aw-1gybjub aw-1p7kakr kEtdKx cEmitX yle__article__paragraph\">Syyn\u00e4 ovat kovat yll\u00e4pitokustannukset. POASin toimitusjohtajan <strong class=\"aw-ak79eh KyCXm yle__article__strong\">Timo Jokisen<\/strong> mukaan puhutaan sadoista tuhansista euroista vuodessa.<\/p>\n<p class=\"aw-1gybjub aw-1p7kakr kEtdKx cEmitX yle__article__paragraph\">Yhti\u00f6n hallituksen on m\u00e4\u00e4r\u00e4 k\u00e4sitell\u00e4 asiaa lokakuun lopulla.<\/p>\n<p class=\"aw-1gybjub aw-1p7kakr kEtdKx cEmitX yle__article__paragraph\">Poasnet on tarjolla jotakuinkin kaikissa POASin noin 2\u00a0400 asunnossa.<\/p>\n<p class=\"aw-1gybjub aw-1p7kakr kEtdKx cEmitX yle__article__paragraph\">POASin omistaa Tampereen kaupunki.<\/p>\n<p>Joko kaupallinen palvelu tai halvempi oma ratkaisu<\/p>\n<p class=\"aw-1gybjub aw-1p7kakr kEtdKx cEmitX yle__article__paragraph\">POAS on valmistellut yhten\u00e4 vaihtoehtona siirtymist\u00e4 kaupalliseen palveluun.<\/p>\n<p class=\"aw-1gybjub aw-1p7kakr kEtdKx cEmitX yle__article__paragraph\">T\u00e4ss\u00e4 ratkaisussa asukkaalle maksuttomana s\u00e4ilyisi vain huomattavasti nykyist\u00e4 hitaampi perusnopeus. Nopeammasta netist\u00e4 pit\u00e4isi maksaa erikseen.<\/p>\n<p class=\"aw-1gybjub aw-1p7kakr kEtdKx cEmitX yle__article__paragraph\">Poasnetin ominaisuuksiin kuuluu muun muassa jopa yhden gigabitin eli tuhannen megabitin verkkoyhteys.<\/p>\n<p class=\"aw-1gybjub aw-1p7kakr kEtdKx cEmitX yle__article__paragraph\">Jokisen mukaan kaupallinen palvelu olisi POASille merkitt\u00e4v\u00e4sti edullisempi kuin nykyinen ratkaisu.<\/p>\n<p class=\"aw-1gybjub aw-1p7kakr kEtdKx cEmitX yle__article__paragraph\">Toisena vaihtoehtona POAS on selvitt\u00e4nyt, miten se voisi yll\u00e4pit\u00e4\u00e4 Poasnetin nykyist\u00e4 pienemmill\u00e4 kustannuksilla.<\/p>\n<p class=\"aw-1gybjub aw-1p7kakr kEtdKx cEmitX yle__article__paragraph\">Nyky\u00e4\u00e4n suurimmat kustannukset POASille aiheutuvat valokuitujen vuokrasta ja <a class=\"aw-iao6s4 iHOxEa yle__article__link\" href=\"https:\/\/csc.fi\/osaamisemme\/funet-tutkimuksen-ja-opetuksen-tietoverkko\/\" role=\"link\" rel=\"nofollow noopener\" target=\"_blank\">Funet<\/a>-runkoverkon k\u00e4yt\u00f6st\u00e4.<\/p>\n<p class=\"aw-1gybjub aw-1p7kakr kEtdKx cEmitX yle__article__paragraph\">Funet on suomalaisten korkeakoulujen, tutkimuksen ja opetuksen tietoverkko.<\/p>\n<p class=\"aw-1gybjub aw-1p7kakr kEtdKx cEmitX yle__article__paragraph\">Poasnet on yhteydess\u00e4 ulkomaailmaan Funetin kautta.<\/p>\n<p>Ty\u00f6t loppuisivat viidelt\u00e4<\/p>\n<p class=\"aw-1gybjub aw-1p7kakr kEtdKx cEmitX yle__article__paragraph\">Jos POAS luopuu Poasnetist\u00e4, siihen liittyv\u00e4t ty\u00f6t loppuisivat viidelt\u00e4 henkil\u00f6lt\u00e4. Jokisen mukaan he yll\u00e4pit\u00e4v\u00e4t Poasneti\u00e4 sivuty\u00f6n\u00e4\u00e4n.<\/p>\n<p class=\"aw-1gybjub aw-1p7kakr kEtdKx cEmitX yle__article__paragraph\">Tarkoitus on, ett\u00e4 uusi ratkaisu on k\u00e4yt\u00f6ss\u00e4 puolen vuoden p\u00e4\u00e4st\u00e4, eli ensi vuoden huhtikuussa.<\/p>\n<p class=\"aw-1gybjub aw-1p7kakr kEtdKx cEmitX yle__article__paragraph\">Poasnet tunnettiin aikaisemmin nimell\u00e4 Opintanner-verkko. Verkon rakenne ja laatu muuttuivat vuonna 2019, jolloin my\u00f6s nimi vaihtui.<\/p>\n","protected":false},"excerpt":{"rendered":"Jos Pirkan opiskelija-asunnot siirtyisi omasta verkko\u00adyhteydest\u00e4\u00e4n kaupalliseen palveluun, vain perusnopeus olisi asukkaille maksuton ensi kev\u00e4\u00e4st\u00e4 alkaen. Avaa kuvien&hellip;\n","protected":false},"author":2,"featured_media":92268,"comment_status":"","ping_status":"","sticky":false,"template":"","format":"standard","meta":{"footnotes":""},"categories":[87],"tags":[542,33,31,30,148,2011,97,553,32,551,91,92],"class_list":{"0":"post-92267","1":"post","2":"type-post","3":"status-publish","4":"format-standard","5":"has-post-thumbnail","7":"category-internet","8":"tag-asuminen","9":"tag-fi","10":"tag-finland","11":"tag-finnish","12":"tag-internet","13":"tag-internet-yhteys","14":"tag-opiskelijat","15":"tag-pirkanmaa","16":"tag-suomi","17":"tag-tampere","18":"tag-technology","19":"tag-teknologia"},"share_on_mastodon":{"url":"https:\/\/pubeurope.com\/@fi\/115563929579575837","error":""},"_links":{"self":[{"href":"https:\/\/www.europesays.com\/fi\/wp-json\/wp\/v2\/posts\/92267","targetHints":{"allow":["GET"]}}],"collection":[{"href":"https:\/\/www.europesays.com\/fi\/wp-json\/wp\/v2\/posts"}],"about":[{"href":"https:\/\/www.europesays.com\/fi\/wp-json\/wp\/v2\/types\/post"}],"author":[{"embeddable":true,"href":"https:\/\/www.europesays.com\/fi\/wp-json\/wp\/v2\/users\/2"}],"replies":[{"embeddable":true,"href":"https:\/\/www.europesays.com\/fi\/wp-json\/wp\/v2\/comments?post=92267"}],"version-history":[{"count":0,"href":"https:\/\/www.europesays.com\/fi\/wp-json\/wp\/v2\/posts\/92267\/revisions"}],"wp:featuredmedia":[{"embeddable":true,"href":"https:\/\/www.europesays.com\/fi\/wp-json\/wp\/v2\/media\/92268"}],"wp:attachment":[{"href":"https:\/\/www.europesays.com\/fi\/wp-json\/wp\/v2\/media?parent=92267"}],"wp:term":[{"taxonomy":"category","embeddable":true,"href":"https:\/\/www.europesays.com\/fi\/wp-json\/wp\/v2\/categories?post=92267"},{"taxonomy":"post_tag","embeddable":true,"href":"https:\/\/www.europesays.com\/fi\/wp-json\/wp\/v2\/tags?post=92267"}],"curies":[{"name":"wp","href":"https:\/\/api.w.org\/{rel}","templated":true}]}}