{"id":92284,"date":"2025-11-17T08:01:10","date_gmt":"2025-11-17T08:01:10","guid":{"rendered":"https:\/\/www.europesays.com\/fi\/92284\/"},"modified":"2025-11-17T08:01:10","modified_gmt":"2025-11-17T08:01:10","slug":"helsingin-keskusta-saa-uudet-joulumarkkinat-paikalliset","status":"publish","type":"post","link":"https:\/\/www.europesays.com\/fi\/92284\/","title":{"rendered":"Helsingin keskusta saa uudet joulumarkkinat | Paikalliset"},"content":{"rendered":"<p>Helsingin keskustaan tulee t\u00e4n\u00e4 jouluna uusi kilpailija joulumarkkinoiden sarjaan.<\/p>\n<p>Kauppakeskus <a href=\"https:\/\/www.helsinginuutiset.fi\/paikalliset\/8797116\" rel=\"nofollow noopener\" target=\"_blank\">Forumin uudistetulla sis\u00e4pihalla<\/a>, Kukontorilla, j\u00e4rjestet\u00e4\u00e4n ensimm\u00e4ist\u00e4 kertaa joulumarkkinat.<\/p>\n<p>Markkinat alkavat joulukuun alussa ja kest\u00e4v\u00e4t kolme viikkoa (1.\u2013 21. joulukuuta). Joulumarkkinat ovat avoinna arkisin kello 16\u201320 ja lauantaina sek\u00e4 sunnuntaina kello 11\u201319.<\/p>\n<p><strong class=\"diks-storyline__impact\">Uusilla<\/strong> markkinoilla halutaan tuoda tunnetuksi t\u00e4n\u00e4 syksyn\u00e4 uusittua Kukontoria.<\/p>\n<p>\u2013\u2009Haluamme kehitt\u00e4\u00e4 ydinkeskustaa ja tuoda sinne uusia el\u00e4myksi\u00e4 ja paikkoja, joissa ihmiset voivat kohdata ja nauttia kaupungin tunnelmasta, toteaa Spondan toimitusjohtaja <strong>Christian Hohenthal<\/strong> tiedotteessa.<\/p>\n<p>\t\t<a class=\"diks-gallery__link\" href=\"https:\/\/i.media.fi\/incoming\/cxz6y9\/11147517.jpg\/alternates\/FREE_1440\/11147517.jpg\" data-thumbnail=\"\" data-sub-html=\"Torin sis\u00e4pihalle ilmett\u00e4 luo uusi kukkomuraali, jonka toteuttivat SAV-taidekollektiivin Jesse Pasanen ja Maikki Rantala.Kukontorille p\u00e4\u00e4see Forumin kauppakeskuksen kolmannesta kerroksesta tai Yrj\u00f6nk\u00e4yt\u00e4v\u00e4\u00e4 pitkin. Jesse Paananen\" aria-label=\"Katso isompi kuva\" rel=\"nofollow noopener\" target=\"_blank\"><br \/>\n\t\t\t\t<img class=\"diks-figure__image\" src=\"https:\/\/www.europesays.com\/fi\/wp-content\/uploads\/2025\/11\/11147517.jpg\" loading=\"lazy\" decoding=\"sync\" alt=\"\"\/><\/p>\n<p>\t\t\t<\/a><br \/>\n\t\t\t\t\tTorin sis\u00e4pihalle ilmett\u00e4 luo uusi kukkomuraali, jonka toteuttivat SAV-taidekollektiivin Jesse Pasanen ja Maikki Rantala.Kukontorille p\u00e4\u00e4see Forumin kauppakeskuksen kolmannesta kerroksesta tai Yrj\u00f6nk\u00e4yt\u00e4v\u00e4\u00e4 pitkin. Jesse Paananen<\/p>\n<p><strong class=\"diks-storyline__impact\">Ruokapuolella<\/strong> tarjolla on muun muassa talvisia herkkuja ja l\u00e4mpimi\u00e4 juomia. Mukaan on l\u00e4htenyt monipuolinen kattaus erilaisia ruokayritt\u00e4ji\u00e4.<\/p>\n<p>Markkinoilla n\u00e4hd\u00e4\u00e4n aasialaisvivahteista street foodia tarjoava Bamilami ja japanilaista katuruokaa valmistava Rikiyaki.<\/p>\n<p>Mukana ovat my\u00f6s k\u00e4sintehdyist\u00e4 bageleistaan tunnettu Yestie Boi ja lihapiirakoistaan mainetta niitt\u00e4nyt Eromanga.<\/p>\n<p>Keitti\u00f6mestari <strong>Valtteri Sinkkosen<\/strong> Puurobaari on loihtunut moderneja puuroel\u00e4myksi\u00e4 Puurobaari by N4KU:ssa. Italialaista kahvilatunnelmaa tuo Brera. P\u00e2tisserie Pihlstr\u00f6m puolestaan vastaa k\u00e4sintehdyist\u00e4 ranskalais-suomalaisista leivonnaisista huippukokki <strong>Julia Pihlstr\u00f6min<\/strong> johdolla.<\/p>\n<p><strong class=\"diks-storyline__impact\">Lis\u00e4ksi<\/strong> tarjolla on luonnonmateriaaleista valmistettuja kransseja ja koristeita sek\u00e4 Helsingin Mehil\u00e4isyhdistyksen paikallista hunajaa ja mehil\u00e4isvahatuotteita.<\/p>\n<p><strong class=\"diks-storyline__impact\">Markkinat<\/strong> levitt\u00e4ytyv\u00e4t viikonloppuisin viereiselle Yrj\u00f6nk\u00e4yt\u00e4v\u00e4lle, jonne muodostuu joulupolku taiteen ja designin yst\u00e4ville. Joulukuussa Yrj\u00f6nk\u00e4yt\u00e4v\u00e4 saa my\u00f6s oman muraalinsa.<\/p>\n<p><strong class=\"diks-storyline__impact\">Jokaisena<\/strong> viikonloppuna alueella j\u00e4rjestet\u00e4\u00e4n vaihtuvat myyj\u00e4iset.<\/p>\n<p>Ensimm\u00e4isen\u00e4 viikonloppuna (5.-7. joulukuuta) taiteilijayhdistys Kolmas Kerros ry esittelee j\u00e4sentens\u00e4 teoksia. Mukana ovat muun muassa taidemaalari <strong>Tiitus Pet\u00e4j\u00e4niemi<\/strong>, valokuvataiteilija <strong>Kira Leskinen<\/strong>, taidegraafikko <strong>Rita Vargas<\/strong> ja taidemaalari <strong>Merja Hujo<\/strong>.<\/p>\n<p>Toisena viikonloppuna (12.-14. joulukuuta) designia ja taidetta edustaa taiteilijaj\u00e4rjest\u00f6 Taiteilijat O, joka kattaa Yrj\u00f6nk\u00e4yt\u00e4v\u00e4n suomalaisilla tuotteilla ja taideteoksilla.<\/p>\n<p>Mukana ovat <strong>Riika Anundi<\/strong>, <strong>Elli Hukka<\/strong>, <strong>Lulu Halme<\/strong>, <strong>Laura Itkonen<\/strong>,<strong> Katja Kotikoski<\/strong>, <strong>Sini Majuri<\/strong>, <strong>Eeva M\u00e4kinen<\/strong> ja <strong>Melissa Sammalvaara<\/strong>.<\/p>\n<p>Kolmantena viikonloppuna (19.-21. joulukuuta) Startup Refugees tuo markkinoille pakolaisten ja maahanmuuttajien valmistamia tuotteita, k\u00e4sintehtyj\u00e4 koruja, kynttil\u00f6it\u00e4, postikortteja ja taide-esineit\u00e4.<\/p>\n","protected":false},"excerpt":{"rendered":"Helsingin keskustaan tulee t\u00e4n\u00e4 jouluna uusi kilpailija joulumarkkinoiden sarjaan. Kauppakeskus Forumin uudistetulla sis\u00e4pihalla, Kukontorilla, j\u00e4rjestet\u00e4\u00e4n ensimm\u00e4ist\u00e4 kertaa joulumarkkinat.&hellip;\n","protected":false},"author":2,"featured_media":92285,"comment_status":"","ping_status":"","sticky":false,"template":"","format":"standard","meta":{"footnotes":""},"categories":[12],"tags":[22,23,26,27,33,31,30,17,104,24,25,28,29,15,18,21,32,19,20,16],"class_list":{"0":"post-92284","1":"post","2":"type-post","3":"status-publish","4":"format-standard","5":"has-post-thumbnail","7":"category-suomi","8":"tag-breaking-news","9":"tag-breakingnews","10":"tag-featured-news","11":"tag-featurednews","12":"tag-fi","13":"tag-finland","14":"tag-finnish","15":"tag-headlines","16":"tag-helsinki","17":"tag-latest-news","18":"tag-latestnews","19":"tag-main-news","20":"tag-mainnews","21":"tag-news","22":"tag-otsikot","23":"tag-paauutiset","24":"tag-suomi","25":"tag-top-stories","26":"tag-topstories","27":"tag-uutiset"},"share_on_mastodon":{"url":"https:\/\/pubeurope.com\/@fi\/115563992573428219","error":""},"_links":{"self":[{"href":"https:\/\/www.europesays.com\/fi\/wp-json\/wp\/v2\/posts\/92284","targetHints":{"allow":["GET"]}}],"collection":[{"href":"https:\/\/www.europesays.com\/fi\/wp-json\/wp\/v2\/posts"}],"about":[{"href":"https:\/\/www.europesays.com\/fi\/wp-json\/wp\/v2\/types\/post"}],"author":[{"embeddable":true,"href":"https:\/\/www.europesays.com\/fi\/wp-json\/wp\/v2\/users\/2"}],"replies":[{"embeddable":true,"href":"https:\/\/www.europesays.com\/fi\/wp-json\/wp\/v2\/comments?post=92284"}],"version-history":[{"count":0,"href":"https:\/\/www.europesays.com\/fi\/wp-json\/wp\/v2\/posts\/92284\/revisions"}],"wp:featuredmedia":[{"embeddable":true,"href":"https:\/\/www.europesays.com\/fi\/wp-json\/wp\/v2\/media\/92285"}],"wp:attachment":[{"href":"https:\/\/www.europesays.com\/fi\/wp-json\/wp\/v2\/media?parent=92284"}],"wp:term":[{"taxonomy":"category","embeddable":true,"href":"https:\/\/www.europesays.com\/fi\/wp-json\/wp\/v2\/categories?post=92284"},{"taxonomy":"post_tag","embeddable":true,"href":"https:\/\/www.europesays.com\/fi\/wp-json\/wp\/v2\/tags?post=92284"}],"curies":[{"name":"wp","href":"https:\/\/api.w.org\/{rel}","templated":true}]}}