{"id":92288,"date":"2025-11-17T08:14:09","date_gmt":"2025-11-17T08:14:09","guid":{"rendered":"https:\/\/www.europesays.com\/fi\/92288\/"},"modified":"2025-11-17T08:14:09","modified_gmt":"2025-11-17T08:14:09","slug":"ulla-tapaninen-elaa-hetkessa-ja-nauttii-esiintymisesta-kuhmosta-alkoi-into-lavoille","status":"publish","type":"post","link":"https:\/\/www.europesays.com\/fi\/92288\/","title":{"rendered":"Ulla Tapaninen el\u00e4\u00e4 hetkess\u00e4 ja nauttii esiintymisest\u00e4 \u2013 Kuhmosta alkoi into lavoille"},"content":{"rendered":"<p>                                  Ihmiset<\/p>\n<p>                <img loading=\"lazy\" decoding=\"async\" itemprop=\"contentUrl\" class=\"figure-img img-fluid\"  src=\"https:\/\/www.europesays.com\/fi\/wp-content\/uploads\/2025\/11\/1763367249_629_imengine.public.prod.hil.infomaker.io\" width=\"3000\" height=\"2000\"  alt=\"\"\/><\/p>\n<p>                                    Kainuussa kasvanut Ulla Tapaninen tunnetaan erilaisista rooleista, niin teatterissa, elokuvissa kuin televisiossakin.<br \/>\n                                                    Kuva:<br \/>\n                    Mitro H\u00e4rk\u00f6nen<\/p>\n<p class=\"ew-preamble\" itemprop=\"description\">70 vuotta t\u00e4ytt\u00e4v\u00e4 palkittu n\u00e4yttelij\u00e4 tunnetaan erityisesti komiikan taitajana. Ensituntuman n\u00e4yttelemiseen h\u00e4n sai nuorella i\u00e4ll\u00e4 Kuhmossa.<\/p>\n<dl class=\"authorbox__creator--dl authorbox__creator--dl--top\">\n<dt class=\"authorbox__creator--name\">\n      Juhana Unkuri\n    <\/dt>\n<dd class=\"authorbox__creator--description\">Kainuun Sanomat<\/dd>\n<\/dl>\n<p>      MAINOS &#8211; juttu jatkuu mainoksen j\u00e4lkeen<\/p>\n<p>      MAINOS &#8211; mainos p\u00e4\u00e4ttyy<\/p>\n<p class=\"ew-body\">Runsaat 30 vuotta sitten <strong id=\"strong-38566e3fc47dab2f1894d88d02ba07ba\">Ulla Tapanisen<\/strong> hyv\u00e4 yst\u00e4v\u00e4, teatteriohjaaja <strong id=\"strong-69cf822cba2214fe003d8cbf6ebf047b\">Raila \u201dAllu\u201d Lepp\u00e4koski<\/strong> sai idean. H\u00e4n ehdotti Tapaniselle, ett\u00e4 he voisivat kehitell\u00e4 konseptin, joka voisi mahdollisesti tuoda t\u00f6it\u00e4 ja esityksi\u00e4 pitk\u00e4ksi aikaa.<\/p>\n<p class=\"ew-body\">Pian kaksikko alkoi ty\u00f6st\u00e4\u00e4 Tapaniselle Lava-ammuntaa -monologia, jo<\/p>\n<p>  <a class=\"btn btn-secondary btn-icon-left\" href=\"#coral_thread\"><br \/>\n    <img decoding=\"async\" src=\"https:\/\/www.kainuunsanomat.fi\/wp-content\/themes\/hilla-theme\/assets\/img\/icon_comments.svg\" alt=\"\"\/><br \/>\n    Kommentoi<br \/>\n  <\/a><\/p>\n<p>  <a class=\"btn btn-secondary btn-icon-left mailto_web\" href=\"mailto:toimitus@kainuunsanomat.fi?subject=Ilmoita%20asiavirheest%C3%A4&amp;body=Otsikko%3A%20Ulla%20Tapaninen%20el%C3%A4%C3%A4%20hetkess%C3%A4%20ja%20nauttii%20esiintymisest%C3%A4%20%E2%80%93%20Kuhmosta%20alkoi%20into%20lavoille%0AUuid%3A%20190221bf-ba5b-4301-b0fd-281d7be1fee1%0AUrl%3A%20https%3A%2F%2Fwww.kainuunsanomat.fi%2Fartikkeli%2Fulla-tapaninen-elaa-hetkessa-ja-nauttii-esiintymisesta-kuhmosta-alkoi-into-lavoille\"><br \/>\n    <img decoding=\"async\" src=\"https:\/\/www.kainuunsanomat.fi\/wp-content\/themes\/hilla-theme\/assets\/img\/icon_feedback.svg\" alt=\"\"\/><br \/>\n    Ilmoita asiavirheest\u00e4<br \/>\n  <\/a><\/p>\n","protected":false},"excerpt":{"rendered":"Ihmiset Kainuussa kasvanut Ulla Tapaninen tunnetaan erilaisista rooleista, niin teatterissa, elokuvissa kuin televisiossakin. Kuva: Mitro H\u00e4rk\u00f6nen 70 vuotta&hellip;\n","protected":false},"author":2,"featured_media":92289,"comment_status":"","ping_status":"","sticky":false,"template":"","format":"standard","meta":{"footnotes":""},"categories":[136],"tags":[407,137,33,31,30,408,32,109],"class_list":{"0":"post-92288","1":"post","2":"type-post","3":"status-publish","4":"format-standard","5":"has-post-thumbnail","7":"category-julkkikset","8":"tag-celebrities","9":"tag-entertainment","10":"tag-fi","11":"tag-finland","12":"tag-finnish","13":"tag-julkkikset","14":"tag-suomi","15":"tag-viihde"},"share_on_mastodon":{"url":"https:\/\/pubeurope.com\/@fi\/115564043663113317","error":""},"_links":{"self":[{"href":"https:\/\/www.europesays.com\/fi\/wp-json\/wp\/v2\/posts\/92288","targetHints":{"allow":["GET"]}}],"collection":[{"href":"https:\/\/www.europesays.com\/fi\/wp-json\/wp\/v2\/posts"}],"about":[{"href":"https:\/\/www.europesays.com\/fi\/wp-json\/wp\/v2\/types\/post"}],"author":[{"embeddable":true,"href":"https:\/\/www.europesays.com\/fi\/wp-json\/wp\/v2\/users\/2"}],"replies":[{"embeddable":true,"href":"https:\/\/www.europesays.com\/fi\/wp-json\/wp\/v2\/comments?post=92288"}],"version-history":[{"count":0,"href":"https:\/\/www.europesays.com\/fi\/wp-json\/wp\/v2\/posts\/92288\/revisions"}],"wp:featuredmedia":[{"embeddable":true,"href":"https:\/\/www.europesays.com\/fi\/wp-json\/wp\/v2\/media\/92289"}],"wp:attachment":[{"href":"https:\/\/www.europesays.com\/fi\/wp-json\/wp\/v2\/media?parent=92288"}],"wp:term":[{"taxonomy":"category","embeddable":true,"href":"https:\/\/www.europesays.com\/fi\/wp-json\/wp\/v2\/categories?post=92288"},{"taxonomy":"post_tag","embeddable":true,"href":"https:\/\/www.europesays.com\/fi\/wp-json\/wp\/v2\/tags?post=92288"}],"curies":[{"name":"wp","href":"https:\/\/api.w.org\/{rel}","templated":true}]}}