{"id":92328,"date":"2025-11-17T09:11:08","date_gmt":"2025-11-17T09:11:08","guid":{"rendered":"https:\/\/www.europesays.com\/fi\/92328\/"},"modified":"2025-11-17T09:11:08","modified_gmt":"2025-11-17T09:11:08","slug":"ensimmainen-harry-potter-elokuva-tayttaa-24-vuotta-talta-lapsitahdet-nayttavat-nyt","status":"publish","type":"post","link":"https:\/\/www.europesays.com\/fi\/92328\/","title":{"rendered":"Ensimm\u00e4inen Harry Potter -elokuva t\u00e4ytt\u00e4\u00e4 24 vuotta \u2013 T\u00e4lt\u00e4 lapsit\u00e4hdet n\u00e4ytt\u00e4v\u00e4t nyt"},"content":{"rendered":"<p>Harry Potter ja viisasten kivi ilmestyi 24 vuotta sitten.<\/p>\n<p><img decoding=\"async\" class=\"image image-show image-preview\" src=\"https:\/\/www.europesays.com\/fi\/wp-content\/uploads\/2025\/11\/d96c8bcec80532ec8cfa4d1d909142bf25ac36bdfd0a3b30e74425f27a9b7945.jpg\" alt=\"\"\/><img decoding=\"async\" class=\"image image-show\" src=\"https:\/\/www.europesays.com\/fi\/wp-content\/uploads\/2025\/11\/1763370668_290_d96c8bcec80532ec8cfa4d1d909142bf25ac36bdfd0a3b30e74425f27a9b7945.jpg\" alt=\"\"\/><\/p>\n<p>Elokuvasarjan ensimm\u00e4inen osa ilmestyi 24 vuotta sitten. AOP<\/p>\n<p class=\"paragraph\">Ensimm\u00e4inen Harry Potter -elokuva Harry Potter ja viisasten kivi sai maailman ensi-iltansa 16. marraskuuta 2001.<\/p>\n<p class=\"paragraph\">Elokuvan p\u00e4\u00e4t\u00e4hdet olivat ensimm\u00e4isen elokuvan kuvausten aikana vasta 10\u201312-vuotiaita.<\/p>\n<p>Elokuvasarjaa t\u00e4hdittiv\u00e4t Daniel Radcliffe, Rupert Grint ja Emma Watson. AOP<\/p>\n<p>Daniel Radcliffe oli 11-vuotias n\u00e4ytelless\u00e4\u00e4n ensimm\u00e4isess\u00e4 elokuvassa. AOP<\/p>\n<p class=\"paragraph\">Elokuvan p\u00e4\u00e4hahmoa Harry Potteria n\u00e4yttelev\u00e4 <a href=\"https:\/\/www.iltalehti.fi\/henkilot\/Daniel Radcliffe\" class=\"article-link-person-page\" rel=\"nofollow noopener\" target=\"_blank\">Daniel Radcliffe<\/a> oli vasta 11-vuotias elokuvan kuvausten aikana.<\/p>\n<p class=\"paragraph\">Ron Weasleyta n\u00e4yttelev\u00e4 <a href=\"https:\/\/www.iltalehti.fi\/henkilot\/Rupert Grint\" class=\"article-link-person-page\" rel=\"nofollow noopener\" target=\"_blank\">Rupert Grint<\/a> oli puolestaan 12-vuotias ja Hermione Grangeria esitt\u00e4v\u00e4 <a href=\"https:\/\/www.iltalehti.fi\/henkilot\/Emma Watson\" class=\"article-link-person-page\" rel=\"nofollow noopener\" target=\"_blank\">Emma Watson<\/a> 10-vuotias. Elokuvassa heid\u00e4n kaikkien hahmot esitt\u00e4v\u00e4t 11-vuotiaita.<\/p>\n<p>Daniel Radcliffe on jatkanut n\u00e4yttelij\u00e4nuraansa. ZumaWire \/ MVPHOTOS<\/p>\n<p>Rupert Grint viime kes\u00e4n\u00e4. AOP<\/p>\n<p>Emma Watson kuvattu t\u00e4n\u00e4 syksyn\u00e4. AOP<\/p>\n<p class=\"paragraph\">Draco Malfoyta n\u00e4ytellyt <a href=\"https:\/\/www.iltalehti.fi\/henkilot\/Tom Felton\" class=\"article-link-person-page\" rel=\"nofollow noopener\" target=\"_blank\">Tom Felton<\/a> oli kuvausten aikaan 13-vuotias.<\/p>\n<p>Tom Felton roolissaan Draco Malfoyna. AOP<\/p>\n<p>Tom Felton nyky\u00e4\u00e4n. AOP<\/p>\n<p class=\"paragraph\"><a href=\"https:\/\/www.iltalehti.fi\/henkilot\/Matthew Lewis\" class=\"article-link-person-page\" rel=\"nofollow noopener\" target=\"_blank\">Matthew Lewis<\/a>, joka n\u00e4ytteli Neville Longbottomia, oli kuvausten aikaan my\u00f6s 11-vuotias. Nyky\u00e4\u00e4n h\u00e4n n\u00e4ytt\u00e4\u00e4 l\u00e4hes tunnistamattomalta uudessa Murder Before Evensong -sarjassa, jossa h\u00e4n esitt\u00e4\u00e4 t\u00e4ysin erilaista roolihahmoa Neville Longbottomiin verrattuna.<\/p>\n<p>Matthew Lewis n\u00e4ytteli Neville Longbottomia. AOP<\/p>\n<p>Matthew Lewis vuonna 2025. AOP<\/p>\n<p class=\"paragraph\">Ron Weasleyn siskoa Ginny Weasleyt\u00e4 n\u00e4ytellyt <a href=\"https:\/\/www.iltalehti.fi\/henkilot\/Bonnie Wright\" class=\"article-link-person-page\" rel=\"nofollow noopener\" target=\"_blank\">Bonnie Wright<\/a> oli kuvausten aikana vasta 9-vuotias. Weasleyn veljeksi\u00e4 Fredi\u00e4 ja Georgea n\u00e4ytelleet kaksoset <a href=\"https:\/\/www.iltalehti.fi\/henkilot\/James Phelps\" class=\"article-link-person-page\" rel=\"nofollow noopener\" target=\"_blank\">James Phelps<\/a> ja <a href=\"https:\/\/www.iltalehti.fi\/henkilot\/Oliver Phelps\" class=\"article-link-person-page\" rel=\"nofollow noopener\" target=\"_blank\">Oliver Phelps<\/a> olivat 14-vuotiaita.<\/p>\n<p>Bonnie Wright hahmossaan Ginny Weasleyn\u00e4. AOP<\/p>\n<p>Bonnie Wright vuonna 2024. AOP<\/p>\n<p>James ja Oliver Phelps vuonna 2002. AOP<\/p>\n<p>Veljekset vuonna 2024. AOP<\/p>\n<p class=\"paragraph\">Harry Potter ja viisasten kivi -elokuva pohjautuu <a href=\"https:\/\/www.iltalehti.fi\/henkilot\/J. K. Rowling\" class=\"article-link-person-page\" rel=\"nofollow noopener\" target=\"_blank\">J. K. Rowlingin<\/a> samannimiseen romaaniin vuodelta 1997. Elokuva on Harry Potter -elokuvasarjan ensimm\u00e4inen osa ja sen on ohjannut <strong>Chris Columbus<\/strong>, k\u00e4sikirjoittanut <a href=\"https:\/\/www.iltalehti.fi\/henkilot\/Steve Kloves\" class=\"article-link-person-page\" rel=\"nofollow noopener\" target=\"_blank\">Steve Kloves<\/a> ja tuottanut <a href=\"https:\/\/www.iltalehti.fi\/henkilot\/David Heyman\" class=\"article-link-person-page\" rel=\"nofollow noopener\" target=\"_blank\">David Heyman<\/a>. Sen tarina seuraa Harry Potterin ensimm\u00e4ist\u00e4 vuotta Tylypahkan noitien ja velhojen koulussa, kun h\u00e4n huomaa olevansa kuuluisa velho.<\/p>\n<p class=\"paragraph\">Elokuvasta tuli suuri ja kaupallinen menestys, joka tuotti 975,1 miljoonaa dollaria (noin 840 miljoonaa euroa) lipputoimistoissa ymp\u00e4ri maailmaa.<\/p>\n<p class=\"paragraph\">Se oli vuoden 2001 eniten tuottanut elokuva ja nousi kaikkien aikojen toiseksi eniten tuottaneeksi elokuvaksi vuonna 1997 ensi-iltansa saaneen Titanicin j\u00e4lkeen. Se on my\u00f6s Harry Potter -elokuvasarjan toiseksi menestynein elokuva heti sarjan p\u00e4\u00e4tt\u00e4neen Harry Potter ja kuoleman varjelukset osa 2:n j\u00e4lkeen.<\/p>\n","protected":false},"excerpt":{"rendered":"Harry Potter ja viisasten kivi ilmestyi 24 vuotta sitten. Elokuvasarjan ensimm\u00e4inen osa ilmestyi 24 vuotta sitten. AOP Ensimm\u00e4inen&hellip;\n","protected":false},"author":2,"featured_media":92329,"comment_status":"","ping_status":"","sticky":false,"template":"","format":"standard","meta":{"footnotes":""},"categories":[131],"tags":[35,623,2234,155,137,33,173,31,30,381,379,1928,172,32,140,109],"class_list":{"0":"post-92328","1":"post","2":"type-post","3":"status-publish","4":"format-standard","5":"has-post-thumbnail","7":"category-elokuvat","8":"tag-24h","9":"tag-elokuva","10":"tag-elokuvagenre","11":"tag-elokuvat","12":"tag-entertainment","13":"tag-fi","14":"tag-film","15":"tag-finland","16":"tag-finnish","17":"tag-kaunokirjallisuus","18":"tag-kirjallisuus","19":"tag-kirjallisuus-ja-audiovisuaalinen-media","20":"tag-movies","21":"tag-suomi","22":"tag-tv-ja-elokuvat","23":"tag-viihde"},"share_on_mastodon":{"url":"https:\/\/pubeurope.com\/@fi\/115564267790332067","error":""},"_links":{"self":[{"href":"https:\/\/www.europesays.com\/fi\/wp-json\/wp\/v2\/posts\/92328","targetHints":{"allow":["GET"]}}],"collection":[{"href":"https:\/\/www.europesays.com\/fi\/wp-json\/wp\/v2\/posts"}],"about":[{"href":"https:\/\/www.europesays.com\/fi\/wp-json\/wp\/v2\/types\/post"}],"author":[{"embeddable":true,"href":"https:\/\/www.europesays.com\/fi\/wp-json\/wp\/v2\/users\/2"}],"replies":[{"embeddable":true,"href":"https:\/\/www.europesays.com\/fi\/wp-json\/wp\/v2\/comments?post=92328"}],"version-history":[{"count":0,"href":"https:\/\/www.europesays.com\/fi\/wp-json\/wp\/v2\/posts\/92328\/revisions"}],"wp:featuredmedia":[{"embeddable":true,"href":"https:\/\/www.europesays.com\/fi\/wp-json\/wp\/v2\/media\/92329"}],"wp:attachment":[{"href":"https:\/\/www.europesays.com\/fi\/wp-json\/wp\/v2\/media?parent=92328"}],"wp:term":[{"taxonomy":"category","embeddable":true,"href":"https:\/\/www.europesays.com\/fi\/wp-json\/wp\/v2\/categories?post=92328"},{"taxonomy":"post_tag","embeddable":true,"href":"https:\/\/www.europesays.com\/fi\/wp-json\/wp\/v2\/tags?post=92328"}],"curies":[{"name":"wp","href":"https:\/\/api.w.org\/{rel}","templated":true}]}}