{"id":9234,"date":"2025-08-18T11:51:11","date_gmt":"2025-08-18T11:51:11","guid":{"rendered":"https:\/\/www.europesays.com\/fi\/9234\/"},"modified":"2025-08-18T11:51:11","modified_gmt":"2025-08-18T11:51:11","slug":"vuotaja-paljasti-tietoja-tulevasta-iphone-17esta","status":"publish","type":"post","link":"https:\/\/www.europesays.com\/fi\/9234\/","title":{"rendered":"Vuotaja paljasti tietoja tulevasta iPhone 17e:st\u00e4"},"content":{"rendered":"<p><a href=\"https:\/\/mobiili.fi\/wp-content\/uploads\/2025\/02\/iphone_16e_side.jpg\" data-lightbox=\"image\" rel=\"nofollow noopener\" target=\"_blank\"><img fetchpriority=\"high\" decoding=\"async\" aria-describedby=\"caption-attachment-254418\" class=\"size-large wp-image-254418\" src=\"data:image\/svg+xml,%3Csvg%20xmlns=\" http:=\"\" alt=\"Kuvassa iPhone 16e.\" width=\"1200\" height=\"385\" data-lazy- data-lazy- data-lazy-src=\"https:\/\/www.europesays.com\/fi\/wp-content\/uploads\/2025\/08\/iphone_16e_side-1200x385.jpg\"\/><\/a><\/p>\n<p id=\"caption-attachment-254418\" class=\"wp-caption-text\">Kuvassa iPhone 16e.<\/p>\n<p>Applen vuoden 2025 uutuuksiin kuulunut iPhone 16e on n\u00e4ill\u00e4 n\u00e4kymin saamassa jatkoa iPhone 17e:st\u00e4 vuonna 2026.<\/p>\n<p>Apple <a href=\"https:\/\/mobiili.fi\/2025\/02\/28\/apple-iphone-16e-tuli-saataville-nama-ovat-hinnat-suomessa\/\" rel=\"nofollow noopener\" target=\"_blank\">toi alkuvuodesta 2025 markkinoille iPhone 16e -puhelimen<\/a>, joka samalla t\u00e4ydensi iPhone 16 -sarjaa edullisempana vaihtoehtona sek\u00e4 oli jatkoa iPhone SE -sarjalle.<\/p>\n<p>iPhone 16e tuli l\u00e4hes kolme vuotta <a href=\"https:\/\/mobiili.fi\/puhelin\/apple_iphone_se_2022\/\" rel=\"nofollow noopener\" target=\"_blank\">maaliskuussa 2022 julkaistun kolmannen sukupolven iPhone SE:n<\/a> j\u00e4lkeen, mutta jo aiemmin kuultujen huhujen mukaan e-malleista voi tulla Applelle jokavuotinen perinne.<\/p>\n<p style=\"width: 98%; text-align: center; font-size:13px; border-bottom: 1px solid #C8C8C8; line-height: 0.1em; margin: 8px 1% 16px 1%;\">MAINOS (ARTIKKELI JATKUU ALLA)<\/p>\n<p>Nyt nimimerkill\u00e4 <a href=\"https:\/\/weibo.com\/6048569942\/Q0pvz03Gt?pagetype=profilefeed\" rel=\"nofollow noopener\" target=\"_blank\">Digital Chat Station tunnettu vuotaja on kertonut<\/a> tietojaan tulevan iPhone 17e:n yksityiskohdista.<\/p>\n<p>Apple on julkistamassa iPhone 17 -puhelimensa syyskuussa, mutta iPhone 17e:n odotetaan seuraavan j\u00e4lleen per\u00e4st\u00e4 alkuvuoden 2026 aikana.<\/p>\n<p>Vuotajan mukaan iPhone 17e olisi jatkamassa edelleen 6,1 tuuman OLED-n\u00e4yt\u00f6ll\u00e4, jonka virkistystaajuus lienee yh\u00e4 60 hertsi\u00e4. N\u00e4yt\u00f6n yl\u00e4reunassa tullaan kuitenkin n\u00e4kem\u00e4\u00e4n muutos, sill\u00e4 iPhone 16e:n n\u00e4ytt\u00f6lovi on kerrotun mukaan korvautumassa Dynamic Island -reik\u00e4ratkaisulla.<\/p>\n<p style=\"width: 98%; text-align: center; font-size:13px; border-bottom: 1px solid #C8C8C8; line-height: 0.1em; margin: 8px 1% 16px 1%;\">MAINOS (ARTIKKELI JATKUU ALLA)<\/p>\n<p>Etupuolen ulkon\u00e4\u00f6lt\u00e4\u00e4n iPhone 17e saattaakin vastata iPhone 16 -mallia.<\/p>\n<p>J\u00e4rjestelm\u00e4piiriksi iPhone 17e on saamassa viel\u00e4 julkistamattoman A19:n, jota odotetaan k\u00e4ytt\u00f6\u00f6n my\u00f6s iPhone 17:ss\u00e4.<\/p>\n<p>Muuten iPhone 17e sis\u00e4lt\u00e4\u00e4 vuotajan mukaan edelleen 48 megapikselin takakameran ja 12 megapikselin etukameran, luonnollisesti Face ID -tuella.<\/p>\n<p>Nykyisess\u00e4 iPhone 16e:ss\u00e4 on A18-j\u00e4rjestelm\u00e4piiri iPhone 16:n tavoin, mutta yhdell\u00e4 v\u00e4hemm\u00e4ll\u00e4 grafiikkasuoritinytimell\u00e4. iPhone 16:een verrattuna iPhone 16e:st\u00e4 puuttuu ultralaajakulmakamera,\u00a0 toisen kameran mahdollistamat lis\u00e4kuvaustoiminnot, Kameras\u00e4\u00e4din-painike, Dynamic Island, laitteiden v\u00e4lisen paikannuksen mahdollistava Ultra Wideband -piiri sek\u00e4 MagSafe. Lis\u00e4ksi n\u00e4ytt\u00f6 on v\u00e4hemm\u00e4n kirkas.<\/p>\n<p>Mainos: <a href=\"https:\/\/hinta.fi\/?src=gPp6fX03\" target=\"_blank\" rel=\"nofollow noopener\">Noin 1 600 000 tuotteen hintavertailu ja hintaseuranta &#8211; katso Hinta.fist\u00e4 mist\u00e4 saat halvimmalla<\/a><\/p>\n","protected":false},"excerpt":{"rendered":"Kuvassa iPhone 16e. Applen vuoden 2025 uutuuksiin kuulunut iPhone 16e on n\u00e4ill\u00e4 n\u00e4kymin saamassa jatkoa iPhone 17e:st\u00e4 vuonna&hellip;\n","protected":false},"author":2,"featured_media":9235,"comment_status":"","ping_status":"","sticky":false,"template":"","format":"standard","meta":{"footnotes":""},"categories":[84],"tags":[33,31,30,32,91,92],"class_list":{"0":"post-9234","1":"post","2":"type-post","3":"status-publish","4":"format-standard","5":"has-post-thumbnail","7":"category-teknologia","8":"tag-fi","9":"tag-finland","10":"tag-finnish","11":"tag-suomi","12":"tag-technology","13":"tag-teknologia"},"share_on_mastodon":{"url":"","error":""},"_links":{"self":[{"href":"https:\/\/www.europesays.com\/fi\/wp-json\/wp\/v2\/posts\/9234","targetHints":{"allow":["GET"]}}],"collection":[{"href":"https:\/\/www.europesays.com\/fi\/wp-json\/wp\/v2\/posts"}],"about":[{"href":"https:\/\/www.europesays.com\/fi\/wp-json\/wp\/v2\/types\/post"}],"author":[{"embeddable":true,"href":"https:\/\/www.europesays.com\/fi\/wp-json\/wp\/v2\/users\/2"}],"replies":[{"embeddable":true,"href":"https:\/\/www.europesays.com\/fi\/wp-json\/wp\/v2\/comments?post=9234"}],"version-history":[{"count":0,"href":"https:\/\/www.europesays.com\/fi\/wp-json\/wp\/v2\/posts\/9234\/revisions"}],"wp:featuredmedia":[{"embeddable":true,"href":"https:\/\/www.europesays.com\/fi\/wp-json\/wp\/v2\/media\/9235"}],"wp:attachment":[{"href":"https:\/\/www.europesays.com\/fi\/wp-json\/wp\/v2\/media?parent=9234"}],"wp:term":[{"taxonomy":"category","embeddable":true,"href":"https:\/\/www.europesays.com\/fi\/wp-json\/wp\/v2\/categories?post=9234"},{"taxonomy":"post_tag","embeddable":true,"href":"https:\/\/www.europesays.com\/fi\/wp-json\/wp\/v2\/tags?post=9234"}],"curies":[{"name":"wp","href":"https:\/\/api.w.org\/{rel}","templated":true}]}}