{"id":92342,"date":"2025-11-17T09:20:08","date_gmt":"2025-11-17T09:20:08","guid":{"rendered":"https:\/\/www.europesays.com\/fi\/92342\/"},"modified":"2025-11-17T09:20:08","modified_gmt":"2025-11-17T09:20:08","slug":"marraskuun-sade-ennatys-rikkoutui-virolahdella-hs-fi","status":"publish","type":"post","link":"https:\/\/www.europesays.com\/fi\/92342\/","title":{"rendered":"Marraskuun sade-enn\u00e4tys rikkoutui Virolahdella | HS.fi"},"content":{"rendered":"<p>Marraskuu|Suomenlahdelta liikkui etel\u00e4rannikon yli sadekuuronauha.<\/p>\n<p>Lue tiivistelm\u00e4<\/p>\n<p>Tiivistelm\u00e4 on teko\u00e4lyn tekem\u00e4 ja ihmisen tarkistama.<\/p>\n<p class=\"article-body mb-nof-24 px-nof-16 sndp-summary-bullet-point-font\">Virolahdella Kymenlaaksossa satoi enn\u00e4tysm\u00e4\u00e4r\u00e4 vett\u00e4, kun vuorokaudessa kertyi 79 millimetri\u00e4 sadetta.<\/p>\n<p class=\"article-body mb-nof-24 px-nof-16 sndp-summary-bullet-point-font\">Aiempi marraskuun vuorokauden sadem\u00e4\u00e4r\u00e4n enn\u00e4tys oli vuodelta 1971, jolloin Isojoen Sarviluomassa satoi 52,8 millimetri\u00e4.<\/p>\n<p class=\"article-body mb-nof-24 px-nof-16 sndp-summary-bullet-point-font\">Ilmatieteen laitoksen ilmastopalvelun meteorologi Eveliina Tuovinen kertoo, ett\u00e4 Suomenlahdelta liikkui sadekuuronauha, joka aiheutti l\u00e4hes yht\u00e4jaksoista sadetta.<\/p>\n<p class=\"article-body mb-nof-24 px-nof-16\">Virolahdella Kymenlaaksossa satoi niin paljon vett\u00e4, ett\u00e4 marraskuun sade-enn\u00e4tys meni rikki.<\/p>\n<p class=\"article-body mb-nof-24 px-nof-16\">Vuorokauden sadekertym\u00e4 sunnuntain aamukahdeksasta maanantain aamukahdeksaan oli yhteens\u00e4 79 millimetri\u00e4. Aiempi marraskuun vuorokauden sadem\u00e4\u00e4r\u00e4n kuukausienn\u00e4tys on vuodelta 1971, jolloin Isojoen Sarviluomassa satoi 52,8 millimetri\u00e4.<\/p>\n<p class=\"article-body mb-nof-24 px-nof-16\">Suomenlahdelta saapui sadekuuronauha, joka liikkui hitaasti etel\u00e4rannikon yli. Virolahdella satoi l\u00e4hes yht\u00e4jaksoisesti aamusta aamuun.<\/p>\n<p class=\"article-body mb-nof-24 px-nof-16\">\u201dMerelt\u00e4 tuli koko ajan uutta kuuroa nauhamaisesti, sen takia p\u00e4\u00e4si kertym\u00e4\u00e4n noin paljon. Siell\u00e4 on viel\u00e4kin kuuronauha, mutta pikkuisen eri paikassa\u201d, Ilmatieteen laitoksen ilmastopalvelun meteorologi <a class=\"article-personlink\" href=\"https:\/\/www.hs.fi\/haku\/?query=Eveliina%20Tuovinen\" rel=\"nofollow noopener\" target=\"_blank\">Eveliina Tuovinen<\/a> sanoi maanantaina aamup\u00e4iv\u00e4ll\u00e4.<\/p>\n<p class=\"article-body mb-nof-24 px-nof-16\">Marraskuu on t\u00e4h\u00e4n menness\u00e4 ollut Etel\u00e4-Suomessa tavanomaisen sateinen. Sadem\u00e4\u00e4r\u00e4t ovat olleet keskiarvojen tiimoilla tai v\u00e4h\u00e4n yl\u00e4puolella. Lapissa on kuitenkin satanut tavallista enemm\u00e4n.<\/p>\n<p class=\"article-body mb-nof-24 px-nof-16\">Ilmastonmuutos siirt\u00e4\u00e4 talven alkua my\u00f6hemm\u00e4ksi.<\/p>\n<p class=\"article-body mb-nof-24 px-nof-16\">\u201dLumisia ja pakkass\u00e4it\u00e4 tulee v\u00e4hemm\u00e4n\u201d, Tuovinen sanoo.<\/p>\n<p class=\"article-body mb-nof-24 px-nof-16\">Sadekertym\u00e4\u00e4 mitataan millimetreiss\u00e4. 79 millimetrin sadem\u00e4\u00e4r\u00e4 tarkoittaa, ett\u00e4 yhden neli\u00f6metrin pinta-alalle kertyy 79 litraa vett\u00e4. Jos vesi levi\u00e4isi tasaisesti, niin sit\u00e4 olisi 79 millimetrin paksuinen kerros.<\/p>\n<p class=\"article-body mb-nof-24 px-nof-16\">Marraskuun vuorokausisateen kuukausienn\u00e4tys oli l\u00e4hell\u00e4 rikkoutua my\u00f6s vuonna 2020, kun Tornion Kaakkurissa mitattiin 51,7 millimetrin vuorokauden sadekertym\u00e4.<\/p>\n","protected":false},"excerpt":{"rendered":"Marraskuu|Suomenlahdelta liikkui etel\u00e4rannikon yli sadekuuronauha. Lue tiivistelm\u00e4 Tiivistelm\u00e4 on teko\u00e4lyn tekem\u00e4 ja ihmisen tarkistama. Virolahdella Kymenlaaksossa satoi enn\u00e4tysm\u00e4\u00e4r\u00e4&hellip;\n","protected":false},"author":2,"featured_media":79326,"comment_status":"","ping_status":"","sticky":false,"template":"","format":"standard","meta":{"footnotes":""},"categories":[5],"tags":[22,23,26,27,33,31,30,17,46,24,25,28,29,15,18,21,32,19,20,16],"class_list":{"0":"post-92342","1":"post","2":"type-post","3":"status-publish","4":"format-standard","5":"has-post-thumbnail","7":"category-otsikot","8":"tag-breaking-news","9":"tag-breakingnews","10":"tag-featured-news","11":"tag-featurednews","12":"tag-fi","13":"tag-finland","14":"tag-finnish","15":"tag-headlines","16":"tag-helsingin-sanomat","17":"tag-latest-news","18":"tag-latestnews","19":"tag-main-news","20":"tag-mainnews","21":"tag-news","22":"tag-otsikot","23":"tag-paauutiset","24":"tag-suomi","25":"tag-top-stories","26":"tag-topstories","27":"tag-uutiset"},"share_on_mastodon":{"url":"https:\/\/pubeurope.com\/@fi\/115564303044732763","error":""},"_links":{"self":[{"href":"https:\/\/www.europesays.com\/fi\/wp-json\/wp\/v2\/posts\/92342","targetHints":{"allow":["GET"]}}],"collection":[{"href":"https:\/\/www.europesays.com\/fi\/wp-json\/wp\/v2\/posts"}],"about":[{"href":"https:\/\/www.europesays.com\/fi\/wp-json\/wp\/v2\/types\/post"}],"author":[{"embeddable":true,"href":"https:\/\/www.europesays.com\/fi\/wp-json\/wp\/v2\/users\/2"}],"replies":[{"embeddable":true,"href":"https:\/\/www.europesays.com\/fi\/wp-json\/wp\/v2\/comments?post=92342"}],"version-history":[{"count":0,"href":"https:\/\/www.europesays.com\/fi\/wp-json\/wp\/v2\/posts\/92342\/revisions"}],"wp:featuredmedia":[{"embeddable":true,"href":"https:\/\/www.europesays.com\/fi\/wp-json\/wp\/v2\/media\/79326"}],"wp:attachment":[{"href":"https:\/\/www.europesays.com\/fi\/wp-json\/wp\/v2\/media?parent=92342"}],"wp:term":[{"taxonomy":"category","embeddable":true,"href":"https:\/\/www.europesays.com\/fi\/wp-json\/wp\/v2\/categories?post=92342"},{"taxonomy":"post_tag","embeddable":true,"href":"https:\/\/www.europesays.com\/fi\/wp-json\/wp\/v2\/tags?post=92342"}],"curies":[{"name":"wp","href":"https:\/\/api.w.org\/{rel}","templated":true}]}}