{"id":92347,"date":"2025-11-17T09:37:11","date_gmt":"2025-11-17T09:37:11","guid":{"rendered":"https:\/\/www.europesays.com\/fi\/92347\/"},"modified":"2025-11-17T09:37:11","modified_gmt":"2025-11-17T09:37:11","slug":"jatko-osa-esiosa-remake-reboot-shawn-levy-kertoo-minne-star-wars-starfighter-sijoittuu","status":"publish","type":"post","link":"https:\/\/www.europesays.com\/fi\/92347\/","title":{"rendered":"Jatko-osa, esiosa, remake, reboot? \u2013 Shawn Levy kertoo minne Star Wars: Starfighter sijoittuu"},"content":{"rendered":"<p>Uusi T\u00e4htien sota -leffa on saapumassa teattereihin 2027. Kyseess\u00e4 on Deadpool &amp; Wolverine -ohjaaja <strong>Shawn Levyn<\/strong> Star Wars: Starfighter.<\/p>\n<p><strong>Ryan Goslingin<\/strong> t\u00e4hditt\u00e4m\u00e4 elokuva on ensimm\u00e4inen T\u00e4htien sota -elokuva moneen vuoteen.<\/p>\n<p>Lue my\u00f6s: <a href=\"https:\/\/www.episodi.fi\/uutiset\/bond-ohjaajastako-doctor-strange-3n-vetaja\/\" title=\"Bond-ohjaajastako Doctor Strange 3:n vet\u00e4j\u00e4?\" class=\"underline-custom !font-montserrat !font-bold !underline-offset-4 !decoration-4 !decoration-episodi-blue !text-md\" rel=\"nofollow noopener\" target=\"_blank\">Bond-ohjaajastako Doctor Strange 3:n vet\u00e4j\u00e4?<\/a><\/p>\n<p>Lue my\u00f6s: <a href=\"https:\/\/www.episodi.fi\/uutiset\/star-wars-tahti-carrie-fisherilla-oli-merkittava-rooli-steven-spielbergin-seikkailuelokuvassa-miksei-tahden-nimi-ole-lopputeksteissa\/\" title=\"Star Wars -t\u00e4hti Carrie Fisherill\u00e4 oli merkitt\u00e4v\u00e4 rooli Steven Spielbergin seikkailuelokuvassa \u2013 miksei t\u00e4hden nimi ole lopputeksteiss\u00e4?\" class=\"underline-custom !font-montserrat !font-bold !underline-offset-4 !decoration-4 !decoration-episodi-blue !text-md\" rel=\"nofollow noopener\" target=\"_blank\">Star Wars -t\u00e4hti Carrie Fisherill\u00e4 oli merkitt\u00e4v\u00e4 rooli Steven Spielbergin seikkailuelokuvassa \u2013 miksei t\u00e4hden nimi ole lopputeksteiss\u00e4?<\/a><\/p>\n<p>Mihin elokuva sitten sijoittuu aikajanalla?<\/p>\n<p>\u2013 On yht\u00e4 ep\u00e4todellista ja mahtavaa menn\u00e4 p\u00e4ivitt\u00e4in kuvauksiin. Olemme keksineet t\u00e4ysin uuden ja alkuper\u00e4isen Star Wars -tarinan, joka ei ole mink\u00e4\u00e4n jatko- eik\u00e4 esiosa, Levy kertoi.<\/p>\n<p>\u2013 Tunnen syv\u00e4\u00e4 kunnioitusta ja rakkautta sarjan historiallista perint\u00f6\u00e4 kohtaan. Mutta mahdollisuus tehd\u00e4 jotain tuoretta ja omaper\u00e4ist\u00e4, ja tehd\u00e4 se viel\u00e4p\u00e4 The Adam Projectin k\u00e4sikirjoittajan<strong> Jonathan Tropperin <\/strong>sek\u00e4 Goslingin kanssa. Jokainen p\u00e4iv\u00e4 on haastava, mutta el\u00e4n keskell\u00e4 unelmaani.<\/p>\n<p>Eli kyseess\u00e4 on t\u00e4ysin uusi tarina, joka ei ole sidottu mihink\u00e4\u00e4n muuhun.<\/p>\n<p>Mukana on my\u00f6s <strong>Mia Goth, <\/strong>joka on tehnyt l\u00e4hinn\u00e4 omituisten hahmojen rooleja, joten on mielenkiintoista n\u00e4hd\u00e4 mit\u00e4 naiselle on kirjoitettu Star Wars -universumiin.<\/p>\n<p>L\u00e4hde: <a href=\"https:\/\/nerdist.com\/article\/new-star-wars-movie-star-wars-starfighter-coming-in-2027-ryan-gosling-shawn-levy\/\" target=\"_blank\" rel=\"noreferrer noopener nofollow\">Nerdist<\/a><\/p>\n<p>Lue my\u00f6s: <a href=\"https:\/\/www.episodi.fi\/uutiskirje\/?uutiskirjemainos=tekstilinkkimainos\" title=\"Tilaa Episodin uutiskirje ja voit voittaa leffalippuja! Nappaa tv-vinkit suoraan s\u00e4hk\u00f6postiin t\u00e4st\u00e4.\" class=\"underline-custom !font-montserrat !font-bold !underline-offset-4 !decoration-4 !decoration-episodi-blue !text-md\" rel=\"nofollow noopener\" target=\"_blank\">Tilaa Episodin uutiskirje ja voit voittaa leffalippuja! Nappaa katseluvinkit suoraan s\u00e4hk\u00f6postiin t\u00e4st\u00e4.<\/a><\/p>\n","protected":false},"excerpt":{"rendered":"Uusi T\u00e4htien sota -leffa on saapumassa teattereihin 2027. Kyseess\u00e4 on Deadpool &amp; Wolverine -ohjaaja Shawn Levyn Star Wars:&hellip;\n","protected":false},"author":2,"featured_media":92348,"comment_status":"","ping_status":"","sticky":false,"template":"","format":"standard","meta":{"footnotes":""},"categories":[131],"tags":[155,137,33,173,31,30,172,3265,6919,6920,32,109],"class_list":{"0":"post-92347","1":"post","2":"type-post","3":"status-publish","4":"format-standard","5":"has-post-thumbnail","7":"category-elokuvat","8":"tag-elokuvat","9":"tag-entertainment","10":"tag-fi","11":"tag-film","12":"tag-finland","13":"tag-finnish","14":"tag-movies","15":"tag-ryan-gosling","16":"tag-shawn-levy","17":"tag-star-wars-starfighter","18":"tag-suomi","19":"tag-viihde"},"share_on_mastodon":{"url":"https:\/\/pubeurope.com\/@fi\/115564369907129512","error":""},"_links":{"self":[{"href":"https:\/\/www.europesays.com\/fi\/wp-json\/wp\/v2\/posts\/92347","targetHints":{"allow":["GET"]}}],"collection":[{"href":"https:\/\/www.europesays.com\/fi\/wp-json\/wp\/v2\/posts"}],"about":[{"href":"https:\/\/www.europesays.com\/fi\/wp-json\/wp\/v2\/types\/post"}],"author":[{"embeddable":true,"href":"https:\/\/www.europesays.com\/fi\/wp-json\/wp\/v2\/users\/2"}],"replies":[{"embeddable":true,"href":"https:\/\/www.europesays.com\/fi\/wp-json\/wp\/v2\/comments?post=92347"}],"version-history":[{"count":0,"href":"https:\/\/www.europesays.com\/fi\/wp-json\/wp\/v2\/posts\/92347\/revisions"}],"wp:featuredmedia":[{"embeddable":true,"href":"https:\/\/www.europesays.com\/fi\/wp-json\/wp\/v2\/media\/92348"}],"wp:attachment":[{"href":"https:\/\/www.europesays.com\/fi\/wp-json\/wp\/v2\/media?parent=92347"}],"wp:term":[{"taxonomy":"category","embeddable":true,"href":"https:\/\/www.europesays.com\/fi\/wp-json\/wp\/v2\/categories?post=92347"},{"taxonomy":"post_tag","embeddable":true,"href":"https:\/\/www.europesays.com\/fi\/wp-json\/wp\/v2\/tags?post=92347"}],"curies":[{"name":"wp","href":"https:\/\/api.w.org\/{rel}","templated":true}]}}