{"id":92362,"date":"2025-11-17T10:01:10","date_gmt":"2025-11-17T10:01:10","guid":{"rendered":"https:\/\/www.europesays.com\/fi\/92362\/"},"modified":"2025-11-17T10:01:10","modified_gmt":"2025-11-17T10:01:10","slug":"ernest-lawson-pelkasi-etta-molayttaa-vappu-pimialle-ttk-yllatyksen","status":"publish","type":"post","link":"https:\/\/www.europesays.com\/fi\/92362\/","title":{"rendered":"Ernest Lawson pelk\u00e4si, ett\u00e4 m\u00f6l\u00e4ytt\u00e4\u00e4 Vappu Pimi\u00e4lle TTK-yll\u00e4tyksen"},"content":{"rendered":"<p><strong class=\"typography-bold\">Vappu Pimi\u00e4lle j\u00e4rjestettiin TTK-l\u00e4hetyksess\u00e4 yll\u00e4tys. Ernest Lawson kertoo j\u00e4nnitt\u00e4neens\u00e4 yll\u00e4tyksen onnistumista koko p\u00e4iv\u00e4n.\u00a0<\/strong><\/p>\n<p><a class=\"underline\" data-testid=\"internal-link\" role=\"link\" data-sentry-element=\"Link\" data-sentry-component=\"InternalLink\" data-sentry-source-file=\"InternalLink.tsx\" href=\"https:\/\/www.mtvuutiset.fi\/aihe\/tanssii-tahtien-kanssa\/2839810\" rel=\"nofollow noopener\" target=\"_blank\">Tanssii T\u00e4htien Kanssa<\/a> -ohjelman t\u00e4m\u00e4n kauden lopuksi j\u00e4tt\u00e4v\u00e4lle <a class=\"underline\" data-testid=\"internal-link\" role=\"link\" data-sentry-element=\"Link\" data-sentry-component=\"InternalLink\" data-sentry-source-file=\"InternalLink.tsx\" href=\"https:\/\/www.mtvuutiset.fi\/aihe\/vappu-pimia\/2874696\" rel=\"nofollow noopener\" target=\"_blank\"><strong class=\"typography-bold\">Vappu Pimi\u00e4lle<\/strong><\/a> j\u00e4rjestettiin koskettava yll\u00e4tys TTK-l\u00e4hetyksess\u00e4 16. marraskuuta. H\u00e4nen oman puheenvuoronsa j\u00e4lkeen Pimi\u00e4lle n\u00e4ytettiin videop\u00e4tk\u00e4, johon oli koottu h\u00e4nen parhaita palojaan TTK-vuosien varrelta, ja muun muassa h\u00e4nen aviomiehens\u00e4 <strong class=\"typography-bold\">Teemu Huuhtanen<\/strong> puhui vaimolleen insertill\u00e4.\u00a0<\/p>\n<p>Juontajapari <a class=\"underline\" data-testid=\"internal-link\" role=\"link\" data-sentry-element=\"Link\" data-sentry-component=\"InternalLink\" data-sentry-source-file=\"InternalLink.tsx\" href=\"https:\/\/www.mtvuutiset.fi\/aihe\/ernest-lawson\/6745524\" rel=\"nofollow noopener\" target=\"_blank\"><strong class=\"typography-bold\">Ernest Lawson<\/strong><\/a> kertoi MTV Uutisille l\u00e4hetyksen j\u00e4lkeen j\u00e4nnitt\u00e4neens\u00e4 yll\u00e4tyst\u00e4 ja sen onnistumista koko p\u00e4iv\u00e4n.\u00a0<\/p>\n<p>\u2013 Oli t\u00e4m\u00e4 aikamoista vuoristorataa. T\u00e4ss\u00e4 viel\u00e4 oman j\u00e4nnityksens\u00e4 t\u00e4h\u00e4n iltaan toi Vapun yll\u00e4tt\u00e4minen. Olin koko illan tosi j\u00e4nnittyneen\u00e4, koska pelk\u00e4sin m\u00f6l\u00e4ytt\u00e4v\u00e4ni sen liian aikaisin Vapulle. H\u00e4n ei tosiaan tiennyt t\u00e4st\u00e4 yht\u00e4\u00e4n mit\u00e4\u00e4n. Olen tosi onnellinen, ett\u00e4 yll\u00e4tys onnistui ja saimme viel\u00e4 h\u00e4nen aviomiehens\u00e4 mukaan t\u00e4h\u00e4n, Lawson sanoi TTK-l\u00e4hetyksen j\u00e4lkeen.\u00a0<\/p>\n","protected":false},"excerpt":{"rendered":"Vappu Pimi\u00e4lle j\u00e4rjestettiin TTK-l\u00e4hetyksess\u00e4 yll\u00e4tys. Ernest Lawson kertoo j\u00e4nnitt\u00e4neens\u00e4 yll\u00e4tyksen onnistumista koko p\u00e4iv\u00e4n.\u00a0 Tanssii T\u00e4htien Kanssa -ohjelman t\u00e4m\u00e4n&hellip;\n","protected":false},"author":2,"featured_media":92363,"comment_status":"","ping_status":"","sticky":false,"template":"","format":"standard","meta":{"footnotes":""},"categories":[133],"tags":[137,33,31,30,32,206,156,109],"class_list":{"0":"post-92362","1":"post","2":"type-post","3":"status-publish","4":"format-standard","5":"has-post-thumbnail","7":"category-televisiot","8":"tag-entertainment","9":"tag-fi","10":"tag-finland","11":"tag-finnish","12":"tag-suomi","13":"tag-televisiot","14":"tag-tv","15":"tag-viihde"},"share_on_mastodon":{"url":"https:\/\/pubeurope.com\/@fi\/115564464227802525","error":""},"_links":{"self":[{"href":"https:\/\/www.europesays.com\/fi\/wp-json\/wp\/v2\/posts\/92362","targetHints":{"allow":["GET"]}}],"collection":[{"href":"https:\/\/www.europesays.com\/fi\/wp-json\/wp\/v2\/posts"}],"about":[{"href":"https:\/\/www.europesays.com\/fi\/wp-json\/wp\/v2\/types\/post"}],"author":[{"embeddable":true,"href":"https:\/\/www.europesays.com\/fi\/wp-json\/wp\/v2\/users\/2"}],"replies":[{"embeddable":true,"href":"https:\/\/www.europesays.com\/fi\/wp-json\/wp\/v2\/comments?post=92362"}],"version-history":[{"count":0,"href":"https:\/\/www.europesays.com\/fi\/wp-json\/wp\/v2\/posts\/92362\/revisions"}],"wp:featuredmedia":[{"embeddable":true,"href":"https:\/\/www.europesays.com\/fi\/wp-json\/wp\/v2\/media\/92363"}],"wp:attachment":[{"href":"https:\/\/www.europesays.com\/fi\/wp-json\/wp\/v2\/media?parent=92362"}],"wp:term":[{"taxonomy":"category","embeddable":true,"href":"https:\/\/www.europesays.com\/fi\/wp-json\/wp\/v2\/categories?post=92362"},{"taxonomy":"post_tag","embeddable":true,"href":"https:\/\/www.europesays.com\/fi\/wp-json\/wp\/v2\/tags?post=92362"}],"curies":[{"name":"wp","href":"https:\/\/api.w.org\/{rel}","templated":true}]}}