{"id":92374,"date":"2025-11-17T10:11:09","date_gmt":"2025-11-17T10:11:09","guid":{"rendered":"https:\/\/www.europesays.com\/fi\/92374\/"},"modified":"2025-11-17T10:11:09","modified_gmt":"2025-11-17T10:11:09","slug":"nurmijarvelta-loytyi-noin-30-vuotiaan-naisen-ruumis-poliisi-epailee-henkirikosta-uutissuomalainen","status":"publish","type":"post","link":"https:\/\/www.europesays.com\/fi\/92374\/","title":{"rendered":"Nurmij\u00e4rvelt\u00e4 l\u00f6ytyi noin 30-vuotiaan naisen ruumis, poliisi ep\u00e4ilee henkirikosta | Uutissuomalainen"},"content":{"rendered":"<p>Poliisi ep\u00e4ilee henkirikosta Nurmij\u00e4rvelt\u00e4 Uudeltamaalta viikonloppuna l\u00f6ytyneen ruumiin tapauksessa, poliisi kertoi maanantaina.<\/p>\n<p>Sivullinen l\u00f6ysi ruumiin lauantaina iltap\u00e4iv\u00e4ll\u00e4 Nurmij\u00e4rvelt\u00e4 Haavistontien l\u00e4heisyydest\u00e4. Poliisin mukaan vainaja oli noin 30-vuotias nainen.<\/p>\n<p>Poliisi tutkii tapausta tappona.<\/p>\n<p>\u2013\u2009Olemme k\u00e4ynnist\u00e4neet esitutkintatoimet asian selvitt\u00e4miseksi ja t\u00e4ll\u00e4 hetkell\u00e4 tutkimme tapausta rikosnimikkeell\u00e4 tappo. Tekotapaan liittyvi\u00e4 yksityiskohtia emme tutkinnallisista syit\u00e4 voi t\u00e4ss\u00e4 vaiheessa kertoa, tutkinnanjohtaja rikoskomisario Sanna Rentola sanoi poliisin tiedotteessa.<\/p>\n<p>Poliisi pyyt\u00e4\u00e4 silminn\u00e4kij\u00e4havaintoja Haavistontien l\u00e4heisyydess\u00e4 viimeisen viikon aikana liikkuneista tuntemattomista henkil\u00f6ist\u00e4 tai ajoneuvoista. Tiedot voi ilmoittaa poliisin vihjepuhelimeen numeroon 0295\u2009436442, Whatsappilla numeroon 050\u20093999\u2009026 tai s\u00e4hk\u00f6postitse vakivalta.ita-uusimaa@poliisi.fi.<\/p>\n","protected":false},"excerpt":{"rendered":"Poliisi ep\u00e4ilee henkirikosta Nurmij\u00e4rvelt\u00e4 Uudeltamaalta viikonloppuna l\u00f6ytyneen ruumiin tapauksessa, poliisi kertoi maanantaina. Sivullinen l\u00f6ysi ruumiin lauantaina iltap\u00e4iv\u00e4ll\u00e4 Nurmij\u00e4rvelt\u00e4&hellip;\n","protected":false},"author":2,"featured_media":92375,"comment_status":"","ping_status":"","sticky":false,"template":"","format":"standard","meta":{"footnotes":""},"categories":[12],"tags":[22,23,26,27,33,31,30,17,55,24,25,28,29,15,18,21,122,54,52,3522,6673,32,19,20,546,16],"class_list":{"0":"post-92374","1":"post","2":"type-post","3":"status-publish","4":"format-standard","5":"has-post-thumbnail","7":"category-suomi","8":"tag-breaking-news","9":"tag-breakingnews","10":"tag-featured-news","11":"tag-featurednews","12":"tag-fi","13":"tag-finland","14":"tag-finnish","15":"tag-headlines","16":"tag-lainvalvonta","17":"tag-latest-news","18":"tag-latestnews","19":"tag-main-news","20":"tag-mainnews","21":"tag-news","22":"tag-otsikot","23":"tag-paauutiset","24":"tag-pelastaminen","25":"tag-pelastuspalvelut","26":"tag-poliisi","27":"tag-poliisin-toimenpiteet","28":"tag-poliisitutkimus","29":"tag-suomi","30":"tag-top-stories","31":"tag-topstories","32":"tag-turvallisuus","33":"tag-uutiset"},"share_on_mastodon":{"url":"https:\/\/pubeurope.com\/@fi\/115564503700338409","error":""},"_links":{"self":[{"href":"https:\/\/www.europesays.com\/fi\/wp-json\/wp\/v2\/posts\/92374","targetHints":{"allow":["GET"]}}],"collection":[{"href":"https:\/\/www.europesays.com\/fi\/wp-json\/wp\/v2\/posts"}],"about":[{"href":"https:\/\/www.europesays.com\/fi\/wp-json\/wp\/v2\/types\/post"}],"author":[{"embeddable":true,"href":"https:\/\/www.europesays.com\/fi\/wp-json\/wp\/v2\/users\/2"}],"replies":[{"embeddable":true,"href":"https:\/\/www.europesays.com\/fi\/wp-json\/wp\/v2\/comments?post=92374"}],"version-history":[{"count":0,"href":"https:\/\/www.europesays.com\/fi\/wp-json\/wp\/v2\/posts\/92374\/revisions"}],"wp:featuredmedia":[{"embeddable":true,"href":"https:\/\/www.europesays.com\/fi\/wp-json\/wp\/v2\/media\/92375"}],"wp:attachment":[{"href":"https:\/\/www.europesays.com\/fi\/wp-json\/wp\/v2\/media?parent=92374"}],"wp:term":[{"taxonomy":"category","embeddable":true,"href":"https:\/\/www.europesays.com\/fi\/wp-json\/wp\/v2\/categories?post=92374"},{"taxonomy":"post_tag","embeddable":true,"href":"https:\/\/www.europesays.com\/fi\/wp-json\/wp\/v2\/tags?post=92374"}],"curies":[{"name":"wp","href":"https:\/\/api.w.org\/{rel}","templated":true}]}}