{"id":92388,"date":"2025-11-17T10:32:08","date_gmt":"2025-11-17T10:32:08","guid":{"rendered":"https:\/\/www.europesays.com\/fi\/92388\/"},"modified":"2025-11-17T10:32:08","modified_gmt":"2025-11-17T10:32:08","slug":"kaksi-jyvaskylalaisteatteria-mikkelin-tyovaen-nayttamopaivien-ohjelmistoon-harrastajateatterifestivaali-juhlii-50-vuotisuuttaan-keski-suomi","status":"publish","type":"post","link":"https:\/\/www.europesays.com\/fi\/92388\/","title":{"rendered":"Kaksi jyv\u00e4skyl\u00e4l\u00e4isteatteria Mikkelin Ty\u00f6v\u00e4en N\u00e4ytt\u00e4m\u00f6p\u00e4ivien ohjelmistoon \u2013 harrastajateatterifestivaali juhlii 50-vuotisuuttaan | Keski-Suomi"},"content":{"rendered":"<p>Suomen merkitt\u00e4vin harrastajateatterifestivaali Ty\u00f6v\u00e4en N\u00e4ytt\u00e4m\u00f6p\u00e4iv\u00e4t on julkistanut ohjelmistonsa. Mikkeliss\u00e4 tammikuun lopussa 50-vuotisjuhlavuottaan viett\u00e4v\u00e4n tapahtuman ohjelmistossa on totuttu n\u00e4kem\u00e4\u00e4n keskisuomalaista edustusta, eik\u00e4 t\u00e4m\u00e4k\u00e4\u00e4n vuosi ole poikkeus.<\/p>\n<p>43 hakijan joukosta 8 esityst\u00e4 valittiin festivaalin juhlavuoden ohjelmistoon. Kaksi n\u00e4ist\u00e4 esityksist\u00e4, AdAstra-teatterin Min\u00e4, askartelija (ohjaus <strong>Erika Hast<\/strong>) sek\u00e4 Teatteriyhdistys Kulissin Tyt\u00f6t 1918 (ohjaus <strong>Eeva-Riikka Oja<\/strong>), edustavat Jyv\u00e4skyl\u00e4\u00e4.<\/p>\n","protected":false},"excerpt":{"rendered":"Suomen merkitt\u00e4vin harrastajateatterifestivaali Ty\u00f6v\u00e4en N\u00e4ytt\u00e4m\u00f6p\u00e4iv\u00e4t on julkistanut ohjelmistonsa. Mikkeliss\u00e4 tammikuun lopussa 50-vuotisjuhlavuottaan viett\u00e4v\u00e4n tapahtuman ohjelmistossa on totuttu n\u00e4kem\u00e4\u00e4n&hellip;\n","protected":false},"author":2,"featured_media":92389,"comment_status":"","ping_status":"","sticky":false,"template":"","format":"standard","meta":{"footnotes":""},"categories":[130],"tags":[137,33,31,30,18333,18334,425,108,622,32,18074,109],"class_list":{"0":"post-92388","1":"post","2":"type-post","3":"status-publish","4":"format-standard","5":"has-post-thumbnail","7":"category-viihde","8":"tag-entertainment","9":"tag-fi","10":"tag-finland","11":"tag-finnish","12":"tag-harrastajateatteri","13":"tag-harrastajateatterit","14":"tag-jyvaskyla","15":"tag-kulttuuri","16":"tag-nayttelijat","17":"tag-suomi","18":"tag-tyovaen-nayttamopaivat","19":"tag-viihde"},"share_on_mastodon":{"url":"https:\/\/pubeurope.com\/@fi\/115564586160295224","error":""},"_links":{"self":[{"href":"https:\/\/www.europesays.com\/fi\/wp-json\/wp\/v2\/posts\/92388","targetHints":{"allow":["GET"]}}],"collection":[{"href":"https:\/\/www.europesays.com\/fi\/wp-json\/wp\/v2\/posts"}],"about":[{"href":"https:\/\/www.europesays.com\/fi\/wp-json\/wp\/v2\/types\/post"}],"author":[{"embeddable":true,"href":"https:\/\/www.europesays.com\/fi\/wp-json\/wp\/v2\/users\/2"}],"replies":[{"embeddable":true,"href":"https:\/\/www.europesays.com\/fi\/wp-json\/wp\/v2\/comments?post=92388"}],"version-history":[{"count":0,"href":"https:\/\/www.europesays.com\/fi\/wp-json\/wp\/v2\/posts\/92388\/revisions"}],"wp:featuredmedia":[{"embeddable":true,"href":"https:\/\/www.europesays.com\/fi\/wp-json\/wp\/v2\/media\/92389"}],"wp:attachment":[{"href":"https:\/\/www.europesays.com\/fi\/wp-json\/wp\/v2\/media?parent=92388"}],"wp:term":[{"taxonomy":"category","embeddable":true,"href":"https:\/\/www.europesays.com\/fi\/wp-json\/wp\/v2\/categories?post=92388"},{"taxonomy":"post_tag","embeddable":true,"href":"https:\/\/www.europesays.com\/fi\/wp-json\/wp\/v2\/tags?post=92388"}],"curies":[{"name":"wp","href":"https:\/\/api.w.org\/{rel}","templated":true}]}}