{"id":92410,"date":"2025-11-17T11:00:09","date_gmt":"2025-11-17T11:00:09","guid":{"rendered":"https:\/\/www.europesays.com\/fi\/92410\/"},"modified":"2025-11-17T11:00:09","modified_gmt":"2025-11-17T11:00:09","slug":"koululaisellakin-on-oikeus-selata-puhelinta","status":"publish","type":"post","link":"https:\/\/www.europesays.com\/fi\/92410\/","title":{"rendered":"Koululaisellakin on oikeus selata puhelinta"},"content":{"rendered":"<p>Salkkari uutisoi viime viikolla, ett\u00e4 uuden perusopetuslain mukaiset k\u00e4nnykk\u00e4rajoitukset on otettu hyvin vastaan salolaisissa kouluissa (SSS 14.11.).<\/p>\n<p>Salon linjauksen mukaan kaikissa kouluissa puhelimet s\u00e4ilytet\u00e4\u00e4n oppituntien aikana h\u00e4iri\u00f6tt\u00f6m\u00e4ss\u00e4 tilassa opettajan osoittamassa paikassa. K\u00e4yt\u00e4nn\u00f6ss\u00e4 k\u00e4nnyk\u00e4t pannaan puhelinparkkiin kun tullaan luokkaan. Alakouluissa puhelinkielto kattaa koko koulup\u00e4iv\u00e4n, ja yl\u00e4kouluissa puhelimen saa ottaa k\u00e4ytt\u00f6\u00f6n v\u00e4litunnilla.<\/p>\n<p>Rehtoreiden mukaan k\u00e4nnykk\u00e4kielto on rauhoittanut oppitunteja ja helpottanut oppilaiden keskittymist\u00e4 opetukseen.<\/p>\n<p>K\u00e4nnykk\u00e4kielto kirjattiin lakiin viime vuoden lopulla vuosia kest\u00e4neen jahkailun j\u00e4lkeen. Nykyinen hallitus tarttui toimeen, kun sit\u00e4 ennen muutosten tekeminen oli tyrehtynyt aiempien k\u00e4yt\u00e4nt\u00f6jen ep\u00e4selvyyteen. Periaatteessa k\u00e4nnyk\u00f6iden kielt\u00e4miseksi oppitunneilla ei olisi tarvittu uutta lakia.<\/p>\n<p>Lakitekstin t\u00e4sment\u00e4minen kuitenkin selvensi tilannetta ja yhten\u00e4isti k\u00e4yt\u00e4nt\u00f6j\u00e4. Lis\u00e4ksi laista k\u00e4ytiin laaja julkinen keskustelu viime kes\u00e4n\u00e4, joten oppilaat tiesiv\u00e4t hyviss\u00e4 ajoin varautua muuttuvaan kouluarkeen syksyll\u00e4.<\/p>\n<p>Uusikin laki antaa liikkumavaraa puhelimen k\u00e4yt\u00f6lle oppituntien v\u00e4lill\u00e4. Lain mukaan koulun pit\u00e4\u00e4 j\u00e4rjestyss\u00e4\u00e4nn\u00f6ill\u00e4\u00e4n m\u00e4\u00e4r\u00e4t\u00e4 puhelimen \u201dk\u00e4yt\u00f6st\u00e4 ja s\u00e4ilytyksest\u00e4 ty\u00f6p\u00e4iv\u00e4n aikana muulloin kuin oppitunneilla\u201d.<\/p>\n<p>Koulu voi siis kielt\u00e4\u00e4 puhelimen selaamisen my\u00f6s v\u00e4litunnilla. Salon yl\u00e4kouluissa t\u00e4t\u00e4 ei ole n\u00e4hty tarpeelliseksi.<\/p>\n<p>Hallituksen lakiesityksess\u00e4 kiinnitettiin runsaasti huomiota lasten liikkumisen edist\u00e4miseen koulup\u00e4ivien aikana. Se puoltaisi k\u00e4nnyk\u00f6iden rajoittamista my\u00f6s muuten kuin oppitunneilla, jotta oppilaat olisi helpompi aktivoida liikkeelle. Liikunnan lis\u00e4\u00e4minen on hyv\u00e4 tavoite, mutta puhelimen selaamisellekin on hyv\u00e4 varata hetkens\u00e4.<\/p>\n<p>Puhelimet ovat erottamaton osa ihmisten arkea, halusimme tai emme. Virtuaalimaailma on todellinen siin\u00e4 miss\u00e4 oikeakin maailma. Harva aikuinen viett\u00e4\u00e4 koko ty\u00f6p\u00e4iv\u00e4\u00e4ns\u00e4 ilman puhelinta, eik\u00e4 sit\u00e4 voi edellytt\u00e4\u00e4 teini-ik\u00e4isilt\u00e4k\u00e4\u00e4n.<\/p>\n","protected":false},"excerpt":{"rendered":"Salkkari uutisoi viime viikolla, ett\u00e4 uuden perusopetuslain mukaiset k\u00e4nnykk\u00e4rajoitukset on otettu hyvin vastaan salolaisissa kouluissa (SSS 14.11.). Salon&hellip;\n","protected":false},"author":2,"featured_media":92411,"comment_status":"","ping_status":"","sticky":false,"template":"","format":"standard","meta":{"footnotes":""},"categories":[84],"tags":[33,31,30,615,814,2392,32,91,92],"class_list":{"0":"post-92410","1":"post","2":"type-post","3":"status-publish","4":"format-standard","5":"has-post-thumbnail","7":"category-teknologia","8":"tag-fi","9":"tag-finland","10":"tag-finnish","11":"tag-koulut","12":"tag-nuoret","13":"tag-peruskoulu","14":"tag-suomi","15":"tag-technology","16":"tag-teknologia"},"share_on_mastodon":{"url":"https:\/\/pubeurope.com\/@fi\/115564696328300659","error":""},"_links":{"self":[{"href":"https:\/\/www.europesays.com\/fi\/wp-json\/wp\/v2\/posts\/92410","targetHints":{"allow":["GET"]}}],"collection":[{"href":"https:\/\/www.europesays.com\/fi\/wp-json\/wp\/v2\/posts"}],"about":[{"href":"https:\/\/www.europesays.com\/fi\/wp-json\/wp\/v2\/types\/post"}],"author":[{"embeddable":true,"href":"https:\/\/www.europesays.com\/fi\/wp-json\/wp\/v2\/users\/2"}],"replies":[{"embeddable":true,"href":"https:\/\/www.europesays.com\/fi\/wp-json\/wp\/v2\/comments?post=92410"}],"version-history":[{"count":0,"href":"https:\/\/www.europesays.com\/fi\/wp-json\/wp\/v2\/posts\/92410\/revisions"}],"wp:featuredmedia":[{"embeddable":true,"href":"https:\/\/www.europesays.com\/fi\/wp-json\/wp\/v2\/media\/92411"}],"wp:attachment":[{"href":"https:\/\/www.europesays.com\/fi\/wp-json\/wp\/v2\/media?parent=92410"}],"wp:term":[{"taxonomy":"category","embeddable":true,"href":"https:\/\/www.europesays.com\/fi\/wp-json\/wp\/v2\/categories?post=92410"},{"taxonomy":"post_tag","embeddable":true,"href":"https:\/\/www.europesays.com\/fi\/wp-json\/wp\/v2\/tags?post=92410"}],"curies":[{"name":"wp","href":"https:\/\/api.w.org\/{rel}","templated":true}]}}