{"id":92414,"date":"2025-11-17T11:02:07","date_gmt":"2025-11-17T11:02:07","guid":{"rendered":"https:\/\/www.europesays.com\/fi\/92414\/"},"modified":"2025-11-17T11:02:07","modified_gmt":"2025-11-17T11:02:07","slug":"aiti-surmasi-ja-paloitteli-lapsensa-moskovan-lahella","status":"publish","type":"post","link":"https:\/\/www.europesays.com\/fi\/92414\/","title":{"rendered":"\u00c4iti surmasi ja paloitteli lapsensa Moskovan l\u00e4hell\u00e4"},"content":{"rendered":"<p>\u00c4idin ep\u00e4illeen murhanneen 6-vuotiaan vammaisen lapsensa.<\/p>\n<p class=\"article-body mb-nof-24 px-nof-16\">Moskovan l\u00e4hell\u00e4 Balashikhassa surmatun kuusivuotiaan lapsen \u00e4iti tunnusti rikoksen, mutta ei kyennyt selitt\u00e4m\u00e4\u00e4n motiivejaan, <a class=\"article-genericlink\" href=\"https:\/\/www.gazeta.ru\/social\/news\/2025\/11\/17\/27199202.shtml\" rel=\"nofollow noopener\" target=\"_blank\">kertoo Gazeta<\/a>.<\/p>\n<p class=\"article-body mb-nof-24 px-nof-16\">Asiasta kertoi Ven\u00e4j\u00e4n tutkintakomitean Moskovan alueen tutkintayksik\u00f6n lehdist\u00f6palvelu.<\/p>\n<p class=\"article-body mb-nof-24 px-nof-16\">Tutkijat uskovat, ett\u00e4 nainen tappoi pojan asunnossa Balashikhassa, mink\u00e4 j\u00e4lkeen h\u00e4n heitti osan ruumiista Golyanovskyn lampeen Moskovassa.<\/p>\n<p class=\"article-body mb-nof-24 px-nof-16\">\u00c4iti m\u00e4\u00e4r\u00e4ttiin mielentilatutkimukseen. H\u00e4nt\u00e4 ep\u00e4ill\u00e4\u00e4n murhasta.<\/p>\n<p class=\"article-body mb-nof-24 px-nof-16\">Mash Telegram -kanava raportoi, ett\u00e4 syy kuusivuotiaan vammaisen pojan murhaan saattoi olla h\u00e4nen \u00e4itins\u00e4 kyvytt\u00f6myys selviyty\u00e4 yksin pojan hoidosta.<\/p>\n<p class=\"article-body mb-nof-24 px-nof-16\">16. marraskuuta Golyanovskyn lammesta Moskovan it\u00e4osassa l\u00f6ydettiin reppu, jossa oli lapsen p\u00e4\u00e4. Pojan kaulassa oli kuristamisen j\u00e4lki\u00e4. Pian sen j\u00e4lkeen Balashikhan asunnon parvekkeella olevasta laukusta l\u00f6ydettiin ruumis, jonka p\u00e4\u00e4 oli sahattu irti.<\/p>\n","protected":false},"excerpt":{"rendered":"\u00c4idin ep\u00e4illeen murhanneen 6-vuotiaan vammaisen lapsensa. Moskovan l\u00e4hell\u00e4 Balashikhassa surmatun kuusivuotiaan lapsen \u00e4iti tunnusti rikoksen, mutta ei kyennyt&hellip;\n","protected":false},"author":2,"featured_media":92415,"comment_status":"","ping_status":"","sticky":false,"template":"","format":"standard","meta":{"footnotes":""},"categories":[14],"tags":[22,23,26,27,33,31,30,17,34,24,25,28,29,15,18,21,32,19,20,56,16,59,60,61],"class_list":{"0":"post-92414","1":"post","2":"type-post","3":"status-publish","4":"format-standard","5":"has-post-thumbnail","7":"category-ulkomaat","8":"tag-breaking-news","9":"tag-breakingnews","10":"tag-featured-news","11":"tag-featurednews","12":"tag-fi","13":"tag-finland","14":"tag-finnish","15":"tag-headlines","16":"tag-ilta-sanomat","17":"tag-latest-news","18":"tag-latestnews","19":"tag-main-news","20":"tag-mainnews","21":"tag-news","22":"tag-otsikot","23":"tag-paauutiset","24":"tag-suomi","25":"tag-top-stories","26":"tag-topstories","27":"tag-ulkomaat","28":"tag-uutiset","29":"tag-world","30":"tag-world-news","31":"tag-worldnews"},"share_on_mastodon":{"url":"https:\/\/pubeurope.com\/@fi\/115564704207770325","error":""},"_links":{"self":[{"href":"https:\/\/www.europesays.com\/fi\/wp-json\/wp\/v2\/posts\/92414","targetHints":{"allow":["GET"]}}],"collection":[{"href":"https:\/\/www.europesays.com\/fi\/wp-json\/wp\/v2\/posts"}],"about":[{"href":"https:\/\/www.europesays.com\/fi\/wp-json\/wp\/v2\/types\/post"}],"author":[{"embeddable":true,"href":"https:\/\/www.europesays.com\/fi\/wp-json\/wp\/v2\/users\/2"}],"replies":[{"embeddable":true,"href":"https:\/\/www.europesays.com\/fi\/wp-json\/wp\/v2\/comments?post=92414"}],"version-history":[{"count":0,"href":"https:\/\/www.europesays.com\/fi\/wp-json\/wp\/v2\/posts\/92414\/revisions"}],"wp:featuredmedia":[{"embeddable":true,"href":"https:\/\/www.europesays.com\/fi\/wp-json\/wp\/v2\/media\/92415"}],"wp:attachment":[{"href":"https:\/\/www.europesays.com\/fi\/wp-json\/wp\/v2\/media?parent=92414"}],"wp:term":[{"taxonomy":"category","embeddable":true,"href":"https:\/\/www.europesays.com\/fi\/wp-json\/wp\/v2\/categories?post=92414"},{"taxonomy":"post_tag","embeddable":true,"href":"https:\/\/www.europesays.com\/fi\/wp-json\/wp\/v2\/tags?post=92414"}],"curies":[{"name":"wp","href":"https:\/\/api.w.org\/{rel}","templated":true}]}}