{"id":92418,"date":"2025-11-17T11:04:08","date_gmt":"2025-11-17T11:04:08","guid":{"rendered":"https:\/\/www.europesays.com\/fi\/92418\/"},"modified":"2025-11-17T11:04:08","modified_gmt":"2025-11-17T11:04:08","slug":"rajahdys-tuhosi-junarataa-hs-fi","status":"publish","type":"post","link":"https:\/\/www.europesays.com\/fi\/92418\/","title":{"rendered":"R\u00e4j\u00e4hdys tuhosi junarataa | HS.fi"},"content":{"rendered":"<p>Puola|Kukaan ei loukkaantunut sunnuntaina tapahtuneessa r\u00e4j\u00e4hdyksess\u00e4.<\/p>\n<p class=\"article-body mb-nof-24 px-nof-16\">Jonkinlainen r\u00e4j\u00e4hdys tuhosi junarataa sunnuntaina Puolassa. Asiasta kertoi Puolan p\u00e4\u00e4ministeri <a class=\"article-personlink\" href=\"https:\/\/www.hs.fi\/haku\/?query=Donald%20Tusk\" rel=\"nofollow noopener\" target=\"_blank\">Donald Tusk<\/a> maanantaina viestipalvelu X:ss\u00e4.<\/p>\n<p class=\"article-body mb-nof-24 px-nof-16\">Tusk kutsuu tekoa sabotaasiksi. Kukaan ei loukkaantunut.<\/p>\n<p class=\"article-body mb-nof-24 px-nof-16\">Tapauksesta kirjoittaa muun muassa uutistoimisto Reuters.<\/p>\n<p class=\"article-body mb-nof-24 px-nof-16\">P\u00e4\u00e4ministeri Tuskin mukaan r\u00e4j\u00e4hdys tapahtui Varsova\u2013Lublin-reitin varrella Mikan kyl\u00e4n kohdalla. My\u00f6s samalla radalla l\u00e4hemp\u00e4n\u00e4 Lublinia raportoitiin jonkinlaisista vahingoista raiteilla.<\/p>\n<p class=\"article-body mb-nof-24 px-nof-16\">\u201dR\u00e4j\u00e4hdys junaraiteilla Varsova\u2013Lublin-reitill\u00e4 on ennenn\u00e4kem\u00e4t\u00f6n sabotaasi, joka kohdistuu Puolan valtion ja sen kansalaisten turvallisuuteen\u201d, Tusk kirjoittaa p\u00e4ivityksess\u00e4\u00e4n.<\/p>\n<p class=\"article-body mb-nof-24 px-nof-16\">Puolalaismedia <a class=\"article-genericlink\" href=\"https:\/\/polityka.se.pl\/wiadomosci\/pilne-premier-potwierdza-eksplozje-w-polsce-najgorsze-przypuszczenia-staly-sie-faktem-aa-oAkm-4q9p-aBjR.html\" rel=\"nofollow noopener\" target=\"_blank\">Super Expressin<\/a> mukaan viranomaiset pit\u00e4v\u00e4t molempia tapauksia toisiinsa liittyv\u00e4n\u00e4, mutta tapahtumien yksityiskohtia ei kommentoida tarkemmin ennen kuin tutkinta on saatu p\u00e4\u00e4t\u00f6kseen.<\/p>\n<p class=\"article-body mb-nof-24 px-nof-16\">Lehden mukaan liikenne paikalla on toistaiseksi keskeytetty. Vahinkojen laajuutta ja mahdollista tekij\u00e4\u00e4 selvitell\u00e4\u00e4n.<\/p>\n<p class=\"article-body mb-nof-24 px-nof-16\">Super Express kertoo, ett\u00e4 rautatieonnettomuus olisi tapahtunut pian puolalaiskenraali <a class=\"article-personlink\" href=\"https:\/\/www.hs.fi\/haku\/?query=Maciej%20Kliszin\" rel=\"nofollow noopener\" target=\"_blank\">Maciej Kliszin<\/a> antaman lausunnon j\u00e4lkeen. H\u00e4n kertoi, ett\u00e4 syyskuussa useita satoja ven\u00e4l\u00e4isi\u00e4 drooneja havaittiin Ukrainan ilmatilassa ja ett\u00e4 niist\u00e4 kymmeni\u00e4 olisi suunnannut kohti Puolaa.<\/p>\n<p class=\"article-body mb-nof-24 px-nof-16\">HS <a class=\"article-genericlink\" href=\"https:\/\/www.hs.fi\/maailma\/art-2000011485358.html\" rel=\"nofollow noopener\" target=\"_blank\">uutisoi<\/a> syyskuussa ainakin Ven\u00e4j\u00e4n droonien lent\u00e4misest\u00e4 Puolan ilmatilaan. Puolan mukaan sen ilmatilaa olisi loukattu ainakin 19 kertaa. Puolalainen kenraali <a class=\"article-personlink\" href=\"https:\/\/www.hs.fi\/haku\/?query=Jaros%C5%82aw%20Kraszewski\" rel=\"nofollow noopener\" target=\"_blank\">Jaros\u0142aw Kraszewski<\/a> arvioi droonit Ven\u00e4j\u00e4n provokaatioksi.<\/p>\n","protected":false},"excerpt":{"rendered":"Puola|Kukaan ei loukkaantunut sunnuntaina tapahtuneessa r\u00e4j\u00e4hdyksess\u00e4. Jonkinlainen r\u00e4j\u00e4hdys tuhosi junarataa sunnuntaina Puolassa. Asiasta kertoi Puolan p\u00e4\u00e4ministeri Donald Tusk&hellip;\n","protected":false},"author":2,"featured_media":79326,"comment_status":"","ping_status":"","sticky":false,"template":"","format":"standard","meta":{"footnotes":""},"categories":[5],"tags":[22,23,26,27,33,31,30,17,46,24,25,28,29,15,18,21,32,19,20,16],"class_list":{"0":"post-92418","1":"post","2":"type-post","3":"status-publish","4":"format-standard","5":"has-post-thumbnail","7":"category-otsikot","8":"tag-breaking-news","9":"tag-breakingnews","10":"tag-featured-news","11":"tag-featurednews","12":"tag-fi","13":"tag-finland","14":"tag-finnish","15":"tag-headlines","16":"tag-helsingin-sanomat","17":"tag-latest-news","18":"tag-latestnews","19":"tag-main-news","20":"tag-mainnews","21":"tag-news","22":"tag-otsikot","23":"tag-paauutiset","24":"tag-suomi","25":"tag-top-stories","26":"tag-topstories","27":"tag-uutiset"},"share_on_mastodon":{"url":"https:\/\/pubeurope.com\/@fi\/115564712110070726","error":""},"_links":{"self":[{"href":"https:\/\/www.europesays.com\/fi\/wp-json\/wp\/v2\/posts\/92418","targetHints":{"allow":["GET"]}}],"collection":[{"href":"https:\/\/www.europesays.com\/fi\/wp-json\/wp\/v2\/posts"}],"about":[{"href":"https:\/\/www.europesays.com\/fi\/wp-json\/wp\/v2\/types\/post"}],"author":[{"embeddable":true,"href":"https:\/\/www.europesays.com\/fi\/wp-json\/wp\/v2\/users\/2"}],"replies":[{"embeddable":true,"href":"https:\/\/www.europesays.com\/fi\/wp-json\/wp\/v2\/comments?post=92418"}],"version-history":[{"count":0,"href":"https:\/\/www.europesays.com\/fi\/wp-json\/wp\/v2\/posts\/92418\/revisions"}],"wp:featuredmedia":[{"embeddable":true,"href":"https:\/\/www.europesays.com\/fi\/wp-json\/wp\/v2\/media\/79326"}],"wp:attachment":[{"href":"https:\/\/www.europesays.com\/fi\/wp-json\/wp\/v2\/media?parent=92418"}],"wp:term":[{"taxonomy":"category","embeddable":true,"href":"https:\/\/www.europesays.com\/fi\/wp-json\/wp\/v2\/categories?post=92418"},{"taxonomy":"post_tag","embeddable":true,"href":"https:\/\/www.europesays.com\/fi\/wp-json\/wp\/v2\/tags?post=92418"}],"curies":[{"name":"wp","href":"https:\/\/api.w.org\/{rel}","templated":true}]}}