{"id":92421,"date":"2025-11-17T11:16:11","date_gmt":"2025-11-17T11:16:11","guid":{"rendered":"https:\/\/www.europesays.com\/fi\/92421\/"},"modified":"2025-11-17T11:16:11","modified_gmt":"2025-11-17T11:16:11","slug":"ruhtinatar-charlene-purskahti-itkuun-kuvat","status":"publish","type":"post","link":"https:\/\/www.europesays.com\/fi\/92421\/","title":{"rendered":"Ruhtinatar Charlene purskahti itkuun &#8211; kuvat"},"content":{"rendered":"<p>            All Over Press\n        <\/p>\n<p class=\"subtitle \">Vakavailmeisyydest\u00e4\u00e4n tunnettu Charlene ei peitellyt tunteitaan t\u00e4ll\u00e4 kertaa.<\/p>\n<p class=\"article-content article-content-width !bg-background\">Hillitty k\u00e4yt\u00f6s on kenties yksi merkitt\u00e4vimmist\u00e4 kuninkaallisista hyveist\u00e4. Kruunup\u00e4\u00e4t v\u00e4lttelev\u00e4t liiallista tunteikkuutta, mutta etenkin er\u00e4s kuninkaallinen on erityisen tunnettu vakavailmeisyydest\u00e4\u00e4n.<\/p>\n<p class=\"article-content article-content-width !bg-background\">Monacon ruhtinatar  on poikkeuksellinen kivikasvo. Ruhtinas  puoliso on kuvattu vuosien varrella \u00e4\u00e4rett\u00f6m\u00e4t kerrat naama peruslukemilla. Kuvankaunista Charlenea on luonnehdittu jopa j\u00e4\u00e4prinsessaksi t\u00e4m\u00e4n usein ilottoman olemuksen takia.\u00a0<\/p>\n<p>        <a itemprop=\"url\" href=\"https:\/\/www.seiska.fi\/kuninkaalliset\/nyt-on-okya-ruhtinatar-charlene-edusti-tonnien-barbie-lookissa\/1897602\" rel=\"nofollow noopener\" target=\"_blank\"><\/p>\n<p>\nNyt on \u00f6ky\u00e4!\n<\/p>\n<p class=\"section-date\">\n        <strong class=\"article-section\" data-section=\"kuninkaalliset\"><br \/>\n            kuninkaalliset<br \/>\n        <\/strong><br \/>\n        12.8. 21:00\n    <\/p>\n<p>Nyt on \u00f6ky\u00e4! Ruhtinatar Charlene edusti tonnien Barbie-lookissa\n    <\/p>\n<p itemprop=\"description\" class=\"subtitle \">\n    Ruhtinatar on valinnut ylleen hempe\u00e4\u00e4 vaaleanpunaista.\n<\/p>\n<p>        <\/a><\/p>\n<p>Hymy palasi kasvoille<\/p>\n<p class=\"article-content article-content-width !bg-background\">Charlenelle ominainen ilmeett\u00f6myys on tulkittu moneen otteeseen surumielisyydeksi. Sen on uskottu kieliv\u00e4n jopa ongelmista ruhtinasparin avioliitossa.\u00a0<\/p>\n<p>                <img decoding=\"async\" src=\"https:\/\/www.europesays.com\/fi\/wp-content\/uploads\/2025\/11\/1994743.webp\" width=\"576\" height=\"322\" alt=\"Nyky\u00e4\u00e4n Charlene jopa nauraa julkisesti.\" loading=\"lazy\" \/>            <\/p>\n<p>\n            Nyky\u00e4\u00e4n Charlene jopa nauraa julkisesti.<br \/>\n            AOP\n        <\/p>\n<p class=\"article-content article-content-width !bg-background\">Vuosikausia velloneista spekulaatioista huolimatta Charlenen ja Albertin liitto on kest\u00e4nyt. Viime aikoina prinsessa on my\u00f6s esiintynyt huomattavasti aiempaa pirte\u00e4mp\u00e4n\u00e4. Charlenen ennen niin harvinainen hymy on ihastuttanut jo useita kertoja.\u00a0<\/p>\n<p>Koskettava kohtaaminen itketti<\/p>\n<p class=\"article-content article-content-width !bg-background\">Lauantaina (15.11.) Charlenesta n\u00e4htiin toisenlainen puoli, kun h\u00e4n osallistui sairaiden lasten hyv\u00e4ksi j\u00e4rjestettyyn varainkeruutapahtumaan.<\/p>\n<p class=\"article-content article-content-width !bg-background\"><a href=\"https:\/\/nofinishlineinternational.com\/en\/\" target=\"_blank\" rel=\"nofollow noopener\">Charlene ja Albert ottivat osaa No Finish Line -k\u00e4velyyn<\/a>, jonka suojelijoina he toimivat. Jokaista kilometri\u00e4 kohti lahjoitetaan yksi euro hyv\u00e4ntekev\u00e4isyyteen.<\/p>\n<p>        <a itemprop=\"url\" href=\"https:\/\/www.seiska.fi\/kuninkaalliset\/historiallinen-hetki-ruhtinatar-charlenelle-harvinainen-tunnustus\/1826230\" rel=\"nofollow noopener\" target=\"_blank\"><\/p>\n<p>\nMonacon Charlene\n<\/p>\n<p class=\"section-date\">\n        <strong class=\"article-section\" data-section=\"kuninkaalliset\"><br \/>\n            kuninkaalliset<br \/>\n        <\/strong><br \/>\n        8.6. 14:00\n    <\/p>\n<p>Historiallinen hetki! Ruhtinatar Charlenelle harvinainen tunnustus\n    <\/p>\n<p itemprop=\"description\" class=\"subtitle \">\n    Monacon ruhtinatar Albertin puoliso p\u00e4\u00e4si merkkihenkil\u00f6iden joukkoon.\n<\/p>\n<p>        <\/a><\/p>\n<p class=\"article-content article-content-width !bg-background\">Moninaisissa hyv\u00e4ntekev\u00e4isyysprojekteissa mukana oleva Charlene oli tapahtumassa kuin kotonaan. H\u00e4n k\u00e4ytti runsaasti aikaa jutellakseen muiden osallistujien kanssa. Kuninkaallisesta varautuneisuudesta ei ollut tietoakaan Charlenen halaillessa tapaamiaan ihmisi\u00e4.\u00a0<\/p>\n<p class=\"article-content article-content-width !bg-background\">Osa kohtaamisista oli erityisen liikuttavia. Charlenen n\u00e4htiin pyyhkiv\u00e4n kyyneleit\u00e4 esimerkiksi sardinialaisen paraurheilijan kanssa keskustellessaan.\u00a0<\/p>\n<p>                <img decoding=\"async\" src=\"https:\/\/www.europesays.com\/fi\/wp-content\/uploads\/2025\/11\/1994732.webp\" width=\"576\" height=\"322\" alt=\"Liikuttunut Charlene pyyhki kyyneleit\u00e4 kasvoiltaan ja antoi py\u00f6r\u00e4tuolissa istuvalle miehelle l\u00e4mpim\u00e4n halauksen.\" loading=\"lazy\" \/>            <\/p>\n<p>\n            Liikuttunut Charlene pyyhki kyyneleit\u00e4 kasvoiltaan ja antoi py\u00f6r\u00e4tuolissa istuvalle miehelle l\u00e4mpim\u00e4n halauksen.<br \/>\n            AOP\n        <\/p>\n","protected":false},"excerpt":{"rendered":"All Over Press Vakavailmeisyydest\u00e4\u00e4n tunnettu Charlene ei peitellyt tunteitaan t\u00e4ll\u00e4 kertaa. Hillitty k\u00e4yt\u00f6s on kenties yksi merkitt\u00e4vimmist\u00e4 kuninkaallisista&hellip;\n","protected":false},"author":2,"featured_media":92422,"comment_status":"","ping_status":"","sticky":false,"template":"","format":"standard","meta":{"footnotes":""},"categories":[136],"tags":[1075,407,137,33,31,30,18335,5630,14783,408,6208,18336,212,2637,7070,2643,32,2720,109],"class_list":{"0":"post-92421","1":"post","2":"type-post","3":"status-publish","4":"format-standard","5":"has-post-thumbnail","7":"category-julkkikset","8":"tag-avioliitto","9":"tag-celebrities","10":"tag-entertainment","11":"tag-fi","12":"tag-finland","13":"tag-finnish","14":"tag-hymy","15":"tag-hyvantekevaisyys","16":"tag-itku","17":"tag-julkkikset","18":"tag-kuva","19":"tag-kyyneleet","20":"tag-lifestyle","21":"tag-monaco","22":"tag-ruhtinas-albert","23":"tag-ruhtinatar-charlene","24":"tag-suomi","25":"tag-tunteet","26":"tag-viihde"},"share_on_mastodon":{"url":"https:\/\/pubeurope.com\/@fi\/115564759422963013","error":""},"_links":{"self":[{"href":"https:\/\/www.europesays.com\/fi\/wp-json\/wp\/v2\/posts\/92421","targetHints":{"allow":["GET"]}}],"collection":[{"href":"https:\/\/www.europesays.com\/fi\/wp-json\/wp\/v2\/posts"}],"about":[{"href":"https:\/\/www.europesays.com\/fi\/wp-json\/wp\/v2\/types\/post"}],"author":[{"embeddable":true,"href":"https:\/\/www.europesays.com\/fi\/wp-json\/wp\/v2\/users\/2"}],"replies":[{"embeddable":true,"href":"https:\/\/www.europesays.com\/fi\/wp-json\/wp\/v2\/comments?post=92421"}],"version-history":[{"count":0,"href":"https:\/\/www.europesays.com\/fi\/wp-json\/wp\/v2\/posts\/92421\/revisions"}],"wp:featuredmedia":[{"embeddable":true,"href":"https:\/\/www.europesays.com\/fi\/wp-json\/wp\/v2\/media\/92422"}],"wp:attachment":[{"href":"https:\/\/www.europesays.com\/fi\/wp-json\/wp\/v2\/media?parent=92421"}],"wp:term":[{"taxonomy":"category","embeddable":true,"href":"https:\/\/www.europesays.com\/fi\/wp-json\/wp\/v2\/categories?post=92421"},{"taxonomy":"post_tag","embeddable":true,"href":"https:\/\/www.europesays.com\/fi\/wp-json\/wp\/v2\/tags?post=92421"}],"curies":[{"name":"wp","href":"https:\/\/api.w.org\/{rel}","templated":true}]}}