{"id":92424,"date":"2025-11-17T11:21:09","date_gmt":"2025-11-17T11:21:09","guid":{"rendered":"https:\/\/www.europesays.com\/fi\/92424\/"},"modified":"2025-11-17T11:21:09","modified_gmt":"2025-11-17T11:21:09","slug":"marvel-studiosin-yli-13miljardin-dollarin-hitti-saa-jatkoa-se-on-seuraava-elokuvani","status":"publish","type":"post","link":"https:\/\/www.europesays.com\/fi\/92424\/","title":{"rendered":"Marvel Studiosin yli 1,3miljardin dollarin hitti saa jatkoa: &#8221;Se on seuraava elokuvani&#8221;"},"content":{"rendered":"<p>Vuoden 2018 Marvel-elokuva Black Panther muodostui kulttuuri-ilmi\u00f6ksi ja 1,35 miljardin dollarin hitiksi. Nelj\u00e4 vuotta my\u00f6hemmin julkaistu Black Panther: Wakanda Forever ker\u00e4si sekin l\u00e4hes 860 miljoonan dollarin lipunmyynnin.<\/p>\n<p>Ohjaaja <a href=\"https:\/\/muropaketti.com\/avainsana\/ryan-coogler\" rel=\"nofollow noopener\" target=\"_blank\">Ryan Coogler<\/a> on vahvistanut Black Panther 3:n olevan seuraava elokuvansa.<\/p>\n<p>Osallistuessaan <a href=\"https:\/\/deadline.com\/2025\/11\/ryan-coogler-black-panther-3-next-movie-1236618702\/\" target=\"_blank\" rel=\"noreferrer noopener nofollow\">Deadlinen<\/a> j\u00e4rjest\u00e4m\u00e4\u00e4n paneelikeskusteluun my\u00f6s Creedist\u00e4  (2015) ja Sinnersist\u00e4 (2025) tuttu Coogler totesi asian seuraavasti:<\/p>\n<p>\u201dJos kukaan muu kysyisi, vastaisin etten voi vahvistaa tai kielt\u00e4\u00e4 mit\u00e4\u00e4n, mutta teemme parhaillaan kovasti t\u00f6it\u00e4 Black Panther 3:n eteen\u2026 Joo, se on seuraava elokuvani\u201d.<\/p>\n<p>Black Panther 3:n lis\u00e4ksi Cooglerilla on ty\u00f6p\u00f6yd\u00e4ll\u00e4\u00e4n my\u00f6s <a href=\"https:\/\/muropaketti.com\/elokuvat\/elokuvauutiset\/black-panther-ohjaaja-tekee-uuden-the-x-files-sarjan-aidillensa\/\" rel=\"nofollow noopener\" target=\"_blank\">uusi The X-Files -sarja<\/a>.<\/p>\n<p>Mik\u00e4\u00e4n yll\u00e4tys Black Panther 3 ei ole. Elokuvasarjan aikaisempien osien menestys puhuu omaa kielt\u00e4\u00e4n, mutta sen lis\u00e4ksi Denzel Washington paljasti jo vuosi sitten olevansa ehdolla elokuvaan. <\/p>\n<p>My\u00f6hemmin Washington <a href=\"https:\/\/muropaketti.com\/elokuvat\/elokuvauutiset\/denzel-washington-pyysi-black-panther-ohjaajalta-anteeksi-molaytystaan\/\" rel=\"nofollow noopener\" target=\"_blank\">pyysi lipsautustaan anteeksi<\/a>.<\/p>\n<p>Black Panther 3:n ensi-illan ajankohdasta ei ole viel\u00e4 tietoa, mutta todenn\u00e4k\u00f6isesti se ilmestyy vasta Avengers: Secret Warsin (2027) j\u00e4lkeen. <\/p>\n<p>Huhujen mukaan Secret Warsissa tai sit\u00e4 edelt\u00e4v\u00e4ss\u00e4 Avengers: Doomsdayssa (2026) esitell\u00e4\u00e4n T\u2019Challan uusi variantti, joka saattaa t\u00e4hditt\u00e4\u00e4 kolmatta elokuvaa.<\/p>\n<p>Black Panther -elokuvien alkuper\u00e4inen t\u00e4hti Chadwick Boseman kuoli vuonna 2020 kun Black Panther: Wakanda Foreverin esituotanto oli jo alkanut. T\u00e4m\u00e4 pakotti elokuvan tekij\u00e4t laatimaan supersankariseikkailulle aivan uuden tarinan.<\/p>\n","protected":false},"excerpt":{"rendered":"Vuoden 2018 Marvel-elokuva Black Panther muodostui kulttuuri-ilmi\u00f6ksi ja 1,35 miljardin dollarin hitiksi. Nelj\u00e4 vuotta my\u00f6hemmin julkaistu Black Panther:&hellip;\n","protected":false},"author":2,"featured_media":92425,"comment_status":"","ping_status":"","sticky":false,"template":"","format":"standard","meta":{"footnotes":""},"categories":[131],"tags":[12253,155,137,33,173,31,30,172,13317,32,109],"class_list":{"0":"post-92424","1":"post","2":"type-post","3":"status-publish","4":"format-standard","5":"has-post-thumbnail","7":"category-elokuvat","8":"tag-black-panther","9":"tag-elokuvat","10":"tag-entertainment","11":"tag-fi","12":"tag-film","13":"tag-finland","14":"tag-finnish","15":"tag-movies","16":"tag-ryan-coogler","17":"tag-suomi","18":"tag-viihde"},"share_on_mastodon":{"url":"https:\/\/pubeurope.com\/@fi\/115564778845815789","error":""},"_links":{"self":[{"href":"https:\/\/www.europesays.com\/fi\/wp-json\/wp\/v2\/posts\/92424","targetHints":{"allow":["GET"]}}],"collection":[{"href":"https:\/\/www.europesays.com\/fi\/wp-json\/wp\/v2\/posts"}],"about":[{"href":"https:\/\/www.europesays.com\/fi\/wp-json\/wp\/v2\/types\/post"}],"author":[{"embeddable":true,"href":"https:\/\/www.europesays.com\/fi\/wp-json\/wp\/v2\/users\/2"}],"replies":[{"embeddable":true,"href":"https:\/\/www.europesays.com\/fi\/wp-json\/wp\/v2\/comments?post=92424"}],"version-history":[{"count":0,"href":"https:\/\/www.europesays.com\/fi\/wp-json\/wp\/v2\/posts\/92424\/revisions"}],"wp:featuredmedia":[{"embeddable":true,"href":"https:\/\/www.europesays.com\/fi\/wp-json\/wp\/v2\/media\/92425"}],"wp:attachment":[{"href":"https:\/\/www.europesays.com\/fi\/wp-json\/wp\/v2\/media?parent=92424"}],"wp:term":[{"taxonomy":"category","embeddable":true,"href":"https:\/\/www.europesays.com\/fi\/wp-json\/wp\/v2\/categories?post=92424"},{"taxonomy":"post_tag","embeddable":true,"href":"https:\/\/www.europesays.com\/fi\/wp-json\/wp\/v2\/tags?post=92424"}],"curies":[{"name":"wp","href":"https:\/\/api.w.org\/{rel}","templated":true}]}}