{"id":92438,"date":"2025-11-17T11:30:08","date_gmt":"2025-11-17T11:30:08","guid":{"rendered":"https:\/\/www.europesays.com\/fi\/92438\/"},"modified":"2025-11-17T11:30:08","modified_gmt":"2025-11-17T11:30:08","slug":"suora-lahetys-kello-14-10-stubb-ja-naton-rutte-pitavat-tiedotustilaisuuden","status":"publish","type":"post","link":"https:\/\/www.europesays.com\/fi\/92438\/","title":{"rendered":"Suora l\u00e4hetys kello 14.10: Stubb ja Naton Rutte pit\u00e4v\u00e4t tiedotustilaisuuden"},"content":{"rendered":"<p>IS n\u00e4ytt\u00e4\u00e4 presidentin ja Naton johtajan tiedotustilaisuuden suorana.<\/p>\n<p class=\"article-body mb-nof-24 px-nof-16\">Tasavallan presidentti <a class=\"article-personlink\" href=\"https:\/\/www.is.fi\/haku\/?query=Alexander%20Stubb\" rel=\"nofollow noopener\" target=\"_blank\">Alexander Stubb<\/a> tapaa t\u00e4n\u00e4\u00e4n Naton p\u00e4\u00e4sihteeri <a class=\"article-personlink\" href=\"https:\/\/www.is.fi\/haku\/?query=Mark%20Rutten\" rel=\"nofollow noopener\" target=\"_blank\">Mark Rutten<\/a>. He pit\u00e4v\u00e4t yhdess\u00e4 Brysseliss\u00e4 tiedotustilaisuuden Suomen aikaa kello 14.10.<\/p>\n<p class=\"article-body mb-nof-24 px-nof-16\">Stubbin ja Rutten tapaamisen aiheiksi on ilmoitettu Euroopan ja maailman turvallisuusymp\u00e4rist\u00f6, Euroopan puolustuksen kehitt\u00e4minen ja Ukrainan tukeminen. IS:n tietojen mukaan tapaamisessa keskustellaan muun muassa drooneista ja ilmatilaloukkauksista. Lis\u00e4ksi p\u00e4\u00e4sihteeri ja presidentti ovat mahdollisesti kertomassa uutisia puolustusteollisuuteen liittyen.<\/p>\n<p class=\"article-body mb-nof-24 px-nof-16\">Paikalla on IS:n politiikan toimittaja<a class=\"article-personlink\" href=\"https:\/\/www.is.fi\/haku\/?query=%20Iida%20Hallikainen\" rel=\"nofollow noopener\" target=\"_blank\"> Iida Hallikainen<\/a>.<\/p>\n<p class=\"article-body mb-nof-24 px-nof-16\">IS n\u00e4ytt\u00e4\u00e4 tiedotustilaisuuden suorana l\u00e4hetyksen\u00e4 t\u00e4ss\u00e4 jutussa.<\/p>\n<p class=\"article-body mb-nof-24 px-nof-16\">Stubbin ohjelmassa on lis\u00e4ksi tapaamiset Euroopan komission puheenjohtajan <a class=\"article-personlink\" href=\"https:\/\/www.is.fi\/haku\/?query=Ursula%20von%20der%20Leyenin\" rel=\"nofollow noopener\" target=\"_blank\">Ursula von der Leyenin<\/a>, Belgian p\u00e4\u00e4ministerin <a class=\"article-personlink\" href=\"https:\/\/www.is.fi\/haku\/?query=Bart%20De%20Weverin\" rel=\"nofollow noopener\" target=\"_blank\">Bart De Weverin<\/a> ja Euroopan parlamentin puheenjohtajan <a class=\"article-personlink\" href=\"https:\/\/www.is.fi\/haku\/?query=Roberta%20Metsolan\" rel=\"nofollow noopener\" target=\"_blank\">Roberta Metsolan<\/a> kanssa.<\/p>\n<p class=\"article-body mb-nof-24 px-nof-16\">Stubb puhuu suomalaiselle medialle noin kello 18.15 Suomen aikaa.<\/p>\n","protected":false},"excerpt":{"rendered":"IS n\u00e4ytt\u00e4\u00e4 presidentin ja Naton johtajan tiedotustilaisuuden suorana. Tasavallan presidentti Alexander Stubb tapaa t\u00e4n\u00e4\u00e4n Naton p\u00e4\u00e4sihteeri Mark Rutten.&hellip;\n","protected":false},"author":2,"featured_media":92439,"comment_status":"","ping_status":"","sticky":false,"template":"","format":"standard","meta":{"footnotes":""},"categories":[5],"tags":[22,23,26,27,33,31,30,17,34,24,25,28,29,15,18,21,32,19,20,16],"class_list":{"0":"post-92438","1":"post","2":"type-post","3":"status-publish","4":"format-standard","5":"has-post-thumbnail","7":"category-otsikot","8":"tag-breaking-news","9":"tag-breakingnews","10":"tag-featured-news","11":"tag-featurednews","12":"tag-fi","13":"tag-finland","14":"tag-finnish","15":"tag-headlines","16":"tag-ilta-sanomat","17":"tag-latest-news","18":"tag-latestnews","19":"tag-main-news","20":"tag-mainnews","21":"tag-news","22":"tag-otsikot","23":"tag-paauutiset","24":"tag-suomi","25":"tag-top-stories","26":"tag-topstories","27":"tag-uutiset"},"share_on_mastodon":{"url":"https:\/\/pubeurope.com\/@fi\/115564814193709405","error":""},"_links":{"self":[{"href":"https:\/\/www.europesays.com\/fi\/wp-json\/wp\/v2\/posts\/92438","targetHints":{"allow":["GET"]}}],"collection":[{"href":"https:\/\/www.europesays.com\/fi\/wp-json\/wp\/v2\/posts"}],"about":[{"href":"https:\/\/www.europesays.com\/fi\/wp-json\/wp\/v2\/types\/post"}],"author":[{"embeddable":true,"href":"https:\/\/www.europesays.com\/fi\/wp-json\/wp\/v2\/users\/2"}],"replies":[{"embeddable":true,"href":"https:\/\/www.europesays.com\/fi\/wp-json\/wp\/v2\/comments?post=92438"}],"version-history":[{"count":0,"href":"https:\/\/www.europesays.com\/fi\/wp-json\/wp\/v2\/posts\/92438\/revisions"}],"wp:featuredmedia":[{"embeddable":true,"href":"https:\/\/www.europesays.com\/fi\/wp-json\/wp\/v2\/media\/92439"}],"wp:attachment":[{"href":"https:\/\/www.europesays.com\/fi\/wp-json\/wp\/v2\/media?parent=92438"}],"wp:term":[{"taxonomy":"category","embeddable":true,"href":"https:\/\/www.europesays.com\/fi\/wp-json\/wp\/v2\/categories?post=92438"},{"taxonomy":"post_tag","embeddable":true,"href":"https:\/\/www.europesays.com\/fi\/wp-json\/wp\/v2\/tags?post=92438"}],"curies":[{"name":"wp","href":"https:\/\/api.w.org\/{rel}","templated":true}]}}