{"id":92444,"date":"2025-11-17T11:46:08","date_gmt":"2025-11-17T11:46:08","guid":{"rendered":"https:\/\/www.europesays.com\/fi\/92444\/"},"modified":"2025-11-17T11:46:08","modified_gmt":"2025-11-17T11:46:08","slug":"uusi-suomalainen-sketsiohjelma-alkaa-he-ovat-mukana","status":"publish","type":"post","link":"https:\/\/www.europesays.com\/fi\/92444\/","title":{"rendered":"Uusi suomalainen sketsiohjelma alkaa \u2013 He ovat mukana"},"content":{"rendered":"<p>Thank God, s\u00e4 tulit -sarja alkaa MTV3:lla ensi kev\u00e4\u00e4n\u00e4.<\/p>\n<p><img decoding=\"async\" class=\"image image-show image-preview\" src=\"https:\/\/www.europesays.com\/fi\/wp-content\/uploads\/2025\/11\/1763379967_92_b440e76e82e784badcaae975fbafc04d03aadb2826d8ffaf1b669c8d46c6305e.jpg\" alt=\"\"\/><img decoding=\"async\" class=\"image image-show\" src=\"https:\/\/www.europesays.com\/fi\/wp-content\/uploads\/2025\/11\/1763379968_420_b440e76e82e784badcaae975fbafc04d03aadb2826d8ffaf1b669c8d46c6305e.jpg\" alt=\"\"\/><\/p>\n<p>Jenni Poikelus ja Kari Ketonen t\u00e4hditt\u00e4v\u00e4t Thank god, s\u00e4 tulit -ohjelmaa. MTV<\/p>\n<p class=\"paragraph\">Lauantai-illan sketsiohjelma Thank God, s\u00e4 tulit alkaa 24. tammikuuta MTV3-kanavalla.<\/p>\n<p class=\"paragraph\">MTV:n tiedotteen mukaan vierailevat t\u00e4htiesiintyj\u00e4t heitet\u00e4\u00e4n keskelle tilanteita, joiden kulusta heill\u00e4 ei ole etuk\u00e4teen aavistustakaan. Tulevasta kohtauksesta he saavat vihjeen ainoastaan rooliasunsa kautta \u2013 asun, joka puetaan heid\u00e4n ylleen vain hetke\u00e4 ennen sketsin alkua.<\/p>\n<p class=\"paragraph\">Ohjelman jokaisessa jaksossa on mukana nelj\u00e4 vierailevaa esiintyj\u00e4\u00e4 sek\u00e4 vakion\u00e4yttelij\u00e4t. Illan lopuksi yksi kruunataan illan hauskimmaksi heitt\u00e4ytyj\u00e4ksi.<\/p>\n<p class=\"paragraph\">Ohjelman juontaa <a href=\"https:\/\/www.iltalehti.fi\/henkilot\/Jenni Poikelus\" class=\"article-link-person-page\" rel=\"nofollow noopener\" target=\"_blank\">Jenni Poikelus<\/a> ja improvisaatioteht\u00e4vi\u00e4 tuomaroi <a href=\"https:\/\/www.iltalehti.fi\/henkilot\/Kari Ketonen\" class=\"article-link-person-page\" rel=\"nofollow noopener\" target=\"_blank\">Kari Ketonen<\/a>.<\/p>\n<p class=\"paragraph\">Ohjelman vakion\u00e4yttelij\u00e4t ovat <a href=\"https:\/\/www.iltalehti.fi\/henkilot\/Anna-Sofia Tuominen\" class=\"article-link-person-page\" rel=\"nofollow noopener\" target=\"_blank\">Anna-Sofia Tuominen<\/a>, <strong>Carlos Orjuela<\/strong>, <a href=\"https:\/\/www.iltalehti.fi\/henkilot\/Minna Koskela\" class=\"article-link-person-page\" rel=\"nofollow noopener\" target=\"_blank\">Minna Koskela<\/a>, <a href=\"https:\/\/www.iltalehti.fi\/henkilot\/Sampo Sarkola\" class=\"article-link-person-page\" rel=\"nofollow noopener\" target=\"_blank\">Sampo Sarkola<\/a>, <a href=\"https:\/\/www.iltalehti.fi\/henkilot\/Elena Leeve\" class=\"article-link-person-page\" rel=\"nofollow noopener\" target=\"_blank\">Elena Leeve<\/a> ja <strong>Joonas K\u00e4\u00e4ri\u00e4inen<\/strong>.<\/p>\n<p class=\"paragraph\">Kilpailijoiden joukossa ovat muun muassa <a href=\"https:\/\/www.iltalehti.fi\/henkilot\/Riitta Havukainen\" class=\"article-link-person-page\" rel=\"nofollow noopener\" target=\"_blank\">Riitta Havukainen<\/a>, <a href=\"https:\/\/www.iltalehti.fi\/henkilot\/Sanna Stellan\" class=\"article-link-person-page\" rel=\"nofollow noopener\" target=\"_blank\">Sanna Stellan<\/a>, <a href=\"https:\/\/www.iltalehti.fi\/henkilot\/Robin Packalen\" class=\"article-link-person-page\" rel=\"nofollow noopener\" target=\"_blank\">Robin Packalen<\/a>, <a href=\"https:\/\/www.iltalehti.fi\/henkilot\/Paula Noronen\" class=\"article-link-person-page\" rel=\"nofollow noopener\" target=\"_blank\">Paula Noronen<\/a>, <a href=\"https:\/\/www.iltalehti.fi\/henkilot\/Shirly Karvinen\" class=\"article-link-person-page\" rel=\"nofollow noopener\" target=\"_blank\">Shirly Karvinen<\/a>, <strong>Joona Hellman<\/strong>, <a href=\"https:\/\/www.iltalehti.fi\/henkilot\/Jani Toivola\" class=\"article-link-person-page\" rel=\"nofollow noopener\" target=\"_blank\">Jani Toivola<\/a>, <a href=\"https:\/\/www.iltalehti.fi\/henkilot\/Hanna Kinnunen\" class=\"article-link-person-page\" rel=\"nofollow noopener\" target=\"_blank\">Hanna Kinnunen<\/a>, <a href=\"https:\/\/www.iltalehti.fi\/henkilot\/Jarkko Miettinen\" class=\"article-link-person-page\" rel=\"nofollow noopener\" target=\"_blank\">Jarkko Miettinen<\/a>, <a href=\"https:\/\/www.iltalehti.fi\/henkilot\/Gogi Mavromichalisille\" class=\"article-link-person-page\" rel=\"nofollow noopener\" target=\"_blank\">Gogi Mavromichalis<\/a> ja <a href=\"https:\/\/www.iltalehti.fi\/henkilot\/Pamela Tola\" class=\"article-link-person-page\" rel=\"nofollow noopener\" target=\"_blank\">Pamela Tola<\/a>.<\/p>\n","protected":false},"excerpt":{"rendered":"Thank God, s\u00e4 tulit -sarja alkaa MTV3:lla ensi kev\u00e4\u00e4n\u00e4. Jenni Poikelus ja Kari Ketonen t\u00e4hditt\u00e4v\u00e4t Thank god, s\u00e4&hellip;\n","protected":false},"author":2,"featured_media":92445,"comment_status":"","ping_status":"","sticky":false,"template":"","format":"standard","meta":{"footnotes":""},"categories":[133],"tags":[35,153,155,137,33,31,30,718,154,32,206,140,139,156,109],"class_list":{"0":"post-92444","1":"post","2":"type-post","3":"status-publish","4":"format-standard","5":"has-post-thumbnail","7":"category-televisiot","8":"tag-24h","9":"tag-audiovisuaalinen-media","10":"tag-elokuvat","11":"tag-entertainment","12":"tag-fi","13":"tag-finland","14":"tag-finnish","15":"tag-nayttamotaide","16":"tag-nayttelijat-teatteri","17":"tag-suomi","18":"tag-televisiot","19":"tag-tv-ja-elokuvat","20":"tag-tv-ohjelmat","21":"tag-tv","22":"tag-viihde"},"share_on_mastodon":{"url":"https:\/\/pubeurope.com\/@fi\/115564877344277591","error":""},"_links":{"self":[{"href":"https:\/\/www.europesays.com\/fi\/wp-json\/wp\/v2\/posts\/92444","targetHints":{"allow":["GET"]}}],"collection":[{"href":"https:\/\/www.europesays.com\/fi\/wp-json\/wp\/v2\/posts"}],"about":[{"href":"https:\/\/www.europesays.com\/fi\/wp-json\/wp\/v2\/types\/post"}],"author":[{"embeddable":true,"href":"https:\/\/www.europesays.com\/fi\/wp-json\/wp\/v2\/users\/2"}],"replies":[{"embeddable":true,"href":"https:\/\/www.europesays.com\/fi\/wp-json\/wp\/v2\/comments?post=92444"}],"version-history":[{"count":0,"href":"https:\/\/www.europesays.com\/fi\/wp-json\/wp\/v2\/posts\/92444\/revisions"}],"wp:featuredmedia":[{"embeddable":true,"href":"https:\/\/www.europesays.com\/fi\/wp-json\/wp\/v2\/media\/92445"}],"wp:attachment":[{"href":"https:\/\/www.europesays.com\/fi\/wp-json\/wp\/v2\/media?parent=92444"}],"wp:term":[{"taxonomy":"category","embeddable":true,"href":"https:\/\/www.europesays.com\/fi\/wp-json\/wp\/v2\/categories?post=92444"},{"taxonomy":"post_tag","embeddable":true,"href":"https:\/\/www.europesays.com\/fi\/wp-json\/wp\/v2\/tags?post=92444"}],"curies":[{"name":"wp","href":"https:\/\/api.w.org\/{rel}","templated":true}]}}