{"id":92454,"date":"2025-11-17T11:55:09","date_gmt":"2025-11-17T11:55:09","guid":{"rendered":"https:\/\/www.europesays.com\/fi\/92454\/"},"modified":"2025-11-17T11:55:09","modified_gmt":"2025-11-17T11:55:09","slug":"puolassa-epaillaan-ennennakematonta-sabotaasia-raiteilla-uutisia-lyhyesti","status":"publish","type":"post","link":"https:\/\/www.europesays.com\/fi\/92454\/","title":{"rendered":"Puolassa ep\u00e4ill\u00e4\u00e4n \u201dennen\u00adn\u00e4kem\u00e4t\u00f6nt\u00e4 sabotaasia\u201d raiteilla | Uutisia lyhyesti"},"content":{"rendered":"<p class=\"aw-1gybjub aw-5vja16 kEtdKx kmuxyA yle__article__paragraph\">Varsovasta Lubliniin kulkevalla rautatiell\u00e4 tapahtui r\u00e4j\u00e4hdys sunnuntaina. Reitti\u00e4 k\u00e4ytet\u00e4\u00e4n my\u00f6s aseiden kuljettamiseen Ukrainaan.<\/p>\n<p><img decoding=\"async\" alt=\"Henkil\u00f6juna suistui raiteilta Puolassa. Pelastus- ja korjausty\u00f6ntekij\u00e4t arvioivat tilannetta paikan p\u00e4\u00e4ll\u00e4.\" src=\"https:\/\/www.europesays.com\/fi\/wp-content\/uploads\/2025\/11\/39-1554981691b07316859d.jpeg\" class=\"aw-1l9m598 hKVVvP\"\/><\/p>\n<p>Avaa kuvien katselu<\/p>\n<p>Erikoisjoukot ja poliisi tutkivat tuhoutuneen rautatieosuuden tapahtumapaikkaa Deblinin ja Varsovan v\u00e4lisell\u00e4 reitill\u00e4 Keski-Puolassa 17.11.2025. Kuva: Przemyslaw Piatkowski \/ EPA<\/p>\n<p>12:49\u2022P\u00e4ivitetty 13:48<\/p>\n<p class=\"aw-1gybjub aw-1p7kakr kEtdKx cEmitX yle__article__paragraph\">Puolan p\u00e4\u00e4ministeri <strong class=\"aw-ak79eh KyCXm yle__article__strong\">Donald Tuskin<\/strong> mukaan Varsovasta Lubliniin johtavalla rautatiell\u00e4 tapahtunut r\u00e4j\u00e4hdys oli sabotaasi.<\/p>\n<p class=\"aw-1gybjub aw-1p7kakr kEtdKx cEmitX yle__article__paragraph\">Puolan poliisi kertoi r\u00e4j\u00e4hdyksest\u00e4 sunnuntaina. Veturinkuljettaja oli ilmoittanut vaurioista rautatielinjalla, mutta viranomaiset eiv\u00e4t pystyneet heti varmistamaan r\u00e4j\u00e4hdyksen syyt\u00e4. Tapauksessa ei koitunut henkil\u00f6vahinkoja.<\/p>\n<p class=\"aw-1gybjub aw-1p7kakr kEtdKx cEmitX yle__article__paragraph\">\u2013 Rautatien r\u00e4j\u00e4ytt\u00e4minen Varsova\u2013Lublin-reitill\u00e4 on ennenn\u00e4kem\u00e4t\u00f6n sabotaasi, joka kohdistuu Puolan valtion ja sen kansalaisten turvallisuuteen, Tusk kirjoitti maanantaina <a class=\"aw-iao6s4 iHOxEa yle__article__link\" href=\"https:\/\/x.com\/donaldtusk\/status\/1990351051992768568\" role=\"link\" rel=\"nofollow\">viestipalvelu X:ss\u00e4<\/a> ja lis\u00e4si, ett\u00e4 tapauksen tutkinta on k\u00e4ynniss\u00e4.<\/p>\n<p class=\"aw-1gybjub aw-1p7kakr kEtdKx cEmitX yle__article__paragraph\">Tuskin mukaan reitti\u00e4 k\u00e4ytet\u00e4\u00e4n my\u00f6s aseiden kuljettamiseen Ukrainaan.<\/p>\n<p class=\"aw-1gybjub aw-1p7kakr kEtdKx cEmitX yle__article__paragraph\">Puolustusministeri <strong class=\"aw-ak79eh KyCXm yle__article__strong\">W\u0142adys\u0142aw Kosiniak-Kamysz<\/strong> <a class=\"aw-iao6s4 iHOxEa yle__article__link\" href=\"https:\/\/x.com\/KosiniakKamysz\/status\/1990347608556982490\" role=\"link\" rel=\"nofollow\">kertoi<\/a>, ett\u00e4 armeija tarkastaa 120 kilometrin pituista rataosuutta Ukrainan rajalle johtavalla reitill\u00e4.<\/p>\n<p class=\"aw-1gybjub aw-1p7kakr kEtdKx cEmitX yle__article__paragraph\">Tusk ei viestiss\u00e4\u00e4n eritellyt, ket\u00e4 sabotaasista ep\u00e4ill\u00e4\u00e4n. Puola on kuitenkin aiemmin syytt\u00e4nyt Ven\u00e4j\u00e4\u00e4 muun muassa tuhopolttojen ja kyberhy\u00f6kk\u00e4ysten aalloista, jotka ovat kohdistuneet Puolaan ja muihin Euroopan maihin Ukrainassa k\u00e4yt\u00e4v\u00e4n hy\u00f6kk\u00e4yssodan aikana.<\/p>\n<p class=\"aw-1gybjub aw-1p7kakr kEtdKx cEmitX yle__article__paragraph\">Lokakuussa Puola ja Romania <a class=\"aw-iao6s4 iHOxEa yle__article__link\" href=\"https:\/\/yle.fi\/a\/74-20189474\" role=\"link\" rel=\"nofollow noopener\" target=\"_blank\">pid\u00e4ttiv\u00e4t kahdeksan henkil\u00f6\u00e4<\/a>, joita ep\u00e4ill\u00e4\u00e4n sabotaasin suunnittelusta Ven\u00e4j\u00e4n lukuun.<\/p>\n<p class=\"aw-1gybjub aw-1p7kakr kEtdKx cEmitX yle__article__paragraph\">L\u00e4hde: Reuters<\/p>\n","protected":false},"excerpt":{"rendered":"Varsovasta Lubliniin kulkevalla rautatiell\u00e4 tapahtui r\u00e4j\u00e4hdys sunnuntaina. Reitti\u00e4 k\u00e4ytet\u00e4\u00e4n my\u00f6s aseiden kuljettamiseen Ukrainaan. Avaa kuvien katselu Erikoisjoukot ja&hellip;\n","protected":false},"author":2,"featured_media":92455,"comment_status":"","ping_status":"","sticky":false,"template":"","format":"standard","meta":{"footnotes":""},"categories":[14],"tags":[22,23,26,27,33,31,30,17,24,25,28,29,15,18,21,32,19,20,546,56,16,59,60,61],"class_list":{"0":"post-92454","1":"post","2":"type-post","3":"status-publish","4":"format-standard","5":"has-post-thumbnail","7":"category-ulkomaat","8":"tag-breaking-news","9":"tag-breakingnews","10":"tag-featured-news","11":"tag-featurednews","12":"tag-fi","13":"tag-finland","14":"tag-finnish","15":"tag-headlines","16":"tag-latest-news","17":"tag-latestnews","18":"tag-main-news","19":"tag-mainnews","20":"tag-news","21":"tag-otsikot","22":"tag-paauutiset","23":"tag-suomi","24":"tag-top-stories","25":"tag-topstories","26":"tag-turvallisuus","27":"tag-ulkomaat","28":"tag-uutiset","29":"tag-world","30":"tag-world-news","31":"tag-worldnews"},"share_on_mastodon":{"url":"https:\/\/pubeurope.com\/@fi\/115564912784797650","error":""},"_links":{"self":[{"href":"https:\/\/www.europesays.com\/fi\/wp-json\/wp\/v2\/posts\/92454","targetHints":{"allow":["GET"]}}],"collection":[{"href":"https:\/\/www.europesays.com\/fi\/wp-json\/wp\/v2\/posts"}],"about":[{"href":"https:\/\/www.europesays.com\/fi\/wp-json\/wp\/v2\/types\/post"}],"author":[{"embeddable":true,"href":"https:\/\/www.europesays.com\/fi\/wp-json\/wp\/v2\/users\/2"}],"replies":[{"embeddable":true,"href":"https:\/\/www.europesays.com\/fi\/wp-json\/wp\/v2\/comments?post=92454"}],"version-history":[{"count":0,"href":"https:\/\/www.europesays.com\/fi\/wp-json\/wp\/v2\/posts\/92454\/revisions"}],"wp:featuredmedia":[{"embeddable":true,"href":"https:\/\/www.europesays.com\/fi\/wp-json\/wp\/v2\/media\/92455"}],"wp:attachment":[{"href":"https:\/\/www.europesays.com\/fi\/wp-json\/wp\/v2\/media?parent=92454"}],"wp:term":[{"taxonomy":"category","embeddable":true,"href":"https:\/\/www.europesays.com\/fi\/wp-json\/wp\/v2\/categories?post=92454"},{"taxonomy":"post_tag","embeddable":true,"href":"https:\/\/www.europesays.com\/fi\/wp-json\/wp\/v2\/tags?post=92454"}],"curies":[{"name":"wp","href":"https:\/\/api.w.org\/{rel}","templated":true}]}}