{"id":92456,"date":"2025-11-17T11:56:11","date_gmt":"2025-11-17T11:56:11","guid":{"rendered":"https:\/\/www.europesays.com\/fi\/92456\/"},"modified":"2025-11-17T11:56:11","modified_gmt":"2025-11-17T11:56:11","slug":"taalta-naisen-ruumis-loytyi-nurmijarvella","status":"publish","type":"post","link":"https:\/\/www.europesays.com\/fi\/92456\/","title":{"rendered":"T\u00e4\u00e4lt\u00e4 naisen ruumis l\u00f6ytyi Nurmij\u00e4rvell\u00e4"},"content":{"rendered":"<p>Maaseutumaisella alueella todistettiin viikonloppuna poliisioperaatiota. Nuoren naisen ep\u00e4ilty surmaaja tai surmaajat ovat yh\u00e4 karkuteill\u00e4.<\/p>\n<p>T\u00e4lt\u00e4 n\u00e4ytti paikan p\u00e4\u00e4ll\u00e4.<\/p>\n<p class=\"article-body mb-nof-24 px-nof-16\">Ulkoilija teki karmean l\u00f6yd\u00f6n lauantaina iltap\u00e4iv\u00e4ll\u00e4, kun noin <a class=\"article-genericlink\" href=\"https:\/\/www.is.fi\/kotimaa\/art-2000011631402.html\" rel=\"nofollow noopener\" target=\"_blank\">30-vuotiaan naisen<\/a> ruumis l\u00f6ytyi mets\u00e4st\u00e4 Nurmij\u00e4rvell\u00e4 Haavistontien l\u00e4heisyydest\u00e4. Ilta-Sanomien tietojen mukaan l\u00f6yd\u00f6n teki koiranulkoiluttaja.<\/p>\n<p class=\"article-body mb-nof-24 px-nof-16\">H\u00e4n ilmoitti havainnostaan h\u00e4t\u00e4keskukseen, mink\u00e4 j\u00e4lkeen poliisit tulivat paikalle.<\/p>\n<p class=\"article-body mb-nof-24 px-nof-16\">Haavistontie sijaitsee vilkasliikenteisen H\u00e4meenlinnantien vieress\u00e4. Alue on kuitenkin muutoin hyvin maaseutumaista ja hiljaista. Alueella on harvakseltaan muutamia omakotitaloja.<\/p>\n<p><img decoding=\"async\" src=\"https:\/\/www.europesays.com\/fi\/wp-content\/uploads\/2025\/11\/1763380569_538_468.jpg\" alt=\"Poliisin eristysnauhan pala l\u00f6ytyi Haavistontien vieress\u00e4 sijaitsevasta mets\u00e4st\u00e4.\" class=\"_Img_1rerz_1\" style=\"aspect-ratio:1.5\" loading=\"eager\"\/><\/p>\n<p class=\"article-picture-caption\">Poliisin eristysnauhan pala l\u00f6ytyi Haavistontien vieress\u00e4 sijaitsevasta mets\u00e4st\u00e4. Kuva:\u00a0Lassi Rinne<\/p>\n<p><img decoding=\"async\" src=\"https:\/\/www.europesays.com\/fi\/wp-content\/uploads\/2025\/11\/1763380570_151_468.jpg\" alt=\"Poliisi ep\u00e4ilee, ett\u00e4 nainen on joutunut henkirikoksen uhriksi.\" class=\"_Img_1rerz_1\" style=\"aspect-ratio:1.5\" loading=\"eager\"\/><\/p>\n<p class=\"article-picture-caption\">Poliisi ep\u00e4ilee, ett\u00e4 nainen on joutunut henkirikoksen uhriksi. Kuva:\u00a0Lassi Rinne<\/p>\n<p class=\"article-body mb-nof-24 px-nof-16\">IS:n tietojen mukaan ruumiin l\u00f6yt\u00f6paikka sijaitsee l\u00e4hell\u00e4 ty\u00f6maa-alueelle johtavaa hiekkatiet\u00e4, joka erkanee Haavistontielt\u00e4.<\/p>\n<p class=\"article-body mb-nof-24 px-nof-16\">Hiekkatien viereisess\u00e4 mets\u00e4st\u00e4 l\u00f6ytyi maanantaina aamup\u00e4iv\u00e4ll\u00e4 pieni pala sinivalkoista poliisinauhaa, mutta mit\u00e4\u00e4n muita merkkej\u00e4 viikonlopun poliisioperaatiosta ei en\u00e4\u00e4 ollut havaittavissa.<\/p>\n<p class=\"article-body mb-nof-24 px-nof-16\">Alueen naapurustossa kerrotaan, ett\u00e4 poliisi on viikonlopun aikana kiert\u00e4nyt puhuttamassa l\u00e4hialueen asukkaita.<\/p>\n<p class=\"article-body mb-nof-24 px-nof-16\">Viikonlopun aikana Haavistontiell\u00e4 liikkui my\u00f6s runsaasti poliisiautoja. Kenell\u00e4k\u00e4\u00e4n IS:n tavoittamista naapureista ei kuitenkaan ollut sen tarkempaa tietoa tapahtumista.<\/p>\n<p><img decoding=\"async\" src=\"https:\/\/www.europesays.com\/fi\/wp-content\/uploads\/2025\/11\/1763380570_310_468.jpg\" alt=\"Haavistontielt\u00e4 l\u00e4htee jyrkk\u00e4\u00e4n yl\u00e4m\u00e4keen pieni hiekkatie, joka johtaa ty\u00f6maa-alueelle. Metsikk\u00f6 sijaitsee t\u00e4m\u00e4n hiekkatien vieress\u00e4.\" class=\"_Img_1rerz_1\" style=\"aspect-ratio:1.5\" loading=\"eager\"\/><\/p>\n<p class=\"article-picture-caption\">Haavistontielt\u00e4 l\u00e4htee jyrkk\u00e4\u00e4n yl\u00e4m\u00e4keen pieni hiekkatie, joka johtaa ty\u00f6maa-alueelle. Metsikk\u00f6 sijaitsee t\u00e4m\u00e4n hiekkatien vieress\u00e4. Kuva:\u00a0Lassi Rinne<\/p>\n<p><img decoding=\"async\" src=\"https:\/\/www.europesays.com\/fi\/wp-content\/uploads\/2025\/11\/1763380570_892_468.jpg\" alt=\"Metsikk\u00f6\u00f6n johtaa my\u00f6s toinen tie, hyvin pieni polku.\" class=\"_Img_1rerz_1\" style=\"aspect-ratio:1.5\" loading=\"eager\"\/><\/p>\n<p class=\"article-picture-caption\">Metsikk\u00f6\u00f6n johtaa my\u00f6s toinen tie, hyvin pieni polku. Kuva:\u00a0Lassi Rinne<\/p>\n<p class=\"article-body mb-nof-24 px-nof-16\">Poliisi on kertonut, ett\u00e4 mets\u00e4st\u00e4 l\u00f6ytynyt vainaja on noin 30-vuotias nainen, jonka ep\u00e4ill\u00e4\u00e4n joutuneen tapetuksi.<\/p>\n<p class=\"article-body mb-nof-24 px-nof-16\">\u2013 Tekotapaan liittyvi\u00e4 yksityiskohtia emme tutkinnallisista syit\u00e4 voi t\u00e4ss\u00e4 vaiheessa kertoa, tutkinnanjohtaja, rikoskomisario <a class=\"article-personlink\" href=\"https:\/\/www.is.fi\/haku\/?query=Sanna%20Rentola\" rel=\"nofollow noopener\" target=\"_blank\">Sanna Rentola<\/a> kertoi poliisin tiedotteessa.<\/p>\n<p class=\"article-body mb-nof-24 px-nof-16\">Mahdollinen tekij\u00e4 tai tekij\u00e4t ovat karkuteill\u00e4, eik\u00e4 virkavalta ole toistaiseksi tehnyt kiinniottoja.<\/p>\n<p><img decoding=\"async\" src=\"https:\/\/www.europesays.com\/fi\/wp-content\/uploads\/2025\/11\/1763380571_936_468.jpg\" alt=\"Ruumis l\u00f6ytyi syrj\u00e4isest\u00e4 paikasta.\" class=\"_Img_1rerz_1\" style=\"aspect-ratio:1.5\" loading=\"eager\"\/><\/p>\n<p class=\"article-picture-caption\">Ruumis l\u00f6ytyi syrj\u00e4isest\u00e4 paikasta. Kuva:\u00a0Lassi Rinne<\/p>\n<p><img decoding=\"async\" src=\"https:\/\/www.europesays.com\/fi\/wp-content\/uploads\/2025\/11\/1763380571_750_468.jpg\" alt=\"Hiekkatien p\u00e4\u00e4ss\u00e4 on ty\u00f6maa-alue.\" class=\"_Img_1rerz_1\" style=\"aspect-ratio:1.5\" loading=\"eager\"\/><\/p>\n<p class=\"article-picture-caption\">Hiekkatien p\u00e4\u00e4ss\u00e4 on ty\u00f6maa-alue. Kuva:\u00a0Lassi Rinne<\/p>\n<p class=\"article-body mb-nof-24 px-nof-16\">Poliisi on pyyt\u00e4nyt silminn\u00e4kij\u00e4havaintoja Haavistontien l\u00e4heisyydess\u00e4 liikkuneista tuntemattomista henkil\u00f6ist\u00e4 ja ajoneuvoista viimeisen viikon ajalta. Poliisin mukaan kaikki vihjeet ovat arvokkaita.<\/p>\n<p class=\"article-body mb-nof-24 px-nof-16\">\u2013 Kaikkia havaintoja pyydet\u00e4\u00e4n, emmek\u00e4 rajaa pyynt\u00f6j\u00e4 tiettyyn ulkon\u00e4k\u00f6\u00f6n, Rentola sanoi Ilta-Sanomille maanantaina aamulla.<\/p>\n<p class=\"article-body mb-nof-24 px-nof-16\">\u2013 Jos alueen asukkaalla on kamera, johon on tallentunut outoja liikkujia, mielell\u00e4\u00e4n my\u00f6s t\u00e4mm\u00f6isi\u00e4 asioita saa poliisin tietoon toimittaa, Rentola kertoi.<\/p>\n<p class=\"article-body mb-nof-24 px-nof-16\">Poliisilla on yh\u00e4 selvityksess\u00e4 rikoksen tarkka tekoaika.<\/p>\n<p class=\"article-body mb-nof-24 px-nof-16\">Tiedot pyydet\u00e4\u00e4n ilmoittamaa poliisin vihjepuhelimeen numeroon 0295\u202f436\u202f442, WhatsAppilla numeroon 050\u202f3999\u202f026 tai s\u00e4hk\u00f6postitse <a class=\"article-genericlink\" href=\"https:\/\/eur03.safelinks.protection.outlook.com\/?url=http%3A%2F%2Fvakivalta.ita-uusimaa%40poliisi.fi%2F&amp;data=05%7C02%7Ckia.kilpelainen%40iltasanomat.fi%7Cf41e96e73bf34f5ac78008de25af7314%7C4d5a48993bae4dc59ea0ba540b354430%7C0%7C0%7C638989632667367045%7CUnknown%7CTWFpbGZsb3d8eyJFbXB0eU1hcGkiOnRydWUsIlYiOiIwLjAuMDAwMCIsIlAiOiJXaW4zMiIsIkFOIjoiTWFpbCIsIldUIjoyfQ%3D%3D%7C0%7C%7C%7C&amp;sdata=CtQZ%2BH2GmUFOek5NIROSS9euka8ne3jzBeP5u55ZcJk%3D&amp;reserved=0\" rel=\"nofollow noopener\" target=\"_blank\">vakivalta.ita-uusimaa@poliisi.fi<\/a>.<\/p>\n","protected":false},"excerpt":{"rendered":"Maaseutumaisella alueella todistettiin viikonloppuna poliisioperaatiota. Nuoren naisen ep\u00e4ilty surmaaja tai surmaajat ovat yh\u00e4 karkuteill\u00e4. T\u00e4lt\u00e4 n\u00e4ytti paikan p\u00e4\u00e4ll\u00e4.&hellip;\n","protected":false},"author":2,"featured_media":92457,"comment_status":"","ping_status":"","sticky":false,"template":"","format":"standard","meta":{"footnotes":""},"categories":[12],"tags":[22,23,26,27,33,31,30,17,34,24,25,28,29,15,18,21,32,19,20,16],"class_list":{"0":"post-92456","1":"post","2":"type-post","3":"status-publish","4":"format-standard","5":"has-post-thumbnail","7":"category-suomi","8":"tag-breaking-news","9":"tag-breakingnews","10":"tag-featured-news","11":"tag-featurednews","12":"tag-fi","13":"tag-finland","14":"tag-finnish","15":"tag-headlines","16":"tag-ilta-sanomat","17":"tag-latest-news","18":"tag-latestnews","19":"tag-main-news","20":"tag-mainnews","21":"tag-news","22":"tag-otsikot","23":"tag-paauutiset","24":"tag-suomi","25":"tag-top-stories","26":"tag-topstories","27":"tag-uutiset"},"share_on_mastodon":{"url":"https:\/\/pubeurope.com\/@fi\/115564916854881474","error":""},"_links":{"self":[{"href":"https:\/\/www.europesays.com\/fi\/wp-json\/wp\/v2\/posts\/92456","targetHints":{"allow":["GET"]}}],"collection":[{"href":"https:\/\/www.europesays.com\/fi\/wp-json\/wp\/v2\/posts"}],"about":[{"href":"https:\/\/www.europesays.com\/fi\/wp-json\/wp\/v2\/types\/post"}],"author":[{"embeddable":true,"href":"https:\/\/www.europesays.com\/fi\/wp-json\/wp\/v2\/users\/2"}],"replies":[{"embeddable":true,"href":"https:\/\/www.europesays.com\/fi\/wp-json\/wp\/v2\/comments?post=92456"}],"version-history":[{"count":0,"href":"https:\/\/www.europesays.com\/fi\/wp-json\/wp\/v2\/posts\/92456\/revisions"}],"wp:featuredmedia":[{"embeddable":true,"href":"https:\/\/www.europesays.com\/fi\/wp-json\/wp\/v2\/media\/92457"}],"wp:attachment":[{"href":"https:\/\/www.europesays.com\/fi\/wp-json\/wp\/v2\/media?parent=92456"}],"wp:term":[{"taxonomy":"category","embeddable":true,"href":"https:\/\/www.europesays.com\/fi\/wp-json\/wp\/v2\/categories?post=92456"},{"taxonomy":"post_tag","embeddable":true,"href":"https:\/\/www.europesays.com\/fi\/wp-json\/wp\/v2\/tags?post=92456"}],"curies":[{"name":"wp","href":"https:\/\/api.w.org\/{rel}","templated":true}]}}