{"id":92462,"date":"2025-11-17T12:14:07","date_gmt":"2025-11-17T12:14:07","guid":{"rendered":"https:\/\/www.europesays.com\/fi\/92462\/"},"modified":"2025-11-17T12:14:07","modified_gmt":"2025-11-17T12:14:07","slug":"sisu-2-valloittaa-pian-yhdysvallat-ensi-ilta-osuu-merkittavaan-ajankohtaan","status":"publish","type":"post","link":"https:\/\/www.europesays.com\/fi\/92462\/","title":{"rendered":"Sisu 2 valloittaa pian Yhdysvallat \u2013 Ensi-ilta osuu merkitt\u00e4v\u00e4\u00e4n ajankohtaan"},"content":{"rendered":"<p><strong>Jalmari Helanderin <\/strong>ohjaama Sisu 2 on ylitt\u00e4nyt Suomessa 100 000 katsojan rajan. Elokuvaa on k\u00e4ynyt katsomassa teattereissa t\u00e4h\u00e4n menness\u00e4 108 121 katsojaa. Jatko-osan kansainv\u00e4linen levitys k\u00e4ynnistyy 21. marraskuuta Yhdysvalloissa, jossa elokuva julkaistaan nimell\u00e4 Sisu: Road to Revenge. Kyseess\u00e4 on yksi maan merkitt\u00e4vimmist\u00e4 ensi-iltaviikoista, sill\u00e4 ajankohta osuu kiitosp\u00e4iv\u00e4n viikonlopulle.<\/p>\n<p>Sisu 2 saa marraskuussa teatteriensi-iltansa my\u00f6s lukuisissa muissa maissa, kuten Australiassa, Tanskassa, Saksassa, Kreikassa, Malesiassa, Hollannissa, Portugalissa, Saudi-Arabiassa, Slovakiassa, It\u00e4vallassa, Virossa, Intiassa, Keniassa, Norjassa, Etel\u00e4-Afrikassa, Espanjassa, Ruotsissa, Islannissa, Puolassa ja Iso-Britanniassa.<\/p>\n<p>Tuottaja <strong>Petri Jokiranta<\/strong> kertoo ensimm\u00e4isen elokuvan menestyksen luoneen vahvan pohjan jatko-osalle: \u201dEnsimm\u00e4inen Sisu-elokuvamme oli Yhdysvaltain elokuvateattereissa top 10 -listalla per\u00e4ti kolme viikkoa ja n\u00e4ill\u00e4 maailman kovimmilla elokuvamarkkinoilla se oli vuoden toiseksi katsotuin eurooppalainen elokuva. Nyt jatko-osa saa viel\u00e4 ykk\u00f6sosaa selv\u00e4sti suuremman levityksen paitsi Yhdysvalloissa my\u00f6s muualla maailmassa.\u201d<\/p>\n<p>Lue my\u00f6s: <a href=\"https:\/\/www.episodi.fi\/uutiset\/jorma-tommila-uppoutui-sisu-2n-paarooliin-taysilla-pienessa-hiessa-ja-kyyneleet-silmissa-koko-ajan\/\" title=\"Jorma Tommila uppoutui Sisu 2:n p\u00e4\u00e4rooliin t\u00e4ysill\u00e4: \u201dPieness\u00e4 hiess\u00e4 ja kyyneleet silmiss\u00e4 koko ajan\u201d\" class=\"underline-custom !font-montserrat !font-bold !underline-offset-4 !decoration-4 !decoration-episodi-blue !text-md\" rel=\"nofollow noopener\" target=\"_blank\">Jorma Tommila uppoutui Sisu 2:n p\u00e4\u00e4rooliin t\u00e4ysill\u00e4: \u201dPieness\u00e4 hiess\u00e4 ja kyyneleet silmiss\u00e4 koko ajan\u201d<\/a><\/p>\n<p>Lue my\u00f6s: <a href=\"https:\/\/www.episodi.fi\/uutiset\/sisu-2-on-parempi-kuin-ykkososa-vakuuttaa-ohjaaja-jalmari-helander-ei-me-oltaisi-muuten-lahdetty-tekemaan-sita\/\" title=\"Sisu 2 on parempi kuin ykk\u00f6sosa, vakuuttaa ohjaaja Jalmari Helander: \u201dEi me oltaisi muuten tehty sit\u00e4\u201d\" class=\"underline-custom !font-montserrat !font-bold !underline-offset-4 !decoration-4 !decoration-episodi-blue !text-md\" rel=\"nofollow noopener\" target=\"_blank\">Sisu 2 on parempi kuin ykk\u00f6sosa, vakuuttaa ohjaaja Jalmari Helander: \u201dEi me oltaisi muuten tehty sit\u00e4\u201d<\/a><\/p>\n<p>Sisu 2 sai Suomessa ensi-iltansa kuukautta ennen muuta maailmaa. Sony Pictures vastaa elokuvan maailmanlaajuisesta levityksest\u00e4. ansainv\u00e4linen festivaaliensi-ilta n\u00e4htiin Fantastic Festiss\u00e4 Austinissa. <strong>Jorma Tommila<\/strong> palaa p\u00e4\u00e4osaan Aatamina, ja mukana ovat my\u00f6s <strong>Stephen Lang<\/strong> (Avatar) ja <strong>Richard Brake <\/strong>(Peaky Blinders).<\/p>\n<p>Lue my\u00f6s: <a href=\"https:\/\/www.episodi.fi\/uutiskirje\/?uutiskirjemainos=tekstilinkkimainos\" title=\"Tilaa Episodin uutiskirje ja voit voittaa leffalippuja! Nappaa tv-vinkit suoraan s\u00e4hk\u00f6postiin t\u00e4st\u00e4.\" class=\"underline-custom !font-montserrat !font-bold !underline-offset-4 !decoration-4 !decoration-episodi-blue !text-md\" rel=\"nofollow noopener\" target=\"_blank\">Tilaa Episodin uutiskirje ja voit voittaa leffalippuja! Nappaa katseluvinkit suoraan s\u00e4hk\u00f6postiin t\u00e4st\u00e4.<\/a><\/p>\n","protected":false},"excerpt":{"rendered":"Jalmari Helanderin ohjaama Sisu 2 on ylitt\u00e4nyt Suomessa 100 000 katsojan rajan. Elokuvaa on k\u00e4ynyt katsomassa teattereissa t\u00e4h\u00e4n&hellip;\n","protected":false},"author":2,"featured_media":92463,"comment_status":"","ping_status":"","sticky":false,"template":"","format":"standard","meta":{"footnotes":""},"categories":[131],"tags":[155,137,33,173,31,30,172,3298,32,109],"class_list":{"0":"post-92462","1":"post","2":"type-post","3":"status-publish","4":"format-standard","5":"has-post-thumbnail","7":"category-elokuvat","8":"tag-elokuvat","9":"tag-entertainment","10":"tag-fi","11":"tag-film","12":"tag-finland","13":"tag-finnish","14":"tag-movies","15":"tag-sisu-2","16":"tag-suomi","17":"tag-viihde"},"share_on_mastodon":{"url":"https:\/\/pubeurope.com\/@fi\/115564987211805978","error":""},"_links":{"self":[{"href":"https:\/\/www.europesays.com\/fi\/wp-json\/wp\/v2\/posts\/92462","targetHints":{"allow":["GET"]}}],"collection":[{"href":"https:\/\/www.europesays.com\/fi\/wp-json\/wp\/v2\/posts"}],"about":[{"href":"https:\/\/www.europesays.com\/fi\/wp-json\/wp\/v2\/types\/post"}],"author":[{"embeddable":true,"href":"https:\/\/www.europesays.com\/fi\/wp-json\/wp\/v2\/users\/2"}],"replies":[{"embeddable":true,"href":"https:\/\/www.europesays.com\/fi\/wp-json\/wp\/v2\/comments?post=92462"}],"version-history":[{"count":0,"href":"https:\/\/www.europesays.com\/fi\/wp-json\/wp\/v2\/posts\/92462\/revisions"}],"wp:featuredmedia":[{"embeddable":true,"href":"https:\/\/www.europesays.com\/fi\/wp-json\/wp\/v2\/media\/92463"}],"wp:attachment":[{"href":"https:\/\/www.europesays.com\/fi\/wp-json\/wp\/v2\/media?parent=92462"}],"wp:term":[{"taxonomy":"category","embeddable":true,"href":"https:\/\/www.europesays.com\/fi\/wp-json\/wp\/v2\/categories?post=92462"},{"taxonomy":"post_tag","embeddable":true,"href":"https:\/\/www.europesays.com\/fi\/wp-json\/wp\/v2\/tags?post=92462"}],"curies":[{"name":"wp","href":"https:\/\/api.w.org\/{rel}","templated":true}]}}