{"id":92466,"date":"2025-11-17T12:17:11","date_gmt":"2025-11-17T12:17:11","guid":{"rendered":"https:\/\/www.europesays.com\/fi\/92466\/"},"modified":"2025-11-17T12:17:11","modified_gmt":"2025-11-17T12:17:11","slug":"lauantaina-kuollut-iskelmalaulaja-raimo-kero-jatti-muusikkoystavaan-syvat-jaljet-oli-ihanaa-soittaa-rexin-kanssa-keski-pohjanmaa","status":"publish","type":"post","link":"https:\/\/www.europesays.com\/fi\/92466\/","title":{"rendered":"Lauantaina kuollut iskelm\u00e4laulaja Raimo Kero j\u00e4tti muusikkoyst\u00e4v\u00e4\u00e4n syv\u00e4t j\u00e4ljet: \u201dOli ihanaa soittaa Rexin kanssa\u201d | Keski-Pohjanmaa"},"content":{"rendered":"<p class=\"aw-1gybjub aw-5vja16 kEtdKx kmuxyA yle__article__paragraph\">Pitk\u00e4n uran muusikkona tehnyt Rexi oli kuollessaan 77-vuotias.<\/p>\n<p><img decoding=\"async\" alt=\"Iskelm\u00e4laulaja Rexin Esmeralda-singlen kansikuva.\" src=\"https:\/\/www.europesays.com\/fi\/wp-content\/uploads\/2025\/11\/39-1554894691aef9b7ad1d.jpeg\" class=\"aw-1l9m598 hKVVvP\"\/><\/p>\n<p>Avaa kuvien katselu<\/p>\n<p>Rexin RM-studioiden ensimm\u00e4inen single vuodelta 1981. Studiolla \u00e4\u00e4nittiv\u00e4t monet isot kotimaiset artistit, kuten Kirka, Dave Lindholm ja Broadcast. Arkistokuva.<\/p>\n<p class=\"aw-1gybjub aw-1p7kakr kEtdKx cEmitX yle__article__paragraph\">Iskelm\u00e4laulaja Rexi, oikealta nimelt\u00e4\u00e4n <strong class=\"aw-ak79eh KyCXm yle__article__strong\">Raimo Kero<\/strong>, menehtyi lauantaina 15.11.<\/p>\n<p class=\"aw-1gybjub aw-1p7kakr kEtdKx cEmitX yle__article__paragraph\">K\u00e4lvi\u00e4ll\u00e4 syntynyt Kero sairasti Alzheimerin tautia ja oli ollut jo pitk\u00e4\u00e4n vet\u00e4ytyneen\u00e4 julkisuudesta.<\/p>\n<p class=\"aw-1gybjub aw-1p7kakr kEtdKx cEmitX yle__article__paragraph\">H\u00e4nen muusikon uransa alkoi 1960-luvun rautalanka- ja rockyhtyeist\u00e4, joita olivat muun muassa Black Dreamers, Kari Keiskin yhtye ja Tangokitarat.<\/p>\n<p class=\"aw-1gybjub aw-1p7kakr kEtdKx cEmitX yle__article__paragraph\">Raimons-nimisess\u00e4 kokkolalaisb\u00e4ndiss\u00e4 h\u00e4n lauloi ja soitti bassoa. Yhtye oli mukana Vaasan Kes\u00e4 -tapahtuman yhteydess\u00e4 j\u00e4rjestetyss\u00e4 Suomen ensimm\u00e4isess\u00e4 radioidussa rockb\u00e4ndikisassa vuonna 1969.<\/p>\n<p><img decoding=\"async\" alt=\"Tyylitelty s\u00e4hk\u00f6kitara ja teksti &quot;Pop SM 69&quot;\" src=\"https:\/\/www.europesays.com\/fi\/wp-content\/uploads\/2025\/11\/39-4429685a0a997998804.png\" class=\"aw-1l9m598 hKVVvP\"\/><\/p>\n<p class=\"aw-1gybjub aw-1p7kakr kEtdKx cEmitX yle__article__paragraph\">Raimo Keron solistiuran ensimm\u00e4inen ja pysyvin hitti syntyi Syksyn S\u00e4vel -kilpailuun 1977.<\/p>\n<p class=\"aw-1gybjub aw-1p7kakr kEtdKx cEmitX yle__article__paragraph\"><strong class=\"aw-ak79eh KyCXm yle__article__strong\">Raul Reimanin<\/strong> s\u00e4velt\u00e4m\u00e4 ja sanoittama Puhtaat purjeet sijoittui viidenneksi, mutta j\u00e4i kansan mieliin pitk\u00e4ksi aikaa. Pelk\u00e4st\u00e4\u00e4n Mit\u00e4 Suomi soittaa -listalla laulu pysytteli noin vuoden ajan.<\/p>\n<p class=\"aw-1gybjub aw-1p7kakr kEtdKx cEmitX yle__article__paragraph\">Rexin pitk\u00e4aikainen yst\u00e4v\u00e4 ja soittajatoveri <strong class=\"aw-ak79eh KyCXm yle__article__strong\">Esa Tarvainen<\/strong> muistelee, miten kokkolalaiset muusikot olivat laajasti ylpeit\u00e4 Rexin menestyksest\u00e4.<\/p>\n<p class=\"aw-1gybjub aw-1p7kakr kEtdKx cEmitX yle__article__paragraph\">\u2013 Ei Rexi siit\u00e4 mit\u00e4\u00e4n el\u00e4m\u00e4\u00e4 pit\u00e4nyt, mutta me oltiin kaikki polleita, kun tunnettiin t\u00e4llainen TV-julkkis!<\/p>\n<p class=\"aw-1gybjub aw-1p7kakr kEtdKx cEmitX yle__article__paragraph\">Vuonna 1984 Rexi sai Suomen \u00e4\u00e4ni- ja kuvatallennetuottajat \u00c4KT:n my\u00f6nt\u00e4m\u00e4n Emma-palkinnon toisesta Syksyn S\u00e4vel -ehdokkaastaan Kun sen aika on. Laulun s\u00e4velsi <strong class=\"aw-ak79eh KyCXm yle__article__strong\">Veikko Samuli<\/strong> ja sanoitti taas Raul Reiman.<\/p>\n<p><img decoding=\"async\" alt=\"Mustavalkoisessa kuvassa nuori Esa Tarvainen ja Rexi eli Raimo Kero hymyilev\u00e4t lavalla.\" src=\"https:\/\/www.europesays.com\/fi\/wp-content\/uploads\/2025\/11\/39-1554791691ac651cc410.jpeg\" loading=\"lazy\" class=\"aw-1l9m598 hKVVvP\"\/><\/p>\n<p>Avaa kuvien katselu<\/p>\n<p>Esa Tarvainen (vas.) ja Rexi vuonna 1979. Tarvainen soitti my\u00f6hemmin useamman vuoden Rexin yhtyeess\u00e4. Kuva: Esa Tarvaisen kotialbumi<\/p>\n<p class=\"aw-1gybjub aw-1p7kakr kEtdKx cEmitX yle__article__paragraph\">Tarvaisen ja Rexin yst\u00e4vyys alkoi 1970-luvun alussa, kun Rexi oli viel\u00e4 myyj\u00e4n\u00e4 kokkolalaisessa Kiviahon musiikkikaupassa.<\/p>\n<p class=\"aw-1gybjub aw-1p7kakr kEtdKx cEmitX yle__article__paragraph\">\u2013 Hyv\u00e4n yst\u00e4v\u00e4ni <strong class=\"aw-ak79eh KyCXm yle__article__strong\">Kari Sallin<\/strong> kanssa k\u00e4vimme siin\u00e4 kaupassa koulusta jokaisella v\u00e4litunnilla pl\u00e4r\u00e4\u00e4m\u00e4ss\u00e4 levyj\u00e4. Rexi n\u00e4ki meid\u00e4n musiikki-innostuksemme ja oli aina auttavainen. Muutamaa vuotta my\u00f6hemmin ostin h\u00e4nelt\u00e4 ensimm\u00e4iset omat rummut.<\/p>\n<p class=\"aw-1gybjub aw-1p7kakr kEtdKx cEmitX yle__article__paragraph\">Esa Tarvaiselle yhteisilt\u00e4 keikkamatkoilta ovat j\u00e4\u00e4neet mieleen Rexin taidot tarinankertoja, mutta my\u00f6s h\u00e4nen laulu\u00e4\u00e4nens\u00e4 sek\u00e4 se, miten Rexi otti yleis\u00f6ns\u00e4.<\/p>\n<p class=\"aw-1gybjub aw-1p7kakr kEtdKx cEmitX yle__article__paragraph\">\u2013 Oli ihanaa soittaa Rexin kanssa, ja ihailin suuresti h\u00e4nen ammattitaitoaan ja laulamistaan. Ehk\u00e4 suuri yleis\u00f6 ei sittenk\u00e4\u00e4n t\u00e4ysin tajunnut, miten suuri laulaja Rexi oli.<\/p>\n","protected":false},"excerpt":{"rendered":"Pitk\u00e4n uran muusikkona tehnyt Rexi oli kuollessaan 77-vuotias. Avaa kuvien katselu Rexin RM-studioiden ensimm\u00e4inen single vuodelta 1981. Studiolla&hellip;\n","protected":false},"author":2,"featured_media":92467,"comment_status":"","ping_status":"","sticky":false,"template":"","format":"standard","meta":{"footnotes":""},"categories":[130],"tags":[137,33,31,30,1007,451,991,47,18190,32,3626,109],"class_list":{"0":"post-92466","1":"post","2":"type-post","3":"status-publish","4":"format-standard","5":"has-post-thumbnail","7":"category-viihde","8":"tag-entertainment","9":"tag-fi","10":"tag-finland","11":"tag-finnish","12":"tag-iskelmamusiikki","13":"tag-keski-pohjanmaa","14":"tag-kokkola","15":"tag-musiikki","16":"tag-rexi","17":"tag-suomi","18":"tag-syksyn-savel","19":"tag-viihde"},"share_on_mastodon":{"url":"https:\/\/pubeurope.com\/@fi\/115564999175666436","error":""},"_links":{"self":[{"href":"https:\/\/www.europesays.com\/fi\/wp-json\/wp\/v2\/posts\/92466","targetHints":{"allow":["GET"]}}],"collection":[{"href":"https:\/\/www.europesays.com\/fi\/wp-json\/wp\/v2\/posts"}],"about":[{"href":"https:\/\/www.europesays.com\/fi\/wp-json\/wp\/v2\/types\/post"}],"author":[{"embeddable":true,"href":"https:\/\/www.europesays.com\/fi\/wp-json\/wp\/v2\/users\/2"}],"replies":[{"embeddable":true,"href":"https:\/\/www.europesays.com\/fi\/wp-json\/wp\/v2\/comments?post=92466"}],"version-history":[{"count":0,"href":"https:\/\/www.europesays.com\/fi\/wp-json\/wp\/v2\/posts\/92466\/revisions"}],"wp:featuredmedia":[{"embeddable":true,"href":"https:\/\/www.europesays.com\/fi\/wp-json\/wp\/v2\/media\/92467"}],"wp:attachment":[{"href":"https:\/\/www.europesays.com\/fi\/wp-json\/wp\/v2\/media?parent=92466"}],"wp:term":[{"taxonomy":"category","embeddable":true,"href":"https:\/\/www.europesays.com\/fi\/wp-json\/wp\/v2\/categories?post=92466"},{"taxonomy":"post_tag","embeddable":true,"href":"https:\/\/www.europesays.com\/fi\/wp-json\/wp\/v2\/tags?post=92466"}],"curies":[{"name":"wp","href":"https:\/\/api.w.org\/{rel}","templated":true}]}}