{"id":92469,"date":"2025-11-17T12:21:10","date_gmt":"2025-11-17T12:21:10","guid":{"rendered":"https:\/\/www.europesays.com\/fi\/92469\/"},"modified":"2025-11-17T12:21:10","modified_gmt":"2025-11-17T12:21:10","slug":"marjorie-taylor-greene-muuttui-trump-kriitikoksi","status":"publish","type":"post","link":"https:\/\/www.europesays.com\/fi\/92469\/","title":{"rendered":"Marjorie Taylor Greene muuttui Trump-kriitikoksi"},"content":{"rendered":"<p>Yksi \u00e4\u00e4nekk\u00e4immist\u00e4 Trumpin tukijoista on nyt alkanut kritisoida presidentti\u00e4.<\/p>\n<p>Lue tiivistelm\u00e4<\/p>\n<p>Tiivistelm\u00e4 on teko\u00e4lyn tekem\u00e4 ja ihmisen tarkistama.<\/p>\n<p class=\"article-body mb-nof-24 px-nof-16 sndp-summary-bullet-point-font\">Republikaanien kongressiedustaja Marjorie Taylor Greene, joka on ollut yksi Trumpin uskollisimmista kannattajista, on pyyt\u00e4nyt anteeksi osallistumistaan jakavaan politiikkaan.<\/p>\n<p class=\"article-body mb-nof-24 px-nof-16 sndp-summary-bullet-point-font\">Greene on viime aikoina kritisoinut presidentti Donald Trumpin p\u00e4\u00e4t\u00f6ksi\u00e4 muun muassa siit\u00e4, ett\u00e4 Trump ei ole julkaissut Jeffrey Epsteiniin liittyvi\u00e4 asiakirjoja.<\/p>\n<p class=\"article-body mb-nof-24 px-nof-16 sndp-summary-bullet-point-font\">Trump ilmoitti maanantaina muuttaneensa mielens\u00e4 ja kehotti republikaaneja \u00e4\u00e4nest\u00e4m\u00e4\u00e4n asiakirjojen julkistamisen puolesta sen j\u00e4lkeen, kun Greene kutsui kieltoa valtavaksi laskelmointivirheeksi.<\/p>\n<p class=\"article-body mb-nof-24 px-nof-16 sndp-summary-bullet-point-font\">Greenen k\u00e4\u00e4nn\u00f6st\u00e4 pidet\u00e4\u00e4n merkkin\u00e4 siit\u00e4, ett\u00e4 republikaanipuolueen j\u00e4senet alkavat arvioida uudelleen Trumpin johtajuutta h\u00e4nen kannatuslukujensa laskiessa.<\/p>\n<p class=\"article-body mb-nof-24 px-nof-16\">Salaliittoteorioiden viljelyst\u00e4 tunnetuksi tullut republikaanien kongressiedustaja <a class=\"article-personlink\" href=\"https:\/\/www.is.fi\/haku\/?query=Marjorie%20Taylor%20Greene\" rel=\"nofollow noopener\" target=\"_blank\">Marjorie Taylor Greene <\/a>edusti pitk\u00e4\u00e4n henkeen ja vereen <a class=\"article-personlink\" href=\"https:\/\/www.is.fi\/haku\/?query=Donald%20Trumpin\" rel=\"nofollow noopener\" target=\"_blank\">Donald Trumpin<\/a> maga-liikett\u00e4 (Make America Great Again).<\/p>\n<p class=\"article-body mb-nof-24 px-nof-16\">Greene tunnettiin QAnon-salaliittoteorian kannattajana. <a class=\"article-genericlink\" href=\"https:\/\/www.is.fi\/ulkomaat\/art-2000010350844.html\" rel=\"nofollow noopener\" target=\"_blank\">Salaliittoteorian mukaan <\/a>kulissien takana Yhdysvaltoja ja maailmaa kontrolloi saatanaa palvovien pedofiilien muodostama valtaeliitti, jota vastaan Trump taistelee.<\/p>\n<p class=\"article-body mb-nof-24 px-nof-16\">Greene oli yksi \u00e4\u00e4nekk\u00e4immist\u00e4 demokraattien vastustajista, joka muun muassa buuasi \u00e4\u00e4nekk\u00e4\u00e4sti edellisen presidentin <a class=\"article-personlink\" href=\"https:\/\/www.is.fi\/haku\/?query=Joe%20Bidenin\" rel=\"nofollow noopener\" target=\"_blank\">Joe Bidenin <\/a>pit\u00e4ess\u00e4 Kansakunnan tila -puhetta.<\/p>\n<p class=\"article-body mb-nof-24 px-nof-16\">Nyt Marjorie Taylor Greene \u2013 tai MTG kuten h\u00e4net Yhdysvaltain mediassa tunnetaan \u2013 on pyyt\u00e4nyt anteeksi omaa rooliaan kansakuntaa jakavan politiikan tekemisess\u00e4, <a class=\"article-genericlink\" href=\"https:\/\/edition.cnn.com\/2025\/11\/17\/politics\/marjorie-taylor-greene-trump-epstein-analysis\" rel=\"nofollow noopener\" target=\"_blank\">kertoo CNN<\/a>.<\/p>\n<p class=\"article-body mb-nof-24 px-nof-16\">\u2013\u2009Haluaisin n\u00f6yr\u00e4sti pyyt\u00e4\u00e4 anteeksi osallistumistani myrkylliseen politiikkaan. Se on eritt\u00e4in haitallista maallemme, Greene sanoi CNN:n State of the Union -ohjelmassa.<\/p>\n<p class=\"article-body mb-nof-24 px-nof-16\">\u2013\u2009Olen viime aikoina ty\u00f6skennellyt paljon t\u00e4m\u00e4n asian parissa \u2013 poliittisten veitsien laskemiseksi. Haluan vain n\u00e4hd\u00e4 ihmisten olevan yst\u00e4v\u00e4llisi\u00e4 toisilleen. Meid\u00e4n on l\u00f6ydett\u00e4v\u00e4 uusi tie eteenp\u00e4in, joka keskittyy amerikkalaisiin. Koska amerikkalaisina, riippumatta siit\u00e4 kumpaa puoluetta kannatamme, meill\u00e4 on paljon enemm\u00e4n yhteist\u00e4 kuin eroja.<\/p>\n<p><img decoding=\"async\" src=\"https:\/\/www.europesays.com\/fi\/wp-content\/uploads\/2025\/11\/1763382069_139_468.jpg\" alt=\"Georgian osavaltiosta kongressiin valittu Marjorie Taylor Greene on esiintynyt \u00e4rh\u00e4k\u00e4sti edustajainhuoneessa.\" class=\"_Img_1rerz_1\" style=\"aspect-ratio:1.5\" loading=\"eager\"\/><\/p>\n<p class=\"article-picture-caption\">Georgian osavaltiosta kongressiin valittu Marjorie Taylor Greene on esiintynyt \u00e4rh\u00e4k\u00e4sti edustajainhuoneessa. Kuva:\u00a0Evelyn Hockstein \/ Reuters<\/p>\n<p class=\"article-body mb-nof-24 px-nof-16\">Republikaanisen puolueen oikeaa \u00e4\u00e4rilaitaa edustaneen Greenen t\u00e4ysk\u00e4\u00e4nn\u00f6s on her\u00e4tt\u00e4nyt tyrmistyneit\u00e4 reaktioita. Esimerkiksi viestipalvelu X:ss\u00e4 on jaettu Greenen uudenlaisia lausuntoja saatesanoilla: En voi uskoa olevani samaa mielt\u00e4 MTG:n kanssa.<\/p>\n<p class=\"article-body mb-nof-24 px-nof-16\">Tyrmistynyt on my\u00f6s presidentti Donald Trump, joka ilmaisi Truth Social-kanavallaan, ettei h\u00e4n en\u00e4\u00e4 tue Greene\u00e4. Trump kuvaili entist\u00e4 uskottua petturiksi. H\u00e4n kirjoitti \u201dsekop\u00e4isen Marjorien vain valittavan, valittavan ja valittavan\u201d.<\/p>\n<p class=\"article-body mb-nof-24 px-nof-16\">Miksi vuonna 2020 kongressiin valittu Greene on muuttanut mielens\u00e4, ja voiko se enteill\u00e4 Trumpin uskollisten tukijoiden horjumista laajemminkin?<\/p>\n<p class=\"article-body mb-nof-24 px-nof-16\">Greene kertoo konservatiivivaikuttaja <a class=\"article-personlink\" href=\"https:\/\/www.is.fi\/haku\/?query=Charlie%20Kirkin\" rel=\"nofollow noopener\" target=\"_blank\">Charlie Kirkin<\/a> murhan syyskuussa olleen h\u00e4nelle k\u00e4\u00e4nnekohta.<\/p>\n<p class=\"article-body mb-nof-24 px-nof-16\">Greene oli kuitenkin alkanut kritisoida Trumpin hallinnon p\u00e4\u00e4t\u00f6ksi\u00e4 jo aikaisemmin. Kritiikin keski\u00f6ss\u00e4 on ollut v\u00e4ite, ett\u00e4 Trump ei aseta Yhdysvaltoja ja sen kansalaisia ykk\u00f6seksi t\u00e4rkeysj\u00e4rjestyksess\u00e4. H\u00e4n on kritisoinut omaa puoluettaan siit\u00e4, ett\u00e4 se on pett\u00e4nyt t\u00e4rkeimm\u00e4n lupauksensa, joka oli tehd\u00e4 el\u00e4m\u00e4st\u00e4 edullisempaa tavallisille amerikkalaisille.<\/p>\n<p class=\"article-body mb-nof-24 px-nof-16\">Greene on toukokuun j\u00e4lkeen kritisoinut my\u00f6s Yhdysvaltain hallintosulkua, tukea Israelille ja kes\u00e4kuisia iskuja Iraniin, <a class=\"article-genericlink\" href=\"https:\/\/www.theguardian.com\/us-news\/2025\/nov\/15\/marjorie-taylor-greene-safety-trump\" rel=\"nofollow noopener\" target=\"_blank\">The Guardian<\/a> kuvailee.<\/p>\n<p class=\"article-body mb-nof-24 px-nof-16\">Ratkaisevaa oli kuitenkin maga-liikkeess\u00e4 voimakkaita tunteita her\u00e4tt\u00e4v\u00e4 <a class=\"article-personlink\" href=\"https:\/\/www.is.fi\/haku\/?query=Jeffrey%20Epsteinin\" rel=\"nofollow noopener\" target=\"_blank\">Jeffrey Epsteinin<\/a> tapaus. Maga-liikkeess\u00e4 on vaadittu Epsteiniin liittyvien asiakirjojen julkistamista.<\/p>\n<p><img decoding=\"async\" src=\"https:\/\/www.europesays.com\/fi\/wp-content\/uploads\/2025\/11\/1763382070_994_468.jpg\" alt=\"Marjorie Taylor Greene vaatii Epsteinin uhreille oikeutta asiakirjojen julkaisemisen kautta. Uhreja arvioidaan olevan yli tuhat.\" class=\"_Img_1rerz_1\" style=\"aspect-ratio:1.5\" loading=\"eager\"\/><\/p>\n<p class=\"article-picture-caption\">Marjorie Taylor Greene vaatii Epsteinin uhreille oikeutta asiakirjojen julkaisemisen kautta. Uhreja arvioidaan olevan yli tuhat. Kuva:\u00a0Jonathan Ernst \/ Reuters<\/p>\n<p class=\"article-body mb-nof-24 px-nof-16\">Epstein-kohu on osoittautunut Trumpin poliitikkouran suurimmaksi koetinkiveksi. Trumpin entinen yst\u00e4v\u00e4 Epstein tuomittiin seksuaalirikoksista ja h\u00e4nt\u00e4 ep\u00e4iltiin alaik\u00e4isten tytt\u00f6jen ihmiskaupasta. Epstein teki itsemurhan vankiselliss\u00e4 2019. H\u00e4neen on yhdistetty lukuisia merkkihenkil\u00f6it\u00e4.<\/p>\n<p class=\"article-body mb-nof-24 px-nof-16\">Presidentinvaalikampanjassa Trump lupasi julkaista asiakirjat, mutta kautensa aikana presidentti on ly\u00f6nyt liinat kiinni. Perjantaina Greene sanoi <a class=\"article-genericlink\" href=\"https:\/\/www.cbsnews.com\/news\/marjorie-taylor-greene-trump-epstein-files-interview\/\" rel=\"nofollow noopener\" target=\"_blank\">CBS:n haastattelussa<\/a>, ett\u00e4 Trumpin kielto julkistaa Epstein-aineisto on valtava laskelmointivirhe. H\u00e4n antoi samanlaisia kommentteja my\u00f6s <a class=\"article-genericlink\" href=\"https:\/\/www.politico.com\/news\/2025\/11\/14\/trump-greene-affordability-gop-00651581\" rel=\"nofollow noopener\" target=\"_blank\">Politicon<\/a> perjantaisessa haastattelussa.<\/p>\n<p class=\"article-body mb-nof-24 px-nof-16\">Maanantaina Trump ilmoitti, ett\u00e4 h\u00e4n oli muuttanut mielens\u00e4: h\u00e4n kehotti republikaaneja \u00e4\u00e4nest\u00e4m\u00e4\u00e4n asiakirjojen julkistamisen puolesta.<\/p>\n<p class=\"article-body mb-nof-24 px-nof-16\">T\u00e4ll\u00e4 hetkell\u00e4 Greenen lis\u00e4ksi kolme muuta republikaanien kongressiedustajaa on kertonut \u00e4\u00e4nest\u00e4v\u00e4ns\u00e4 julkaisemisen puolesta.<\/p>\n<p class=\"article-body mb-nof-24 px-nof-16\">Washingtonissa arvuutellaan nyt, onko Greenen k\u00e4\u00e4nn\u00f6ksess\u00e4 kyse poliittisesta strategiasta aikana, jolloin presidentti Trumpin kannatusluvut ovat laskussa.<\/p>\n<p class=\"article-body mb-nof-24 px-nof-16\">Greene on tyrm\u00e4nnyt t\u00e4m\u00e4n tulkinnan, ja h\u00e4n kertoo edelleen kannattavansa Trumpia.<\/p>\n<p class=\"article-body mb-nof-24 px-nof-16\">CNN:n mukaan Greenen kritiikki Trumpia kohtaan on vain viimeisin vihje siit\u00e4, ett\u00e4 republikaanisen puolueen j\u00e4senet ovat alkaneet arvioida uudelleen Trumpin k\u00e4ytt\u00e4ytymist\u00e4 ja sit\u00e4, miten se saattaa vaikuttaa heid\u00e4n kohtaloonsa sitten kun Trump ei en\u00e4\u00e4 hallitse puoluetta.<\/p>\n","protected":false},"excerpt":{"rendered":"Yksi \u00e4\u00e4nekk\u00e4immist\u00e4 Trumpin tukijoista on nyt alkanut kritisoida presidentti\u00e4. Lue tiivistelm\u00e4 Tiivistelm\u00e4 on teko\u00e4lyn tekem\u00e4 ja ihmisen tarkistama.&hellip;\n","protected":false},"author":2,"featured_media":92470,"comment_status":"","ping_status":"","sticky":false,"template":"","format":"standard","meta":{"footnotes":""},"categories":[14],"tags":[22,23,26,27,33,31,30,17,34,24,25,28,29,15,18,21,32,19,20,56,16,59,60,61],"class_list":{"0":"post-92469","1":"post","2":"type-post","3":"status-publish","4":"format-standard","5":"has-post-thumbnail","7":"category-ulkomaat","8":"tag-breaking-news","9":"tag-breakingnews","10":"tag-featured-news","11":"tag-featurednews","12":"tag-fi","13":"tag-finland","14":"tag-finnish","15":"tag-headlines","16":"tag-ilta-sanomat","17":"tag-latest-news","18":"tag-latestnews","19":"tag-main-news","20":"tag-mainnews","21":"tag-news","22":"tag-otsikot","23":"tag-paauutiset","24":"tag-suomi","25":"tag-top-stories","26":"tag-topstories","27":"tag-ulkomaat","28":"tag-uutiset","29":"tag-world","30":"tag-world-news","31":"tag-worldnews"},"share_on_mastodon":{"url":"https:\/\/pubeurope.com\/@fi\/115565015100013013","error":""},"_links":{"self":[{"href":"https:\/\/www.europesays.com\/fi\/wp-json\/wp\/v2\/posts\/92469","targetHints":{"allow":["GET"]}}],"collection":[{"href":"https:\/\/www.europesays.com\/fi\/wp-json\/wp\/v2\/posts"}],"about":[{"href":"https:\/\/www.europesays.com\/fi\/wp-json\/wp\/v2\/types\/post"}],"author":[{"embeddable":true,"href":"https:\/\/www.europesays.com\/fi\/wp-json\/wp\/v2\/users\/2"}],"replies":[{"embeddable":true,"href":"https:\/\/www.europesays.com\/fi\/wp-json\/wp\/v2\/comments?post=92469"}],"version-history":[{"count":0,"href":"https:\/\/www.europesays.com\/fi\/wp-json\/wp\/v2\/posts\/92469\/revisions"}],"wp:featuredmedia":[{"embeddable":true,"href":"https:\/\/www.europesays.com\/fi\/wp-json\/wp\/v2\/media\/92470"}],"wp:attachment":[{"href":"https:\/\/www.europesays.com\/fi\/wp-json\/wp\/v2\/media?parent=92469"}],"wp:term":[{"taxonomy":"category","embeddable":true,"href":"https:\/\/www.europesays.com\/fi\/wp-json\/wp\/v2\/categories?post=92469"},{"taxonomy":"post_tag","embeddable":true,"href":"https:\/\/www.europesays.com\/fi\/wp-json\/wp\/v2\/tags?post=92469"}],"curies":[{"name":"wp","href":"https:\/\/api.w.org\/{rel}","templated":true}]}}