{"id":92478,"date":"2025-11-17T12:39:08","date_gmt":"2025-11-17T12:39:08","guid":{"rendered":"https:\/\/www.europesays.com\/fi\/92478\/"},"modified":"2025-11-17T12:39:08","modified_gmt":"2025-11-17T12:39:08","slug":"nightwishin-faneille-upeita-uutisia-tata-on-odotettu","status":"publish","type":"post","link":"https:\/\/www.europesays.com\/fi\/92478\/","title":{"rendered":"Nightwishin faneille upeita uutisia \u2013 t\u00e4t\u00e4 on odotettu"},"content":{"rendered":"<p><strong>Tuomas Holopaisen<\/strong>\u00a0s\u00e4velt\u00e4m\u00e4\u00a0Yesterwynde Orchestral\u00a0-teos sai maailmanensi-iltansa Tampere-talossa elokuussa 2025. Nyt orkesteriteos saapuu Helsinkiin.<\/p>\n<p>Tampere-talossa viime elokuussa huippusuosion saavuttanut teos\u00a0esitettiin\u00a0kolmessa loppuunmyydyss\u00e4 salissa yhteens\u00e4 6000 kuulijalle. Teoksen esitt\u00e4v\u00e4t\u00a0Vantaan Viihdeorkesteri,\u00a0Tampereen Oopperan kuoro\u00a0sek\u00e4\u00a0lapsikuoro, joka on koottu\u00a0Pirkanpojista, Sympaatista ja Tactuksesta,\u00a0kapellimestarina <strong>Eero Lehtim\u00e4ki<\/strong>.<\/p>\n<p>Lue my\u00f6s: <a href=\"https:\/\/www.como.fi\/uutiset\/anette-olzonin-salaiset-paivakirjat-nightwish-vuosilta-julki\/\" title=\"Anette Olzonin salaiset p\u00e4iv\u00e4kirjat Nightwish-vuosilta julki\" class=\"underline-custom !font-montserrat !font-bold !underline-offset-4 !decoration-4 !decoration-red-600 !text-md\" rel=\"nofollow noopener\" target=\"_blank\">Anette Olzonin salaiset p\u00e4iv\u00e4kirjat Nightwish-vuosilta julki<\/a><\/p>\n<p>Lue my\u00f6s: <a href=\"https:\/\/www.como.fi\/uutiset\/nightwishin-tuomas-holopaisen-jattipaljastus-tama-biisi-oli-lahtolaukaus-nightwishin-syntymiselle\/\" title=\"Nightwishin Tuomas Holopaisen j\u00e4ttipaljastus: \u201dT\u00e4m\u00e4 biisi oli l\u00e4ht\u00f6laukaus Nightwishin syntymiselle\u201d\" class=\"underline-custom !font-montserrat !font-bold !underline-offset-4 !decoration-4 !decoration-red-600 !text-md\" rel=\"nofollow noopener\" target=\"_blank\">Nightwishin Tuomas Holopaisen j\u00e4ttipaljastus: \u201dT\u00e4m\u00e4 biisi oli l\u00e4ht\u00f6laukaus Nightwishin syntymiselle\u201d<\/a><\/p>\n<p>Nightwishin\u00a0edelliseen Yesterwynde-albumiin perustuva sinfoninen konsertti kuullaan\u00a0Helsingin Musiikkitalossa lauantaina 21. maaliskuuta 2026\u00a0kahdesti: klo 16 ja klo 19.\u00a0Liput tulevat myyntiin perjantaina 21. marraskuuta klo 10 Musiikkitalon sivuilla <a href=\"https:\/\/musiikkitalo.fi\/\" rel=\"nofollow noopener\" target=\"_blank\">t\u00e4\u00e4ll\u00e4<\/a>.<\/p>\n<p>Lue my\u00f6s: <a href=\"https:\/\/www.como.fi\/tilaa-comon-uutiskirje\/\" title=\"Tilaa Comon uutiskirje ja tied\u00e4t mist\u00e4 kahvitauolla puhutaan! Nappaa kotimaan tv-vinkit ja puheenaiheet suoraan s\u00e4hk\u00f6postiin t\u00e4st\u00e4.\" class=\"underline-custom !font-montserrat !font-bold !underline-offset-4 !decoration-4 !decoration-red-600 !text-md\" rel=\"nofollow noopener\" target=\"_blank\">Tilaa Comon uutiskirje ja tied\u00e4t mist\u00e4 kahvitauolla puhutaan! Nappaa kotimaan tv-vinkit ja puheenaiheet suoraan s\u00e4hk\u00f6postiin t\u00e4st\u00e4.<\/a><\/p>\n","protected":false},"excerpt":{"rendered":"Tuomas Holopaisen\u00a0s\u00e4velt\u00e4m\u00e4\u00a0Yesterwynde Orchestral\u00a0-teos sai maailmanensi-iltansa Tampere-talossa elokuussa 2025. Nyt orkesteriteos saapuu Helsinkiin. Tampere-talossa viime elokuussa huippusuosion saavuttanut teos\u00a0esitettiin\u00a0kolmessa&hellip;\n","protected":false},"author":2,"featured_media":92479,"comment_status":"","ping_status":"","sticky":false,"template":"","format":"standard","meta":{"footnotes":""},"categories":[132],"tags":[137,33,31,30,195,47,9984,32,109],"class_list":{"0":"post-92478","1":"post","2":"type-post","3":"status-publish","4":"format-standard","5":"has-post-thumbnail","7":"category-musiikki","8":"tag-entertainment","9":"tag-fi","10":"tag-finland","11":"tag-finnish","12":"tag-music","13":"tag-musiikki","14":"tag-nightwish","15":"tag-suomi","16":"tag-viihde"},"share_on_mastodon":{"url":"https:\/\/pubeurope.com\/@fi\/115565085666073322","error":""},"_links":{"self":[{"href":"https:\/\/www.europesays.com\/fi\/wp-json\/wp\/v2\/posts\/92478","targetHints":{"allow":["GET"]}}],"collection":[{"href":"https:\/\/www.europesays.com\/fi\/wp-json\/wp\/v2\/posts"}],"about":[{"href":"https:\/\/www.europesays.com\/fi\/wp-json\/wp\/v2\/types\/post"}],"author":[{"embeddable":true,"href":"https:\/\/www.europesays.com\/fi\/wp-json\/wp\/v2\/users\/2"}],"replies":[{"embeddable":true,"href":"https:\/\/www.europesays.com\/fi\/wp-json\/wp\/v2\/comments?post=92478"}],"version-history":[{"count":0,"href":"https:\/\/www.europesays.com\/fi\/wp-json\/wp\/v2\/posts\/92478\/revisions"}],"wp:featuredmedia":[{"embeddable":true,"href":"https:\/\/www.europesays.com\/fi\/wp-json\/wp\/v2\/media\/92479"}],"wp:attachment":[{"href":"https:\/\/www.europesays.com\/fi\/wp-json\/wp\/v2\/media?parent=92478"}],"wp:term":[{"taxonomy":"category","embeddable":true,"href":"https:\/\/www.europesays.com\/fi\/wp-json\/wp\/v2\/categories?post=92478"},{"taxonomy":"post_tag","embeddable":true,"href":"https:\/\/www.europesays.com\/fi\/wp-json\/wp\/v2\/tags?post=92478"}],"curies":[{"name":"wp","href":"https:\/\/api.w.org\/{rel}","templated":true}]}}