{"id":92488,"date":"2025-11-17T12:47:08","date_gmt":"2025-11-17T12:47:08","guid":{"rendered":"https:\/\/www.europesays.com\/fi\/92488\/"},"modified":"2025-11-17T12:47:08","modified_gmt":"2025-11-17T12:47:08","slug":"macron-ja-zelenskyi-allekirjoittivat-aiesopimuksen-havittajakaupoista-uutissuomalainen-2","status":"publish","type":"post","link":"https:\/\/www.europesays.com\/fi\/92488\/","title":{"rendered":"Macron ja Zelenskyi allekirjoittivat aiesopimuksen h\u00e4vitt\u00e4j\u00e4kaupoista | Uutissuomalainen"},"content":{"rendered":"<p>Ranskan presidentti Emmanuel Macron ja Ukrainan presidentti Volodymyr Zelenskyi ovat allekirjoittaneet aiesopimuksen ranskalaisten Rafale-h\u00e4vitt\u00e4jien ja muun ilmapuolustuskaluston hankkimisesta Ukrainalle. Asiasta kertoo Ranskan presidentin kanslia.<\/p>\n<p>Aiesopimus koskee enimmill\u00e4\u00e4n sataa Rafale-h\u00e4vitt\u00e4j\u00e4\u00e4 ja niiden aseistusta sek\u00e4 drooneja, tutkaj\u00e4rjestelmi\u00e4 ja kehitteill\u00e4 olevaa uuden sukupolven SAMP\/T-ilmapuolustusj\u00e4rjestelm\u00e4\u00e4.<\/p>\n<p>Villacoublayn lentotukikohdassa solmitussa sopimuksessa ei viel\u00e4 sovittu mit\u00e4\u00e4n itse hankinnoista tai niiden toimitusaikataulusta. Presidentin kanslian mukaan toimitukset tapahtuisivat tulevan vuosikymmenen aikana.<\/p>\n<p>Zelenskyi kuvaili sopimusta sosiaalisessa mediassa historialliseksi, ja Macron puolestaan sanoi, ett\u00e4 kyseess\u00e4 on suuri p\u00e4iv\u00e4.<\/p>\n<p>Zelenskyi teki viime kuussa samantyyppisen aiesopimuksen Ruotsin kanssa 100\u2013150 Gripen-h\u00e4vitt\u00e4j\u00e4n hankkimisesta.<\/p>\n<p>\t\t\t\tEdess\u00e4 raskas talvi<\/p>\n<p>Ukrainalla on sotaa tarkkailevien asiantuntijoiden mukaan edess\u00e4 kova sotatalvi. Ven\u00e4j\u00e4 on j\u00e4lleen kiihdytt\u00e4nyt iskujaan Ukrainan energiainfrastruktuuria vastaan, mik\u00e4 on tarkoittanut toistuvia s\u00e4hk\u00f6- ja l\u00e4mmityskatkoksia ymp\u00e4ri maata.<\/p>\n<p>Lis\u00e4ksi Ven\u00e4j\u00e4n joukot ovat koko ajan jatkaneet hidasta hivuttautumistaan eteenp\u00e4in varsinkin it\u00e4rintamalla. Ven\u00e4j\u00e4n puolustusministeri\u00f6 kertoi maanantaina joukkojen vallanneen j\u00e4lleen kolme uutta kyl\u00e4\u00e4 It\u00e4-Ukrainasta. Lis\u00e4ksi ainakin kolme ihmist\u00e4 sai surmansa maanantain vastaisena y\u00f6n\u00e4 Harkovan alueelle tehdyiss\u00e4 ilmaiskuissa Ukrainassa, kertoi alueen sotilashallinto.<\/p>\n<p>Ven\u00e4j\u00e4 hy\u00f6kk\u00e4si Ukrainaan helmikuussa 2022.<\/p>\n","protected":false},"excerpt":{"rendered":"Ranskan presidentti Emmanuel Macron ja Ukrainan presidentti Volodymyr Zelenskyi ovat allekirjoittaneet aiesopimuksen ranskalaisten Rafale-h\u00e4vitt\u00e4jien ja muun ilmapuolustuskaluston hankkimisesta&hellip;\n","protected":false},"author":2,"featured_media":92489,"comment_status":"","ping_status":"","sticky":false,"template":"","format":"standard","meta":{"footnotes":""},"categories":[14],"tags":[802,22,23,26,27,33,31,30,863,17,2592,24,25,28,29,15,18,21,142,637,2535,32,19,20,2534,56,16,59,60,61],"class_list":{"0":"post-92488","1":"post","2":"type-post","3":"status-publish","4":"format-standard","5":"has-post-thumbnail","7":"category-ulkomaat","8":"tag-armeijat-ja-aseelliset-joukot","9":"tag-breaking-news","10":"tag-breakingnews","11":"tag-featured-news","12":"tag-featurednews","13":"tag-fi","14":"tag-finland","15":"tag-finnish","16":"tag-hallitus","17":"tag-headlines","18":"tag-ilmapuolustus","19":"tag-latest-news","20":"tag-latestnews","21":"tag-main-news","22":"tag-mainnews","23":"tag-news","24":"tag-otsikot","25":"tag-paauutiset","26":"tag-poliitikot","27":"tag-politiikka","28":"tag-puolustuspolitiikka","29":"tag-suomi","30":"tag-top-stories","31":"tag-topstories","32":"tag-turvallisuuspolitiikka","33":"tag-ulkomaat","34":"tag-uutiset","35":"tag-world","36":"tag-world-news","37":"tag-worldnews"},"share_on_mastodon":{"url":"https:\/\/pubeurope.com\/@fi\/115565117098526629","error":""},"_links":{"self":[{"href":"https:\/\/www.europesays.com\/fi\/wp-json\/wp\/v2\/posts\/92488","targetHints":{"allow":["GET"]}}],"collection":[{"href":"https:\/\/www.europesays.com\/fi\/wp-json\/wp\/v2\/posts"}],"about":[{"href":"https:\/\/www.europesays.com\/fi\/wp-json\/wp\/v2\/types\/post"}],"author":[{"embeddable":true,"href":"https:\/\/www.europesays.com\/fi\/wp-json\/wp\/v2\/users\/2"}],"replies":[{"embeddable":true,"href":"https:\/\/www.europesays.com\/fi\/wp-json\/wp\/v2\/comments?post=92488"}],"version-history":[{"count":0,"href":"https:\/\/www.europesays.com\/fi\/wp-json\/wp\/v2\/posts\/92488\/revisions"}],"wp:featuredmedia":[{"embeddable":true,"href":"https:\/\/www.europesays.com\/fi\/wp-json\/wp\/v2\/media\/92489"}],"wp:attachment":[{"href":"https:\/\/www.europesays.com\/fi\/wp-json\/wp\/v2\/media?parent=92488"}],"wp:term":[{"taxonomy":"category","embeddable":true,"href":"https:\/\/www.europesays.com\/fi\/wp-json\/wp\/v2\/categories?post=92488"},{"taxonomy":"post_tag","embeddable":true,"href":"https:\/\/www.europesays.com\/fi\/wp-json\/wp\/v2\/tags?post=92488"}],"curies":[{"name":"wp","href":"https:\/\/api.w.org\/{rel}","templated":true}]}}