{"id":92612,"date":"2025-11-17T15:44:10","date_gmt":"2025-11-17T15:44:10","guid":{"rendered":"https:\/\/www.europesays.com\/fi\/92612\/"},"modified":"2025-11-17T15:44:10","modified_gmt":"2025-11-17T15:44:10","slug":"youtube-tahti-jake-paul-haastaa-raskaansarjan-ex-maailmanmestari-joshuan-ei-tekoalyn-simulaatio-vaan-tuomiopaiva-urheilua-lyhyesti","status":"publish","type":"post","link":"https:\/\/www.europesays.com\/fi\/92612\/","title":{"rendered":"YouTube-t\u00e4hti Jake Paul haastaa raskaansarjan ex-maailmanmestari Joshuan \u2013 \u201dEi teko\u00e4lyn simulaatio, vaan tuomiop\u00e4iv\u00e4\u201d | Urheilua lyhyesti"},"content":{"rendered":"<p class=\"aw-1gybjub aw-5vja16 kEtdKx kmuxyA yle__article__paragraph\">Anthony Joshua ei ole otellut viime syyskuun j\u00e4lkeen, jolloin Daniel Dubois tyrm\u00e4si h\u00e4net raskaansarjan IBF-titteliottelussa Wembleylla.<\/p>\n<p><img decoding=\"async\" alt=\"Jake Paul ja Mike Tyson.\" src=\"https:\/\/www.europesays.com\/fi\/wp-content\/uploads\/2025\/11\/39-13811626738ad6c47fe6.jpeg\" class=\"aw-1l9m598 hKVVvP\"\/><\/p>\n<p>Avaa kuvien katselu<\/p>\n<p>Jake Paul voitti ex-maailmanmestarin, 31 vuotta vanhemman Mike Tysonin vuosi sitten. Kuva: Stella Pictures \/ DDP \/ Abaca Press<\/p>\n<p class=\"aw-1gybjub aw-1p7kakr kEtdKx cEmitX yle__article__paragraph\">YouTube-t\u00e4hti <strong class=\"aw-ak79eh KyCXm yle__article__strong\">Jake Paul<\/strong>, 28, kohtaa entisen raskaansarjan maailmanmestarin <strong class=\"aw-ak79eh KyCXm yle__article__strong\">Anthony Joshuan<\/strong>, 36, Miamissa ensi kuussa, tiedotti Matchroom Boxing maanantaina.<\/p>\n<p class=\"aw-1gybjub aw-1p7kakr kEtdKx cEmitX yle__article__paragraph\">Ottelu YouTubesta nyrkkeilij\u00e4ksi siirtyneen Paulin ja 36-vuotiaan kaksinkertaisen maailmanmestarin Joshuan v\u00e4lill\u00e4 k\u00e4yd\u00e4\u00e4n Kaseya Centeriss\u00e4 Floridassa 19. joulukuuta.<\/p>\n<p class=\"aw-1gybjub aw-1p7kakr kEtdKx cEmitX yle__article__paragraph\">Ottelu l\u00e4hetet\u00e4\u00e4n suorana Netflixiss\u00e4. Se koostuu kahdeksasta kolmen minuutin er\u00e4st\u00e4.<\/p>\n<p class=\"aw-1gybjub aw-1p7kakr kEtdKx cEmitX yle__article__paragraph\">Yhdysvaltalainen otti yksimielisen pistevoiton <strong class=\"aw-ak79eh KyCXm yle__article__strong\">Julio Cesar Chavez Jr:sta<\/strong> kes\u00e4kuussa, ja h\u00e4nen oli m\u00e4\u00e4r\u00e4 otella <strong class=\"aw-ak79eh KyCXm yle__article__strong\">Gervonta Davisia<\/strong> vastaan t\u00e4ss\u00e4 kuussa, mutta ottelu peruttiin, kun WBA-kevytsarjan mestaria vastaan nostettiin siviilikanne.<\/p>\n<p class=\"aw-1gybjub aw-1p7kakr kEtdKx cEmitX yle__article__paragraph\">Paul, jonka ottelutilasto on 12 voittoa ja 1 tappio, voitti nyrkkeilyn raskaansarjan legendan <strong class=\"aw-ak79eh KyCXm yle__article__strong\">Mike Tysonin<\/strong> marraskuussa 2024.<\/p>\n<p><img decoding=\"async\" alt=\"Yhdysvaltalainen somet\u00e4hti Jake Paul (oik.) p\u00e4ihitti nyrkkeilykeh\u00e4ss\u00e4 entisen keskisarjan mestarin Julio Cesar Chavez Jr:n 29.6. 2025.\" src=\"https:\/\/www.europesays.com\/fi\/wp-content\/uploads\/2025\/11\/39-14873086860ffcb22442.jpeg\" class=\"aw-1l9m598 hKVVvP\"\/><\/p>\n<p class=\"aw-1gybjub aw-1p7kakr kEtdKx cEmitX yle__article__paragraph\">\u2013 T\u00e4m\u00e4 ei ole teko\u00e4lyn simulaatio, vaan tuomiop\u00e4iv\u00e4, Paul sanoi.<\/p>\n<p class=\"aw-1gybjub aw-1p7kakr kEtdKx cEmitX yle__article__paragraph\">\u2013 Ammattilaisraskassarjan ottelu eliittitason maailmanmestaria vastaan h\u00e4nen huippuvuosinaan. Kun voitan Anthony Joshuan, kaikki ep\u00e4ilykset katoavat, eik\u00e4 kukaan voi ev\u00e4t\u00e4 minulta mahdollisuutta otella maailmanmestaruudesta.<\/p>\n<p class=\"aw-1gybjub aw-1p7kakr kEtdKx cEmitX yle__article__paragraph\">\u2013 Kaikille vihaajilleni: t\u00e4t\u00e4 te halusitte. Iso-Britannian kansa, olen pahoillani. Perjantaina 19. joulukuuta, Miamin valoissa\u2026 soihtu vaihtaa kantajaa ja Britannian Goljat laitetaan nukkumaan, julisti Paul.<\/p>\n<p><img decoding=\"async\" alt=\"Anthony Joshua h\u00e4visi Daniel Duboisille Wembleyll\u00e4 syyskuussa 2024.\" src=\"https:\/\/www.europesays.com\/fi\/wp-content\/uploads\/2025\/11\/39-135220866ef889ccfcaf.jpeg\" class=\"aw-1l9m598 hKVVvP\"\/><\/p>\n<p class=\"aw-1gybjub aw-1p7kakr kEtdKx cEmitX yle__article__paragraph\">Joshua sanoi ottelun olevan &#8217;iso mahdollisuus&#8217;.<\/p>\n<p class=\"aw-1gybjub aw-1p7kakr kEtdKx cEmitX yle__article__paragraph\">\u2013 Pidit siit\u00e4 tai et, olen t\u00e4\u00e4ll\u00e4 tekem\u00e4ss\u00e4 huikeita katsojalukuja, isoja otteluita ja rikkomassa kaikki enn\u00e4tykset s\u00e4ilytt\u00e4m\u00e4ll\u00e4 silti viile\u00e4n rauhallisuuden, h\u00e4n sanoi.<\/p>\n<p class=\"aw-1gybjub aw-1p7kakr kEtdKx cEmitX yle__article__paragraph\">\u2013 Uskokaa pois, tulette n\u00e4kem\u00e4\u00e4n tulevaisuudessa paljon enemm\u00e4n nyrkkeilij\u00f6it\u00e4 tarttumassa t\u00e4llaisiin mahdollisuuksiin. Olen aikeissa rikkoa internetin Jake Paulin kustannuksella.<\/p>\n<p><img decoding=\"async\" alt=\"Jake Paul ly\u00f6 Mike Tysonia.\" src=\"https:\/\/www.europesays.com\/fi\/wp-content\/uploads\/2025\/11\/39-13810646738300a129af.jpeg\" class=\"aw-1l9m598 hKVVvP\"\/><\/p>\n","protected":false},"excerpt":{"rendered":"Anthony Joshua ei ole otellut viime syyskuun j\u00e4lkeen, jolloin Daniel Dubois tyrm\u00e4si h\u00e4net raskaansarjan IBF-titteliottelussa Wembleylla. Avaa kuvien&hellip;\n","protected":false},"author":2,"featured_media":92613,"comment_status":"","ping_status":"","sticky":false,"template":"","format":"standard","meta":{"footnotes":""},"categories":[158],"tags":[18352,33,31,30,8355,3270,18354,18353,159,32,160],"class_list":{"0":"post-92612","1":"post","2":"type-post","3":"status-publish","4":"format-standard","5":"has-post-thumbnail","7":"category-urheilu","8":"tag-anthony-joshua","9":"tag-fi","10":"tag-finland","11":"tag-finnish","12":"tag-jake-paul","13":"tag-nyrkkeily","14":"tag-nyrkkeilykeha","15":"tag-nyrkkeilytapahtuma","16":"tag-sports","17":"tag-suomi","18":"tag-urheilu"},"share_on_mastodon":{"url":"https:\/\/pubeurope.com\/@fi\/115565813384895781","error":""},"_links":{"self":[{"href":"https:\/\/www.europesays.com\/fi\/wp-json\/wp\/v2\/posts\/92612","targetHints":{"allow":["GET"]}}],"collection":[{"href":"https:\/\/www.europesays.com\/fi\/wp-json\/wp\/v2\/posts"}],"about":[{"href":"https:\/\/www.europesays.com\/fi\/wp-json\/wp\/v2\/types\/post"}],"author":[{"embeddable":true,"href":"https:\/\/www.europesays.com\/fi\/wp-json\/wp\/v2\/users\/2"}],"replies":[{"embeddable":true,"href":"https:\/\/www.europesays.com\/fi\/wp-json\/wp\/v2\/comments?post=92612"}],"version-history":[{"count":0,"href":"https:\/\/www.europesays.com\/fi\/wp-json\/wp\/v2\/posts\/92612\/revisions"}],"wp:featuredmedia":[{"embeddable":true,"href":"https:\/\/www.europesays.com\/fi\/wp-json\/wp\/v2\/media\/92613"}],"wp:attachment":[{"href":"https:\/\/www.europesays.com\/fi\/wp-json\/wp\/v2\/media?parent=92612"}],"wp:term":[{"taxonomy":"category","embeddable":true,"href":"https:\/\/www.europesays.com\/fi\/wp-json\/wp\/v2\/categories?post=92612"},{"taxonomy":"post_tag","embeddable":true,"href":"https:\/\/www.europesays.com\/fi\/wp-json\/wp\/v2\/tags?post=92612"}],"curies":[{"name":"wp","href":"https:\/\/api.w.org\/{rel}","templated":true}]}}