{"id":92614,"date":"2025-11-17T15:45:09","date_gmt":"2025-11-17T15:45:09","guid":{"rendered":"https:\/\/www.europesays.com\/fi\/92614\/"},"modified":"2025-11-17T15:45:09","modified_gmt":"2025-11-17T15:45:09","slug":"melkoinen-comebach-saksalaissaveltajan-urkuteoksia-kuultiin-ensimmaista-kertaa-320-vuoteen-uutisia-lyhyesti","status":"publish","type":"post","link":"https:\/\/www.europesays.com\/fi\/92614\/","title":{"rendered":"Melkoinen \u201dcomebach\u201d: saksalais\u00ads\u00e4velt\u00e4j\u00e4n urku\u00adteoksia kuultiin ensimm\u00e4ist\u00e4 kertaa 320 vuoteen | Uutisia lyhyesti"},"content":{"rendered":"<p class=\"aw-1gybjub aw-5vja16 kEtdKx kmuxyA yle__article__paragraph\">Johann Sebastian Bachin uudet l\u00f6yd\u00f6kset esitettiin suorassa l\u00e4hetyksess\u00e4 Leipzigin Tuomaan kirkossa.<\/p>\n<p><img decoding=\"async\" alt=\"E.G. Haussmannin maalaus Johan Sebastian Bachista.\" src=\"https:\/\/www.europesays.com\/fi\/wp-content\/uploads\/2025\/11\/39-1555282691b3ff29bce7.jpeg\" class=\"aw-1l9m598 hKVVvP\"\/><\/p>\n<p>Avaa kuvien katselu<\/p>\n<p>E.G. Haussmannin maalaus Johan Sebastian Bachista. Kuva: AOP<\/p>\n<p class=\"aw-1gybjub aw-1p7kakr kEtdKx cEmitX yle__article__paragraph\">Saksalaisen s\u00e4velt\u00e4j\u00e4n <strong class=\"aw-ak79eh KyCXm yle__article__strong\">Johann Sebastian Bachin<\/strong> teosluettelo kasvoi maanantaina kahdella urkuteoksella. Leipzigin Bach-arkiston tiedotteen mukaan arkiston johtaja ja Bach-tutkija <strong class=\"aw-ak79eh KyCXm yle__article__strong\">Peter Wollny<\/strong> on onnistunut tunnistamaan kaksi aiemmin anonyymia urkuteosta Bachin s\u00e4vellyksiksi.<\/p>\n<p class=\"aw-1gybjub aw-1p7kakr kEtdKx cEmitX yle__article__paragraph\">Bachin uudet l\u00f6yd\u00f6kset esitettiin suorassa l\u00e4hetyksess\u00e4 Leipzigin Tuomaan kirkossa. Bach-arkiston mukaan teokset esitettiin ensimm\u00e4ist\u00e4 kertaa 320 vuoteen.<\/p>\n<p class=\"aw-1gybjub aw-1p7kakr kEtdKx cEmitX yle__article__paragraph\">Wollny l\u00f6ysi nyt Bachille tunnistetut teokset, Ciacona d-molli, BWV 1178, ja Ciacona g-molli, BWV 1179, jo yli 30 vuotta sitten Belgian kuninkaallisesta kirjastosta. Tutkimusty\u00f6 on kuitenkin vaatinut aikansa.<\/p>\n<p class=\"aw-1gybjub aw-1p7kakr kEtdKx cEmitX yle__article__paragraph\">Tunnistus tapahtui osana BACH Research Portal -hanketta, joka on Saksan tiedeakatemian ja Leipzigin humanistisen akatemian tutkimusprojekti, jonka my\u00f6t\u00e4 nyt ensimm\u00e4ist\u00e4 kertaa kaikki Bachin muusikkosuvun arkistoaineistot avataan ja tehd\u00e4\u00e4n julkisesti saataville digitaalisessa muodossa.<\/p>\n<p class=\"aw-1gybjub aw-1p7kakr kEtdKx cEmitX yle__article__paragraph\">Johann Sebastian Bach syntyi Saksan Eisenachissa vuonna 1685 ja kuoli Leipzigissa 1750. H\u00e4net tunnetaan muun muassa kuoroteoksistaan Matteus-passio ja Jouluoratorio.<\/p>\n","protected":false},"excerpt":{"rendered":"Johann Sebastian Bachin uudet l\u00f6yd\u00f6kset esitettiin suorassa l\u00e4hetyksess\u00e4 Leipzigin Tuomaan kirkossa. Avaa kuvien katselu E.G. Haussmannin maalaus Johan&hellip;\n","protected":false},"author":2,"featured_media":92615,"comment_status":"","ping_status":"","sticky":false,"template":"","format":"standard","meta":{"footnotes":""},"categories":[130],"tags":[137,33,31,30,18355,3147,108,47,3911,32,109],"class_list":{"0":"post-92614","1":"post","2":"type-post","3":"status-publish","4":"format-standard","5":"has-post-thumbnail","7":"category-viihde","8":"tag-entertainment","9":"tag-fi","10":"tag-finland","11":"tag-finnish","12":"tag-johann-sebastian-bach","13":"tag-klassinen-musiikki","14":"tag-kulttuuri","15":"tag-musiikki","16":"tag-saksa","17":"tag-suomi","18":"tag-viihde"},"share_on_mastodon":{"url":"https:\/\/pubeurope.com\/@fi\/115565816936743568","error":""},"_links":{"self":[{"href":"https:\/\/www.europesays.com\/fi\/wp-json\/wp\/v2\/posts\/92614","targetHints":{"allow":["GET"]}}],"collection":[{"href":"https:\/\/www.europesays.com\/fi\/wp-json\/wp\/v2\/posts"}],"about":[{"href":"https:\/\/www.europesays.com\/fi\/wp-json\/wp\/v2\/types\/post"}],"author":[{"embeddable":true,"href":"https:\/\/www.europesays.com\/fi\/wp-json\/wp\/v2\/users\/2"}],"replies":[{"embeddable":true,"href":"https:\/\/www.europesays.com\/fi\/wp-json\/wp\/v2\/comments?post=92614"}],"version-history":[{"count":0,"href":"https:\/\/www.europesays.com\/fi\/wp-json\/wp\/v2\/posts\/92614\/revisions"}],"wp:featuredmedia":[{"embeddable":true,"href":"https:\/\/www.europesays.com\/fi\/wp-json\/wp\/v2\/media\/92615"}],"wp:attachment":[{"href":"https:\/\/www.europesays.com\/fi\/wp-json\/wp\/v2\/media?parent=92614"}],"wp:term":[{"taxonomy":"category","embeddable":true,"href":"https:\/\/www.europesays.com\/fi\/wp-json\/wp\/v2\/categories?post=92614"},{"taxonomy":"post_tag","embeddable":true,"href":"https:\/\/www.europesays.com\/fi\/wp-json\/wp\/v2\/tags?post=92614"}],"curies":[{"name":"wp","href":"https:\/\/api.w.org\/{rel}","templated":true}]}}