{"id":92616,"date":"2025-11-17T15:48:12","date_gmt":"2025-11-17T15:48:12","guid":{"rendered":"https:\/\/www.europesays.com\/fi\/92616\/"},"modified":"2025-11-17T15:48:12","modified_gmt":"2025-11-17T15:48:12","slug":"mari-kauppapaikan-kayttoonottoaikataulu-tarkentunut-fingrid-oyj","status":"publish","type":"post","link":"https:\/\/www.europesays.com\/fi\/92616\/","title":{"rendered":"MARI-kauppapaikan k\u00e4ytt\u00f6\u00f6nottoaikataulu tarkentunut | Fingrid Oyj"},"content":{"rendered":"<p>Fingrid selvitt\u00e4\u00e4 kantaverkkomaksurakenteen uudistamista verkon k\u00e4yt\u00f6n tehostamiseksi14.11.2025 09:57:44 EET | Tiedote<\/p>\n<p class=\"latest-release__LatestReleaseContent-sc-8cce5y-3 elatGA\">Fingrid on ty\u00f6st\u00e4nyt jatkoa kes\u00e4n 2024 muutosehdotuksille kantaverkkomaksujen rakenteeseen. Uudessa julkaisussa esitet\u00e4\u00e4n kantaverkkopalvelumaksujen eli kantaverkon siirtomaksujen kehitysehdotuksia ja tehd\u00e4\u00e4n tilannep\u00e4ivitys aiempiin muutosehdotuksiin. Sidosryhmilt\u00e4 toivotaan n\u00e4kemyksi\u00e4 ehdotuksista niiden jatkoty\u00f6st\u00e4 varten; palautetta voi j\u00e4tt\u00e4\u00e4 tammikuun 2026 loppuun asti.<\/p>\n","protected":false},"excerpt":{"rendered":"Fingrid selvitt\u00e4\u00e4 kantaverkkomaksurakenteen uudistamista verkon k\u00e4yt\u00f6n tehostamiseksi14.11.2025 09:57:44 EET | Tiedote Fingrid on ty\u00f6st\u00e4nyt jatkoa kes\u00e4n 2024 muutosehdotuksille&hellip;\n","protected":false},"author":2,"featured_media":92617,"comment_status":"","ping_status":"","sticky":false,"template":"","format":"standard","meta":{"footnotes":""},"categories":[76],"tags":[79,77,33,31,30,32,78],"class_list":{"0":"post-92616","1":"post","2":"type-post","3":"status-publish","4":"format-standard","5":"has-post-thumbnail","7":"category-talous","8":"tag-business","9":"tag-economy","10":"tag-fi","11":"tag-finland","12":"tag-finnish","13":"tag-suomi","14":"tag-talous"},"share_on_mastodon":{"url":"https:\/\/pubeurope.com\/@fi\/115565828882238954","error":""},"_links":{"self":[{"href":"https:\/\/www.europesays.com\/fi\/wp-json\/wp\/v2\/posts\/92616","targetHints":{"allow":["GET"]}}],"collection":[{"href":"https:\/\/www.europesays.com\/fi\/wp-json\/wp\/v2\/posts"}],"about":[{"href":"https:\/\/www.europesays.com\/fi\/wp-json\/wp\/v2\/types\/post"}],"author":[{"embeddable":true,"href":"https:\/\/www.europesays.com\/fi\/wp-json\/wp\/v2\/users\/2"}],"replies":[{"embeddable":true,"href":"https:\/\/www.europesays.com\/fi\/wp-json\/wp\/v2\/comments?post=92616"}],"version-history":[{"count":0,"href":"https:\/\/www.europesays.com\/fi\/wp-json\/wp\/v2\/posts\/92616\/revisions"}],"wp:featuredmedia":[{"embeddable":true,"href":"https:\/\/www.europesays.com\/fi\/wp-json\/wp\/v2\/media\/92617"}],"wp:attachment":[{"href":"https:\/\/www.europesays.com\/fi\/wp-json\/wp\/v2\/media?parent=92616"}],"wp:term":[{"taxonomy":"category","embeddable":true,"href":"https:\/\/www.europesays.com\/fi\/wp-json\/wp\/v2\/categories?post=92616"},{"taxonomy":"post_tag","embeddable":true,"href":"https:\/\/www.europesays.com\/fi\/wp-json\/wp\/v2\/tags?post=92616"}],"curies":[{"name":"wp","href":"https:\/\/api.w.org\/{rel}","templated":true}]}}